{"id":14479,"date":"2021-10-07T09:00:43","date_gmt":"2021-10-07T07:00:43","guid":{"rendered":"https:\/\/arteconfort.com\/?p=14479"},"modified":"2021-10-07T09:01:43","modified_gmt":"2021-10-07T07:01:43","slug":"ciclos-circadianos-iluminacion-diaria","status":"publish","type":"post","link":"https:\/\/arteconfort.com\/en\/ventilador-de-techo-en\/ciclos-circadianos-iluminacion-diaria\/","title":{"rendered":"How lighting affects our daily lives"},"content":{"rendered":"<div class=\"wpb-content-wrapper\"><p>[vc_row][vc_column][vc_empty_space][wyde_heading style=&#8221;2&#8243; text_align=&#8221;center&#8221; title=&#8221;The importance of circadian rhythms&#8221;][vc_empty_space][vc_column_text]Although we may not be aware of it, almost everything in our lives revolves around lighting and, as a result, we adapt our day-to-day lives to the<strong> type of lighting that surrounds us<\/strong>. Every factor in light has an impact on us, however small it may be. An example of this is the two time changes we experience throughout the year, which can sometimes disrupt our <strong>internal biological clock<\/strong>.<\/p>\n<p>This is due to what are known as circadian rhythms, &#8220;physical, mental and behavioural changes that follow a 24-hour cycle,&#8221; the National Institute of General Medical Sciences reports on its <a href=\"https:\/\/www.nigms.nih.gov\/education\/fact-sheets\/Pages\/circadian-rhythms-spanish.aspx\" target=\"_blank\" rel=\"noopener noreferrer\">website<\/a>, and which are governed by the hours of light and darkness.<\/p>\n<p>Circadian rhythms, in turn, are related to the internal biological clock, located in the hypothalamus of the brain, which is responsible for <strong>synchronising and adapting<\/strong> rhythms 24 hours a day.<\/p>\n<p>For example, when we travel to another time zone we talk about <strong>jet lag<\/strong>, or jet lag in English, which means that our body clock is at a different time than other parts of our body, such as the intestine, the liver, the brain, etc. Therefore, we usually need time to <strong>adapt to the new situation<\/strong>.<\/p>\n<p>This is not only true for people, but also for animals, plants and microbes.[\/vc_column_text][vc_empty_space height=&#8221;60px&#8221;][vc_single_image img_size=&#8221;medium&#8221; alignment=&#8221;center&#8221; image=&#8221;14381&#8243;][vc_empty_space height=&#8221;100px&#8221;][\/vc_column][\/vc_row][vc_row][vc_column][wyde_heading style=&#8221;2&#8243; text_align=&#8221;center&#8221; title=&#8221;How circadian rhythms influence our lives&#8221;][vc_empty_space][vc_column_text]In that sense, circadian rhythms have an impact on various functions in our body. As in:<\/p>\n<ul>\n<li>Body temperature.<\/li>\n<li>Hormone release.<\/li>\n<li>Eating and therefore digestion habits.<\/li>\n<\/ul>\n<p>And, of course, in sleep where the <strong>suprachiasmatic nucleus<\/strong> (SCN) is the centre for regulating circadian rhythms and controlling the production of melatonin, the hormone that produces sleepiness. It receives information about the type of light entering the optic nerves and transmits it from the eyes to the brain.<\/p>\n<p>When our body receives less light, the NSQ signals the brain to make <strong>more melatonin to generate sleep<\/strong>.[\/vc_column_text][vc_empty_space height=&#8221;60px&#8221;][vc_single_image img_size=&#8221;medium&#8221; alignment=&#8221;center&#8221; image=&#8221;14116&#8243;][vc_empty_space height=&#8221;60px&#8221;][vc_column_text]This is why during the autumn and winter seasons, when we are exposed to less sunlight, we may feel more tired and in a lower mood. The type of lighting affects us not only physically, but also psychologically.<\/p>\n<p>In fact, one of the reasons why it was proposed to eliminate the two time changes we experience every year was for that reason. However, in the end, this will not be done and we will make the<strong> change in the early hours of 30 to 31 October<\/strong>, where 3:00 will be changed to 2:00.[\/vc_column_text][vc_empty_space height=&#8221;100px&#8221;][\/vc_column][\/vc_row][vc_row][vc_column][wyde_heading style=&#8221;2&#8243; text_align=&#8221;center&#8221; title=&#8221;Ceiling fans to regulate circadian rhythms&#8221;][vc_empty_space][vc_column_text]To help regulate the biological clock due to the changes in the hours and lighting to which our body is subjected,<a href=\"https:\/\/arteconfort.com\/en\/climatizacion\/ventiladores-de-techo\/\" target=\"_blank\" rel=\"noopener noreferrer\"> ceiling fans<\/a> with colour <strong>temperature regulation<\/strong> (warm, neutral and cool) are increasingly in demand, as they help us to balance our circadian rhythms.<\/p>\n<p style=\"text-align: left\">Imagine that you have a <a href=\"https:\/\/arteconfort.com\/producto\/climatizacion\/ventiladores-de-techo\/bora-pro\/\" target=\"_blank\" rel=\"noopener noreferrer\">BORA PRO<\/a> ceiling fan in your bedroom, you have just woken up and you <strong>select the colour temperature<\/strong> with the remote control of the article, choosing a neutral tone. Then you go into the shower, start to get dressed and turn the light up a notch, this time to cool light.<\/p>\n<p>[\/vc_column_text][vc_empty_space height=&#8221;60px&#8221;][vc_single_image img_size=&#8221;medium&#8221; alignment=&#8221;center&#8221; image=&#8221;14105&#8243;][vc_empty_space height=&#8221;60px&#8221;][vc_column_text]What do we achieve by doing this? We help the body to gradually adapt, especially our internal organs. If you are one of those people who get up and can&#8217;t eat breakfast, it is for this reason, because your body is probably not yet activated. It has been proven that cold light, as it resembles <strong>natural light<\/strong>, is associated by the brain with waking up and being active, while <strong>warm light<\/strong> is recommended for rest.<\/p>\n<p>Sometimes we leave the house to go to the office at night and come out of the office without light again. That is why it is important to have lighting at home that allows you to dim and <strong>change the temperature of the light<\/strong>.<\/p>\n<p>Most of our <strong>ceiling fans<\/strong> take into account the importance of this and therefore incorporate dimming and 3 colour temperatures:<\/p>\n<ul>\n<li><strong>Warm light<\/strong>: 3000K.<\/li>\n<li><strong>Neutral light<\/strong>: 4000K.<\/li>\n<li><strong>Cold light<\/strong>: 5500K.<\/li>\n<\/ul>\n<p>[\/vc_column_text][vc_empty_space height=&#8221;100px&#8221;][vc_row_inner][vc_column_inner width=&#8221;1\/3&#8243;][wyde_banner title_tag=&#8221;h5&#8243; banner_style=&#8221;2&#8243; title=&#8221;Ceiling fans <strong>AVEIRO PRO<\/strong>&#8221; heading_color=&#8221;#ffffff&#8221; subheading_color=&#8221;#ffffff&#8221; image=&#8221;13277&#8243; link=&#8221;url:https%3A%2F%2Farteconfort.com%2Fen%2Fproducto%2Fclimatizacion-en%2Fventiladores-de-techo-en%2Faveiro-pro%2F||target:%20_blank|&#8221;][\/vc_column_inner][vc_column_inner width=&#8221;1\/3&#8243;][wyde_banner title_tag=&#8221;h5&#8243; banner_style=&#8221;2&#8243; title=&#8221;Ceiling fans <strong>CONIL<\/strong>&#8221; heading_color=&#8221;#ffffff&#8221; subheading_color=&#8221;#ffffff&#8221; image=&#8221;4183&#8243; link=&#8221;url:https%3A%2F%2Farteconfort.com%2Fen%2Fproducto%2Fclimatizacion-en%2Fventiladores-de-techo-en%2Fconil%2F||target:%20_blank|&#8221;][\/vc_column_inner][vc_column_inner width=&#8221;1\/3&#8243;][wyde_banner title_tag=&#8221;h5&#8243; banner_style=&#8221;2&#8243; title=&#8221;Ceiling fans <strong>CIES PLUS<\/strong>&#8221; image=&#8221;1997&#8243; link=&#8221;url:https%3A%2F%2Farteconfort.com%2Fen%2Fproducto%2Fclimatizacion-en%2Fventiladores-de-techo-en%2Fcies-plus%2F||target:%20_blank|&#8221; heading_color=&#8221;#ffffff&#8221; subheading_color=&#8221;#ffffff&#8221;][\/vc_column_inner][\/vc_row_inner][vc_empty_space height=&#8221;100px&#8221;][\/vc_column][\/vc_row][vc_row][vc_column][wyde_heading style=&#8221;2&#8243; text_align=&#8221;center&#8221; title=&#8221;Tips for balancing our biological clock&#8221;][vc_empty_space][vc_column_text]As we have explained, circadian rhythms mark our daily lives, so it is important to have a <strong>series of guidelines<\/strong> that help us to balance our internal clock:<\/p>\n<ul>\n<li><strong>Avoid using screens before going to sleep<\/strong>, as the type of light emitted by mobile phones, for example, puts our brains on alert and keeps us awake.<\/li>\n<li>Try to <strong>incorporate a warm light in your bedroom<\/strong> that favours the relaxation of your body. The easiest thing to do in this case would be to incorporate a dimmer to play with the type of lighting according to the activity you want to do.<\/li>\n<li>Whereas, for work or <strong>concentration, use cool lights<\/strong>, which are ideal for greater concentration and productivity.<\/li>\n<\/ul>\n<p>In short, our body is a great biological clock that needs a timetable, which is why it is important to live according to the natural rhythm of light and darkness, as the various changes in our circadian rhythms can not only affect our sleep, but can also lead to <strong>other types of medical conditions<\/strong>.[\/vc_column_text][vc_empty_space height=&#8221;120px&#8221;][\/vc_column][\/vc_row][vc_row][vc_column width=&#8221;3\/4&#8243;][wyde_action_box style=&#8221;outline round&#8221; title=&#8221;Discover our colour temperature ceiling fans&#8221; bg_color=&#8221;#f5f5f5&#8243; button_text=&#8221;More information&#8221; link=&#8221;url:https%3A%2F%2Farteconfort.com%2Fen%2Fclimatizacion%2Fventiladores-de-techo%2F||target:%20_blank|&#8221; color=&#8221;#61b4e4&#8243; css=&#8221;.vc_custom_1633587915997{background-color: #f5f5f5 !important;}&#8221;]Discover our ceiling fans with 3 colour temperatures to regulate circadian rhythms.[\/wyde_action_box][vc_empty_space height=&#8221;60px&#8221;][\/vc_column][vc_column width=&#8221;1\/4&#8243;][vc_single_image img_size=&#8221;medium&#8221; style=&#8221;circle&#8221; image=&#8221;9161&#8243;][vc_empty_space height=&#8221;60px&#8221;][\/vc_column][\/vc_row]<\/p>\n<\/div>","protected":false},"excerpt":{"rendered":"<p>[vc_row][vc_column][vc_empty_space][wyde_heading style=&#8221;2&#8243; text_align=&#8221;center&#8221; title=&#8221;The importance of circadian rhythms&#8221;][vc_empty_space][vc_column_text]Although we may not be aware of it, almost everything in our lives revolves around lighting and, as a result, we adapt our day-to-day lives to the type of lighting that surrounds us. Every factor in light has an impact on us, however small it may be. An [&hellip;]<\/p>\n","protected":false},"author":1,"featured_media":14473,"comment_status":"closed","ping_status":"open","sticky":false,"template":"","format":"standard","meta":{"footnotes":""},"categories":[208,209],"tags":[],"class_list":["post-14479","post","type-post","status-publish","format-standard","has-post-thumbnail","hentry","category-guias-ventiladores-en","category-ventilador-de-techo-en"],"yoast_head":"<!-- This site is optimized with the Yoast SEO plugin v26.5 - https:\/\/yoast.com\/wordpress\/plugins\/seo\/ -->\n<title>\u25b7 How lighting affects our daily lives<\/title>\n<meta name=\"description\" content=\"La iluminaci\u00f3n es un aspecto b\u00e1sico en nuestro d\u00eda a d\u00eda. Los ritmos circadianos influyen en nuestro d\u00eda a d\u00eda m\u00e1s de lo que creemos\" \/>\n<meta name=\"robots\" content=\"index, follow, max-snippet:-1, max-image-preview:large, max-video-preview:-1\" \/>\n<link rel=\"canonical\" href=\"https:\/\/arteconfort.com\/en\/ventilador-de-techo-en\/ciclos-circadianos-iluminacion-diaria\/\" \/>\n<meta property=\"og:locale\" content=\"en_US\" \/>\n<meta property=\"og:type\" content=\"article\" \/>\n<meta property=\"og:title\" content=\"\u25b7 How lighting affects our daily lives\" \/>\n<meta property=\"og:description\" content=\"La iluminaci\u00f3n es un aspecto b\u00e1sico en nuestro d\u00eda a d\u00eda. Los ritmos circadianos influyen en nuestro d\u00eda a d\u00eda m\u00e1s de lo que creemos\" \/>\n<meta property=\"og:url\" content=\"https:\/\/arteconfort.com\/en\/ventilador-de-techo-en\/ciclos-circadianos-iluminacion-diaria\/\" \/>\n<meta property=\"og:site_name\" content=\"Arteconfort\" \/>\n<meta property=\"article:published_time\" content=\"2021-10-07T07:00:43+00:00\" \/>\n<meta property=\"article:modified_time\" content=\"2021-10-07T07:01:43+00:00\" \/>\n<meta property=\"og:image\" content=\"https:\/\/arteconfort.com\/wp-content\/uploads\/2021\/10\/ritmos.jpg\" \/>\n\t<meta property=\"og:image:width\" content=\"800\" \/>\n\t<meta property=\"og:image:height\" content=\"500\" \/>\n\t<meta property=\"og:image:type\" content=\"image\/jpeg\" \/>\n<meta name=\"author\" content=\"admin\" \/>\n<meta name=\"twitter:card\" content=\"summary_large_image\" \/>\n<meta name=\"twitter:label1\" content=\"Written by\" \/>\n\t<meta name=\"twitter:data1\" content=\"admin\" \/>\n\t<meta name=\"twitter:label2\" content=\"Est. reading time\" \/>\n\t<meta name=\"twitter:data2\" content=\"6 minutes\" \/>\n<!-- \/ Yoast SEO plugin. -->","yoast_head_json":{"title":"\u25b7 How lighting affects our daily lives","description":"La iluminaci\u00f3n es un aspecto b\u00e1sico en nuestro d\u00eda a d\u00eda. Los ritmos circadianos influyen en nuestro d\u00eda a d\u00eda m\u00e1s de lo que creemos","robots":{"index":"index","follow":"follow","max-snippet":"max-snippet:-1","max-image-preview":"max-image-preview:large","max-video-preview":"max-video-preview:-1"},"canonical":"https:\/\/arteconfort.com\/en\/ventilador-de-techo-en\/ciclos-circadianos-iluminacion-diaria\/","og_locale":"en_US","og_type":"article","og_title":"\u25b7 How lighting affects our daily lives","og_description":"La iluminaci\u00f3n es un aspecto b\u00e1sico en nuestro d\u00eda a d\u00eda. Los ritmos circadianos influyen en nuestro d\u00eda a d\u00eda m\u00e1s de lo que creemos","og_url":"https:\/\/arteconfort.com\/en\/ventilador-de-techo-en\/ciclos-circadianos-iluminacion-diaria\/","og_site_name":"Arteconfort","article_published_time":"2021-10-07T07:00:43+00:00","article_modified_time":"2021-10-07T07:01:43+00:00","og_image":[{"width":800,"height":500,"url":"https:\/\/arteconfort.com\/wp-content\/uploads\/2021\/10\/ritmos.jpg","type":"image\/jpeg"}],"author":"admin","twitter_card":"summary_large_image","twitter_misc":{"Written by":"admin","Est. reading time":"6 minutes"},"schema":{"@context":"https:\/\/schema.org","@graph":[{"@type":"Article","@id":"https:\/\/arteconfort.com\/en\/ventilador-de-techo-en\/ciclos-circadianos-iluminacion-diaria\/#article","isPartOf":{"@id":"https:\/\/arteconfort.com\/en\/ventilador-de-techo-en\/ciclos-circadianos-iluminacion-diaria\/"},"author":{"name":"admin","@id":"https:\/\/arteconfort.com\/en\/#\/schema\/person\/12aac2f47430580713e1f2cf74753f81"},"headline":"How lighting affects our daily lives","datePublished":"2021-10-07T07:00:43+00:00","dateModified":"2021-10-07T07:01:43+00:00","mainEntityOfPage":{"@id":"https:\/\/arteconfort.com\/en\/ventilador-de-techo-en\/ciclos-circadianos-iluminacion-diaria\/"},"wordCount":1247,"publisher":{"@id":"https:\/\/arteconfort.com\/en\/#organization"},"image":{"@id":"https:\/\/arteconfort.com\/en\/ventilador-de-techo-en\/ciclos-circadianos-iluminacion-diaria\/#primaryimage"},"thumbnailUrl":"https:\/\/arteconfort.com\/wp-content\/uploads\/2021\/10\/ritmos.jpg","articleSection":["Gu\u00edas de ventiladores de techo","Ventilador de techo"],"inLanguage":"en-US"},{"@type":"WebPage","@id":"https:\/\/arteconfort.com\/en\/ventilador-de-techo-en\/ciclos-circadianos-iluminacion-diaria\/","url":"https:\/\/arteconfort.com\/en\/ventilador-de-techo-en\/ciclos-circadianos-iluminacion-diaria\/","name":"\u25b7 How lighting affects our daily lives","isPartOf":{"@id":"https:\/\/arteconfort.com\/en\/#website"},"primaryImageOfPage":{"@id":"https:\/\/arteconfort.com\/en\/ventilador-de-techo-en\/ciclos-circadianos-iluminacion-diaria\/#primaryimage"},"image":{"@id":"https:\/\/arteconfort.com\/en\/ventilador-de-techo-en\/ciclos-circadianos-iluminacion-diaria\/#primaryimage"},"thumbnailUrl":"https:\/\/arteconfort.com\/wp-content\/uploads\/2021\/10\/ritmos.jpg","datePublished":"2021-10-07T07:00:43+00:00","dateModified":"2021-10-07T07:01:43+00:00","description":"La iluminaci\u00f3n es un aspecto b\u00e1sico en nuestro d\u00eda a d\u00eda. Los ritmos circadianos influyen en nuestro d\u00eda a d\u00eda m\u00e1s de lo que creemos","breadcrumb":{"@id":"https:\/\/arteconfort.com\/en\/ventilador-de-techo-en\/ciclos-circadianos-iluminacion-diaria\/#breadcrumb"},"inLanguage":"en-US","potentialAction":[{"@type":"ReadAction","target":["https:\/\/arteconfort.com\/en\/ventilador-de-techo-en\/ciclos-circadianos-iluminacion-diaria\/"]}]},{"@type":"ImageObject","inLanguage":"en-US","@id":"https:\/\/arteconfort.com\/en\/ventilador-de-techo-en\/ciclos-circadianos-iluminacion-diaria\/#primaryimage","url":"https:\/\/arteconfort.com\/wp-content\/uploads\/2021\/10\/ritmos.jpg","contentUrl":"https:\/\/arteconfort.com\/wp-content\/uploads\/2021\/10\/ritmos.jpg","width":800,"height":500,"caption":"Cabecera de las fases del sol ritmos circadianos"},{"@type":"BreadcrumbList","@id":"https:\/\/arteconfort.com\/en\/ventilador-de-techo-en\/ciclos-circadianos-iluminacion-diaria\/#breadcrumb","itemListElement":[{"@type":"ListItem","position":1,"name":"Inicio","item":"https:\/\/arteconfort.com\/en\/"},{"@type":"ListItem","position":2,"name":"Ventilador de techo","item":"https:\/\/arteconfort.com\/en\/ventilador-de-techo-en\/"},{"@type":"ListItem","position":3,"name":"How lighting affects our daily lives"}]},{"@type":"WebSite","@id":"https:\/\/arteconfort.com\/en\/#website","url":"https:\/\/arteconfort.com\/en\/","name":"Arteconfort","description":"Especialistas en productos del hogar","publisher":{"@id":"https:\/\/arteconfort.com\/en\/#organization"},"potentialAction":[{"@type":"SearchAction","target":{"@type":"EntryPoint","urlTemplate":"https:\/\/arteconfort.com\/en\/?s={search_term_string}"},"query-input":{"@type":"PropertyValueSpecification","valueRequired":true,"valueName":"search_term_string"}}],"inLanguage":"en-US"},{"@type":"Organization","@id":"https:\/\/arteconfort.com\/en\/#organization","name":"Arteconfort","url":"https:\/\/arteconfort.com\/en\/","logo":{"@type":"ImageObject","inLanguage":"en-US","@id":"https:\/\/arteconfort.com\/en\/#\/schema\/logo\/image\/","url":"https:\/\/arteconfort.com\/wp-content\/uploads\/2019\/07\/logo-arteconfort.png","contentUrl":"https:\/\/arteconfort.com\/wp-content\/uploads\/2019\/07\/logo-arteconfort.png","width":230,"height":88,"caption":"Arteconfort"},"image":{"@id":"https:\/\/arteconfort.com\/en\/#\/schema\/logo\/image\/"}},{"@type":"Person","@id":"https:\/\/arteconfort.com\/en\/#\/schema\/person\/12aac2f47430580713e1f2cf74753f81","name":"admin"}]}},"_links":{"self":[{"href":"https:\/\/arteconfort.com\/en\/wp-json\/wp\/v2\/posts\/14479","targetHints":{"allow":["GET"]}}],"collection":[{"href":"https:\/\/arteconfort.com\/en\/wp-json\/wp\/v2\/posts"}],"about":[{"href":"https:\/\/arteconfort.com\/en\/wp-json\/wp\/v2\/types\/post"}],"author":[{"embeddable":true,"href":"https:\/\/arteconfort.com\/en\/wp-json\/wp\/v2\/users\/1"}],"replies":[{"embeddable":true,"href":"https:\/\/arteconfort.com\/en\/wp-json\/wp\/v2\/comments?post=14479"}],"version-history":[{"count":0,"href":"https:\/\/arteconfort.com\/en\/wp-json\/wp\/v2\/posts\/14479\/revisions"}],"wp:featuredmedia":[{"embeddable":true,"href":"https:\/\/arteconfort.com\/en\/wp-json\/wp\/v2\/media\/14473"}],"wp:attachment":[{"href":"https:\/\/arteconfort.com\/en\/wp-json\/wp\/v2\/media?parent=14479"}],"wp:term":[{"taxonomy":"category","embeddable":true,"href":"https:\/\/arteconfort.com\/en\/wp-json\/wp\/v2\/categories?post=14479"},{"taxonomy":"post_tag","embeddable":true,"href":"https:\/\/arteconfort.com\/en\/wp-json\/wp\/v2\/tags?post=14479"}],"curies":[{"name":"wp","href":"https:\/\/api.w.org\/{rel}","templated":true}]}}