{"id":14966,"date":"2021-11-04T12:40:01","date_gmt":"2021-11-04T11:40:01","guid":{"rendered":"https:\/\/arteconfort.com\/?p=14966"},"modified":"2021-11-04T13:39:54","modified_gmt":"2021-11-04T12:39:54","slug":"iluminacion-solar-aliada-apagon-electrico","status":"publish","type":"post","link":"https:\/\/arteconfort.com\/en\/iluminacion-solar-exterior-en\/iluminacion-solar-aliada-apagon-electrico\/","title":{"rendered":"Solar lighting: an ally in the face of a possible global power blackout"},"content":{"rendered":"<div class=\"wpb-content-wrapper\"><p>[vc_row][vc_column][vc_column_text]It seems that in recent years we have been immersed in a fictional film, in the purest Mad Max style. In the midst of a health crisis, <a href=\"https:\/\/arteconfort.com\/ventilador-de-techo\/subida-luz-como-ahorrar-en-tu-factura\/\">rising electricity<\/a> and raw material prices and supply shortages, Europe is warning of a possible blackout, i.e. a generalised <strong>blackout<\/strong> that will affect the whole of Europe.<\/p>\n<p>Who has sounded the alarm? A few weeks ago, Austria started advising its citizens to prepare for the hypothetical &#8220;big blackout&#8221; that is reported to take <strong>place in the next 5 years<\/strong>.<\/p>\n<p>In the face of all the alarmism that is sweeping the streets of European cities, it should be remembered that, if this happens, it will not be the first time we have experienced something similar. In the case of Spain, during the <strong>Filomena storm<\/strong>, many homes were left without water or electricity, or even both. Meanwhile, in the rest of Europe,<strong> Italy suffered a blackout in 2003<\/strong> that lasted 24 hours, or London and Germany in 2006, in October and November, respectively.[\/vc_column_text][vc_empty_space height=&#8221;100px&#8221;][\/vc_column][\/vc_row][vc_row][vc_column][wyde_heading style=&#8221;2&#8243; text_align=&#8221;center&#8221; title=&#8221;Solar lighting to cope with the blackout predicted by Austria&#8221;][vc_column_text]In the last two years we have learned to live from day to day and to <strong>prepare ourselves for what the future may bring<\/strong>. Therefore, while Europe warns of a possible energy blackout, solar products are becoming the protagonists and our great allies, as they do not require the electricity grid to generate light, simply that the <a href=\"https:\/\/arteconfort.com\/en\/iluminacion-solar-exterior-en\/funcionamiento-de-los-paneles-solares\/\">solar panels<\/a> are exposed to the sun&#8217;s rays.<\/p>\n<p>One of the most popular products is the <a href=\"https:\/\/arteconfort.com\/en\/producto\/solar-en\/iluminacion-solar-de-pared-en\/set-hidra\/\">SET HIDRA<\/a>, a solar kit of bulbs and battery with several charging ports. As well as the <a href=\"https:\/\/arteconfort.com\/en\/producto\/solar-en\/iluminacion-solar-de-pared-en\/kore-m\/\">KORE M<\/a> adjustable solar spotlight or the <a href=\"https:\/\/arteconfort.com\/en\/producto\/solar-en\/iluminacion-solar-de-pared-en\/nizar\/\">NIZAR<\/a> solar wall lights.[\/vc_column_text][vc_empty_space height=&#8221;40px&#8221;]<div class=\"woocommerce columns-5 \"><ul class=\"products w-grid-space clear columns-5\">\r\n<li class=\"product type-product post-10402 status-publish first instock product_cat-descatalogados-en product_cat-iluminacion-en has-post-thumbnail shipping-taxable product-type-external w-item five-cols\">\n\t<figure><div class=\"image-wrapper\">\t\t<a href=\"https:\/\/arteconfort.com\/en\/producto\/nizar\/\" class=\"w-fadeslider\">\n\t<img loading=\"lazy\" decoding=\"async\" width=\"1024\" height=\"1024\" src=\"https:\/\/arteconfort.com\/wp-content\/uploads\/2023\/10\/NIZAR.webp\" class=\"attachment-shop_catalog size-shop_catalog wp-post-image\" alt=\"Foco solar de pared NIZAR\" srcset=\"https:\/\/arteconfort.com\/wp-content\/uploads\/2023\/10\/NIZAR.webp 1024w, https:\/\/arteconfort.com\/wp-content\/uploads\/2023\/10\/NIZAR-768x768.webp 768w, https:\/\/arteconfort.com\/wp-content\/uploads\/2023\/10\/NIZAR-340x340.webp 340w, https:\/\/arteconfort.com\/wp-content\/uploads\/2023\/10\/NIZAR-640x640.webp 640w, https:\/\/arteconfort.com\/wp-content\/uploads\/2023\/10\/NIZAR-960x960.webp 960w, https:\/\/arteconfort.com\/wp-content\/uploads\/2023\/10\/NIZAR-300x300.webp 300w, https:\/\/arteconfort.com\/wp-content\/uploads\/2023\/10\/NIZAR-600x600.webp 600w, https:\/\/arteconfort.com\/wp-content\/uploads\/2023\/10\/NIZAR-100x100.webp 100w, https:\/\/arteconfort.com\/wp-content\/uploads\/2023\/10\/NIZAR-133x133.webp 133w\" sizes=\"auto, (max-width: 1024px) 100vw, 1024px\" \/>\t<img loading=\"lazy\" decoding=\"async\" width=\"1024\" height=\"1024\" src=\"https:\/\/arteconfort.com\/wp-content\/uploads\/2023\/10\/NIZAR-blanco-ambiente.webp\" class=\"attachment-shop_catalog size-shop_catalog\" alt=\"Solar NIZAR ambiente\" srcset=\"https:\/\/arteconfort.com\/wp-content\/uploads\/2023\/10\/NIZAR-blanco-ambiente.webp 1024w, https:\/\/arteconfort.com\/wp-content\/uploads\/2023\/10\/NIZAR-blanco-ambiente-768x768.webp 768w, https:\/\/arteconfort.com\/wp-content\/uploads\/2023\/10\/NIZAR-blanco-ambiente-340x340.webp 340w, https:\/\/arteconfort.com\/wp-content\/uploads\/2023\/10\/NIZAR-blanco-ambiente-640x640.webp 640w, https:\/\/arteconfort.com\/wp-content\/uploads\/2023\/10\/NIZAR-blanco-ambiente-960x960.webp 960w, https:\/\/arteconfort.com\/wp-content\/uploads\/2023\/10\/NIZAR-blanco-ambiente-133x133.webp 133w, https:\/\/arteconfort.com\/wp-content\/uploads\/2023\/10\/NIZAR-blanco-ambiente-300x300.webp 300w, https:\/\/arteconfort.com\/wp-content\/uploads\/2023\/10\/NIZAR-blanco-ambiente-600x600.webp 600w, https:\/\/arteconfort.com\/wp-content\/uploads\/2023\/10\/NIZAR-blanco-ambiente-100x100.webp 100w\" sizes=\"auto, (max-width: 1024px) 100vw, 1024px\" \/><img loading=\"lazy\" decoding=\"async\" width=\"1024\" height=\"1024\" src=\"https:\/\/arteconfort.com\/wp-content\/uploads\/2023\/10\/NIZAR-3.webp\" class=\"attachment-shop_catalog size-shop_catalog\" alt=\"Foco solar de pared NIZAR\" srcset=\"https:\/\/arteconfort.com\/wp-content\/uploads\/2023\/10\/NIZAR-3.webp 1024w, https:\/\/arteconfort.com\/wp-content\/uploads\/2023\/10\/NIZAR-3-768x768.webp 768w, https:\/\/arteconfort.com\/wp-content\/uploads\/2023\/10\/NIZAR-3-340x340.webp 340w, https:\/\/arteconfort.com\/wp-content\/uploads\/2023\/10\/NIZAR-3-640x640.webp 640w, https:\/\/arteconfort.com\/wp-content\/uploads\/2023\/10\/NIZAR-3-960x960.webp 960w, https:\/\/arteconfort.com\/wp-content\/uploads\/2023\/10\/NIZAR-3-133x133.webp 133w, https:\/\/arteconfort.com\/wp-content\/uploads\/2023\/10\/NIZAR-3-300x300.webp 300w, https:\/\/arteconfort.com\/wp-content\/uploads\/2023\/10\/NIZAR-3-600x600.webp 600w, https:\/\/arteconfort.com\/wp-content\/uploads\/2023\/10\/NIZAR-3-100x100.webp 100w\" sizes=\"auto, (max-width: 1024px) 100vw, 1024px\" \/><img loading=\"lazy\" decoding=\"async\" width=\"1024\" height=\"1024\" src=\"https:\/\/arteconfort.com\/wp-content\/uploads\/2023\/10\/NIZAR-5.webp\" class=\"attachment-shop_catalog size-shop_catalog\" alt=\"Foco solar de pared NIZAR\" srcset=\"https:\/\/arteconfort.com\/wp-content\/uploads\/2023\/10\/NIZAR-5.webp 1024w, https:\/\/arteconfort.com\/wp-content\/uploads\/2023\/10\/NIZAR-5-768x768.webp 768w, https:\/\/arteconfort.com\/wp-content\/uploads\/2023\/10\/NIZAR-5-340x340.webp 340w, https:\/\/arteconfort.com\/wp-content\/uploads\/2023\/10\/NIZAR-5-640x640.webp 640w, https:\/\/arteconfort.com\/wp-content\/uploads\/2023\/10\/NIZAR-5-960x960.webp 960w, https:\/\/arteconfort.com\/wp-content\/uploads\/2023\/10\/NIZAR-5-133x133.webp 133w, https:\/\/arteconfort.com\/wp-content\/uploads\/2023\/10\/NIZAR-5-300x300.webp 300w, https:\/\/arteconfort.com\/wp-content\/uploads\/2023\/10\/NIZAR-5-600x600.webp 600w, https:\/\/arteconfort.com\/wp-content\/uploads\/2023\/10\/NIZAR-5-100x100.webp 100w\" sizes=\"auto, (max-width: 1024px) 100vw, 1024px\" \/><img loading=\"lazy\" decoding=\"async\" width=\"1024\" height=\"1024\" src=\"https:\/\/arteconfort.com\/wp-content\/uploads\/2023\/10\/NIZAR-4.webp\" class=\"attachment-shop_catalog size-shop_catalog\" alt=\"Foco solar de pared NIZAR\" srcset=\"https:\/\/arteconfort.com\/wp-content\/uploads\/2023\/10\/NIZAR-4.webp 1024w, https:\/\/arteconfort.com\/wp-content\/uploads\/2023\/10\/NIZAR-4-768x768.webp 768w, https:\/\/arteconfort.com\/wp-content\/uploads\/2023\/10\/NIZAR-4-340x340.webp 340w, https:\/\/arteconfort.com\/wp-content\/uploads\/2023\/10\/NIZAR-4-640x640.webp 640w, https:\/\/arteconfort.com\/wp-content\/uploads\/2023\/10\/NIZAR-4-960x960.webp 960w, https:\/\/arteconfort.com\/wp-content\/uploads\/2023\/10\/NIZAR-4-133x133.webp 133w, https:\/\/arteconfort.com\/wp-content\/uploads\/2023\/10\/NIZAR-4-300x300.webp 300w, https:\/\/arteconfort.com\/wp-content\/uploads\/2023\/10\/NIZAR-4-600x600.webp 600w, https:\/\/arteconfort.com\/wp-content\/uploads\/2023\/10\/NIZAR-4-100x100.webp 100w\" sizes=\"auto, (max-width: 1024px) 100vw, 1024px\" \/><img loading=\"lazy\" decoding=\"async\" width=\"1024\" height=\"1024\" src=\"https:\/\/arteconfort.com\/wp-content\/uploads\/2023\/10\/NIZAR-NEGRO-3.webp\" class=\"attachment-shop_catalog size-shop_catalog\" alt=\"Solar NIZAR negro\" srcset=\"https:\/\/arteconfort.com\/wp-content\/uploads\/2023\/10\/NIZAR-NEGRO-3.webp 1024w, https:\/\/arteconfort.com\/wp-content\/uploads\/2023\/10\/NIZAR-NEGRO-3-768x768.webp 768w, https:\/\/arteconfort.com\/wp-content\/uploads\/2023\/10\/NIZAR-NEGRO-3-340x340.webp 340w, https:\/\/arteconfort.com\/wp-content\/uploads\/2023\/10\/NIZAR-NEGRO-3-640x640.webp 640w, https:\/\/arteconfort.com\/wp-content\/uploads\/2023\/10\/NIZAR-NEGRO-3-960x960.webp 960w, https:\/\/arteconfort.com\/wp-content\/uploads\/2023\/10\/NIZAR-NEGRO-3-133x133.webp 133w, https:\/\/arteconfort.com\/wp-content\/uploads\/2023\/10\/NIZAR-NEGRO-3-300x300.webp 300w, https:\/\/arteconfort.com\/wp-content\/uploads\/2023\/10\/NIZAR-NEGRO-3-600x600.webp 600w, https:\/\/arteconfort.com\/wp-content\/uploads\/2023\/10\/NIZAR-NEGRO-3-100x100.webp 100w\" sizes=\"auto, (max-width: 1024px) 100vw, 1024px\" \/><img loading=\"lazy\" decoding=\"async\" width=\"1024\" height=\"1024\" src=\"https:\/\/arteconfort.com\/wp-content\/uploads\/2023\/10\/NIZAR-NEGRO.webp\" class=\"attachment-shop_catalog size-shop_catalog\" alt=\"Solar NIZAR negro\" srcset=\"https:\/\/arteconfort.com\/wp-content\/uploads\/2023\/10\/NIZAR-NEGRO.webp 1024w, https:\/\/arteconfort.com\/wp-content\/uploads\/2023\/10\/NIZAR-NEGRO-768x768.webp 768w, https:\/\/arteconfort.com\/wp-content\/uploads\/2023\/10\/NIZAR-NEGRO-340x340.webp 340w, https:\/\/arteconfort.com\/wp-content\/uploads\/2023\/10\/NIZAR-NEGRO-640x640.webp 640w, https:\/\/arteconfort.com\/wp-content\/uploads\/2023\/10\/NIZAR-NEGRO-960x960.webp 960w, https:\/\/arteconfort.com\/wp-content\/uploads\/2023\/10\/NIZAR-NEGRO-133x133.webp 133w, https:\/\/arteconfort.com\/wp-content\/uploads\/2023\/10\/NIZAR-NEGRO-300x300.webp 300w, https:\/\/arteconfort.com\/wp-content\/uploads\/2023\/10\/NIZAR-NEGRO-600x600.webp 600w, https:\/\/arteconfort.com\/wp-content\/uploads\/2023\/10\/NIZAR-NEGRO-100x100.webp 100w\" sizes=\"auto, (max-width: 1024px) 100vw, 1024px\" \/><img loading=\"lazy\" decoding=\"async\" width=\"1024\" height=\"1024\" src=\"https:\/\/arteconfort.com\/wp-content\/uploads\/2023\/10\/NIZAR-NEGRO-6.webp\" class=\"attachment-shop_catalog size-shop_catalog\" alt=\"Solar NIZAR sensor\" srcset=\"https:\/\/arteconfort.com\/wp-content\/uploads\/2023\/10\/NIZAR-NEGRO-6.webp 1024w, https:\/\/arteconfort.com\/wp-content\/uploads\/2023\/10\/NIZAR-NEGRO-6-768x768.webp 768w, https:\/\/arteconfort.com\/wp-content\/uploads\/2023\/10\/NIZAR-NEGRO-6-340x340.webp 340w, https:\/\/arteconfort.com\/wp-content\/uploads\/2023\/10\/NIZAR-NEGRO-6-640x640.webp 640w, https:\/\/arteconfort.com\/wp-content\/uploads\/2023\/10\/NIZAR-NEGRO-6-960x960.webp 960w, https:\/\/arteconfort.com\/wp-content\/uploads\/2023\/10\/NIZAR-NEGRO-6-133x133.webp 133w, https:\/\/arteconfort.com\/wp-content\/uploads\/2023\/10\/NIZAR-NEGRO-6-300x300.webp 300w, https:\/\/arteconfort.com\/wp-content\/uploads\/2023\/10\/NIZAR-NEGRO-6-600x600.webp 600w, https:\/\/arteconfort.com\/wp-content\/uploads\/2023\/10\/NIZAR-NEGRO-6-100x100.webp 100w\" sizes=\"auto, (max-width: 1024px) 100vw, 1024px\" \/><img loading=\"lazy\" decoding=\"async\" width=\"1024\" height=\"1024\" src=\"https:\/\/arteconfort.com\/wp-content\/uploads\/2023\/10\/NIZAR-NEGRO-4.webp\" class=\"attachment-shop_catalog size-shop_catalog\" alt=\"Solar NIZAR panel\" srcset=\"https:\/\/arteconfort.com\/wp-content\/uploads\/2023\/10\/NIZAR-NEGRO-4.webp 1024w, https:\/\/arteconfort.com\/wp-content\/uploads\/2023\/10\/NIZAR-NEGRO-4-768x768.webp 768w, https:\/\/arteconfort.com\/wp-content\/uploads\/2023\/10\/NIZAR-NEGRO-4-340x340.webp 340w, https:\/\/arteconfort.com\/wp-content\/uploads\/2023\/10\/NIZAR-NEGRO-4-640x640.webp 640w, https:\/\/arteconfort.com\/wp-content\/uploads\/2023\/10\/NIZAR-NEGRO-4-960x960.webp 960w, https:\/\/arteconfort.com\/wp-content\/uploads\/2023\/10\/NIZAR-NEGRO-4-133x133.webp 133w, https:\/\/arteconfort.com\/wp-content\/uploads\/2023\/10\/NIZAR-NEGRO-4-300x300.webp 300w, https:\/\/arteconfort.com\/wp-content\/uploads\/2023\/10\/NIZAR-NEGRO-4-600x600.webp 600w, https:\/\/arteconfort.com\/wp-content\/uploads\/2023\/10\/NIZAR-NEGRO-4-100x100.webp 100w\" sizes=\"auto, (max-width: 1024px) 100vw, 1024px\" \/>\t<\/a>\n\t<div class=\"w-product-status\"><\/div>\t<span id=\"woocommerce_loop_add_to_cart_link_describedby_10402\" class=\"screen-reader-text\">\n\t\t\t<\/span>\n<\/div><figcaption><h2 class=\"woocommerce-loop-product__title\">NIZAR<\/h2><div class=\"woocommerce-product-details__short-description\">\n\t<p>Adjustable solar wall light. Made from highly impact-resistant material. A good option to illuminate any environment thanks to<\/div>\n\n<\/figcaption><\/figure><\/li>\n<li class=\"product type-product post-10429 status-publish instock product_cat-iluminacion-solar-de-pared-en product_cat-solar-en has-post-thumbnail shipping-taxable product-type-external w-item five-cols\">\n\t<figure><div class=\"image-wrapper\">\t\t<a href=\"https:\/\/arteconfort.com\/en\/producto\/set-hidra\/\" class=\"w-fadeslider\">\n\t<img loading=\"lazy\" decoding=\"async\" width=\"1024\" height=\"1024\" src=\"https:\/\/arteconfort.com\/wp-content\/uploads\/2023\/10\/HIDRA-SET.webp\" class=\"attachment-shop_catalog size-shop_catalog wp-post-image\" alt=\"HIDRA SET\" srcset=\"https:\/\/arteconfort.com\/wp-content\/uploads\/2023\/10\/HIDRA-SET.webp 1024w, https:\/\/arteconfort.com\/wp-content\/uploads\/2023\/10\/HIDRA-SET-768x768.webp 768w, https:\/\/arteconfort.com\/wp-content\/uploads\/2023\/10\/HIDRA-SET-340x340.webp 340w, https:\/\/arteconfort.com\/wp-content\/uploads\/2023\/10\/HIDRA-SET-640x640.webp 640w, https:\/\/arteconfort.com\/wp-content\/uploads\/2023\/10\/HIDRA-SET-960x960.webp 960w, https:\/\/arteconfort.com\/wp-content\/uploads\/2023\/10\/HIDRA-SET-300x300.webp 300w, https:\/\/arteconfort.com\/wp-content\/uploads\/2023\/10\/HIDRA-SET-600x600.webp 600w, https:\/\/arteconfort.com\/wp-content\/uploads\/2023\/10\/HIDRA-SET-100x100.webp 100w, https:\/\/arteconfort.com\/wp-content\/uploads\/2023\/10\/HIDRA-SET-133x133.webp 133w\" sizes=\"auto, (max-width: 1024px) 100vw, 1024px\" \/>\t<img loading=\"lazy\" decoding=\"async\" width=\"1024\" height=\"1024\" src=\"https:\/\/arteconfort.com\/wp-content\/uploads\/2023\/10\/ambiente-HIDRA-2.webp\" class=\"attachment-shop_catalog size-shop_catalog\" alt=\"Ambiente HIDRA 2\" srcset=\"https:\/\/arteconfort.com\/wp-content\/uploads\/2023\/10\/ambiente-HIDRA-2.webp 1024w, https:\/\/arteconfort.com\/wp-content\/uploads\/2023\/10\/ambiente-HIDRA-2-768x768.webp 768w, https:\/\/arteconfort.com\/wp-content\/uploads\/2023\/10\/ambiente-HIDRA-2-340x340.webp 340w, https:\/\/arteconfort.com\/wp-content\/uploads\/2023\/10\/ambiente-HIDRA-2-640x640.webp 640w, https:\/\/arteconfort.com\/wp-content\/uploads\/2023\/10\/ambiente-HIDRA-2-960x960.webp 960w, https:\/\/arteconfort.com\/wp-content\/uploads\/2023\/10\/ambiente-HIDRA-2-133x133.webp 133w, https:\/\/arteconfort.com\/wp-content\/uploads\/2023\/10\/ambiente-HIDRA-2-300x300.webp 300w, https:\/\/arteconfort.com\/wp-content\/uploads\/2023\/10\/ambiente-HIDRA-2-600x600.webp 600w, https:\/\/arteconfort.com\/wp-content\/uploads\/2023\/10\/ambiente-HIDRA-2-100x100.webp 100w\" sizes=\"auto, (max-width: 1024px) 100vw, 1024px\" \/><img loading=\"lazy\" decoding=\"async\" width=\"1024\" height=\"1024\" src=\"https:\/\/arteconfort.com\/wp-content\/uploads\/2023\/10\/HIDRA.webp\" class=\"attachment-shop_catalog size-shop_catalog\" alt=\"HIDRA BOMBILLA\" srcset=\"https:\/\/arteconfort.com\/wp-content\/uploads\/2023\/10\/HIDRA.webp 1024w, https:\/\/arteconfort.com\/wp-content\/uploads\/2023\/10\/HIDRA-768x768.webp 768w, https:\/\/arteconfort.com\/wp-content\/uploads\/2023\/10\/HIDRA-340x340.webp 340w, https:\/\/arteconfort.com\/wp-content\/uploads\/2023\/10\/HIDRA-640x640.webp 640w, https:\/\/arteconfort.com\/wp-content\/uploads\/2023\/10\/HIDRA-960x960.webp 960w, https:\/\/arteconfort.com\/wp-content\/uploads\/2023\/10\/HIDRA-133x133.webp 133w, https:\/\/arteconfort.com\/wp-content\/uploads\/2023\/10\/HIDRA-300x300.webp 300w, https:\/\/arteconfort.com\/wp-content\/uploads\/2023\/10\/HIDRA-600x600.webp 600w, https:\/\/arteconfort.com\/wp-content\/uploads\/2023\/10\/HIDRA-100x100.webp 100w\" sizes=\"auto, (max-width: 1024px) 100vw, 1024px\" \/>\t<\/a>\n\t<div class=\"w-product-status\"><\/div>\t<span id=\"woocommerce_loop_add_to_cart_link_describedby_10429\" class=\"screen-reader-text\">\n\t\t\t<\/span>\n<\/div><figcaption><h2 class=\"woocommerce-loop-product__title\">SET HIDRA<\/h2><div class=\"woocommerce-product-details__short-description\">\n\t<p>Solar kit with bulbs and battery. The battery has several ports, one for lighting as well as one<\/div>\n\n<\/figcaption><\/figure><\/li>\n<li class=\"product type-product post-10427 status-publish instock product_cat-descatalogados-en has-post-thumbnail shipping-taxable product-type-simple w-item five-cols\">\n\t<figure><div class=\"image-wrapper\">\t\t<a href=\"https:\/\/arteconfort.com\/en\/producto\/remus-smart\/\" class=\"w-fadeslider\">\n\t<img loading=\"lazy\" decoding=\"async\" width=\"1024\" height=\"1024\" src=\"https:\/\/arteconfort.com\/wp-content\/uploads\/2023\/10\/REMUS-SMART.webp\" class=\"attachment-shop_catalog size-shop_catalog wp-post-image\" alt=\"REMUS SMART\" srcset=\"https:\/\/arteconfort.com\/wp-content\/uploads\/2023\/10\/REMUS-SMART.webp 1024w, https:\/\/arteconfort.com\/wp-content\/uploads\/2023\/10\/REMUS-SMART-768x768.webp 768w, https:\/\/arteconfort.com\/wp-content\/uploads\/2023\/10\/REMUS-SMART-340x340.webp 340w, https:\/\/arteconfort.com\/wp-content\/uploads\/2023\/10\/REMUS-SMART-640x640.webp 640w, https:\/\/arteconfort.com\/wp-content\/uploads\/2023\/10\/REMUS-SMART-960x960.webp 960w, https:\/\/arteconfort.com\/wp-content\/uploads\/2023\/10\/REMUS-SMART-300x300.webp 300w, https:\/\/arteconfort.com\/wp-content\/uploads\/2023\/10\/REMUS-SMART-600x600.webp 600w, https:\/\/arteconfort.com\/wp-content\/uploads\/2023\/10\/REMUS-SMART-100x100.webp 100w, https:\/\/arteconfort.com\/wp-content\/uploads\/2023\/10\/REMUS-SMART-133x133.webp 133w\" sizes=\"auto, (max-width: 1024px) 100vw, 1024px\" \/>\t<img loading=\"lazy\" decoding=\"async\" width=\"1024\" height=\"1024\" src=\"https:\/\/arteconfort.com\/wp-content\/uploads\/2023\/10\/REMUS-SMART-ambiente.webp\" class=\"attachment-shop_catalog size-shop_catalog\" alt=\"REMUS SMART ambiente\" srcset=\"https:\/\/arteconfort.com\/wp-content\/uploads\/2023\/10\/REMUS-SMART-ambiente.webp 1024w, https:\/\/arteconfort.com\/wp-content\/uploads\/2023\/10\/REMUS-SMART-ambiente-768x768.webp 768w, https:\/\/arteconfort.com\/wp-content\/uploads\/2023\/10\/REMUS-SMART-ambiente-340x340.webp 340w, https:\/\/arteconfort.com\/wp-content\/uploads\/2023\/10\/REMUS-SMART-ambiente-640x640.webp 640w, https:\/\/arteconfort.com\/wp-content\/uploads\/2023\/10\/REMUS-SMART-ambiente-960x960.webp 960w, https:\/\/arteconfort.com\/wp-content\/uploads\/2023\/10\/REMUS-SMART-ambiente-133x133.webp 133w, https:\/\/arteconfort.com\/wp-content\/uploads\/2023\/10\/REMUS-SMART-ambiente-300x300.webp 300w, https:\/\/arteconfort.com\/wp-content\/uploads\/2023\/10\/REMUS-SMART-ambiente-600x600.webp 600w, https:\/\/arteconfort.com\/wp-content\/uploads\/2023\/10\/REMUS-SMART-ambiente-100x100.webp 100w\" sizes=\"auto, (max-width: 1024px) 100vw, 1024px\" \/><img loading=\"lazy\" decoding=\"async\" width=\"1024\" height=\"1024\" src=\"https:\/\/arteconfort.com\/wp-content\/uploads\/2023\/10\/REMUS-SMART-luz.webp\" class=\"attachment-shop_catalog size-shop_catalog\" alt=\"REMUS SMART luz\" srcset=\"https:\/\/arteconfort.com\/wp-content\/uploads\/2023\/10\/REMUS-SMART-luz.webp 1024w, https:\/\/arteconfort.com\/wp-content\/uploads\/2023\/10\/REMUS-SMART-luz-768x768.webp 768w, https:\/\/arteconfort.com\/wp-content\/uploads\/2023\/10\/REMUS-SMART-luz-340x340.webp 340w, https:\/\/arteconfort.com\/wp-content\/uploads\/2023\/10\/REMUS-SMART-luz-640x640.webp 640w, https:\/\/arteconfort.com\/wp-content\/uploads\/2023\/10\/REMUS-SMART-luz-960x960.webp 960w, https:\/\/arteconfort.com\/wp-content\/uploads\/2023\/10\/REMUS-SMART-luz-133x133.webp 133w, https:\/\/arteconfort.com\/wp-content\/uploads\/2023\/10\/REMUS-SMART-luz-300x300.webp 300w, https:\/\/arteconfort.com\/wp-content\/uploads\/2023\/10\/REMUS-SMART-luz-600x600.webp 600w, https:\/\/arteconfort.com\/wp-content\/uploads\/2023\/10\/REMUS-SMART-luz-100x100.webp 100w\" sizes=\"auto, (max-width: 1024px) 100vw, 1024px\" \/><img loading=\"lazy\" decoding=\"async\" width=\"1024\" height=\"1024\" src=\"https:\/\/arteconfort.com\/wp-content\/uploads\/2023\/10\/REMUS-SMART-frontal.webp\" class=\"attachment-shop_catalog size-shop_catalog\" alt=\"REMUS SMART frontal\" srcset=\"https:\/\/arteconfort.com\/wp-content\/uploads\/2023\/10\/REMUS-SMART-frontal.webp 1024w, https:\/\/arteconfort.com\/wp-content\/uploads\/2023\/10\/REMUS-SMART-frontal-768x768.webp 768w, https:\/\/arteconfort.com\/wp-content\/uploads\/2023\/10\/REMUS-SMART-frontal-340x340.webp 340w, https:\/\/arteconfort.com\/wp-content\/uploads\/2023\/10\/REMUS-SMART-frontal-640x640.webp 640w, https:\/\/arteconfort.com\/wp-content\/uploads\/2023\/10\/REMUS-SMART-frontal-960x960.webp 960w, https:\/\/arteconfort.com\/wp-content\/uploads\/2023\/10\/REMUS-SMART-frontal-133x133.webp 133w, https:\/\/arteconfort.com\/wp-content\/uploads\/2023\/10\/REMUS-SMART-frontal-300x300.webp 300w, https:\/\/arteconfort.com\/wp-content\/uploads\/2023\/10\/REMUS-SMART-frontal-600x600.webp 600w, https:\/\/arteconfort.com\/wp-content\/uploads\/2023\/10\/REMUS-SMART-frontal-100x100.webp 100w\" sizes=\"auto, (max-width: 1024px) 100vw, 1024px\" \/><img loading=\"lazy\" decoding=\"async\" width=\"1024\" height=\"1024\" src=\"https:\/\/arteconfort.com\/wp-content\/uploads\/2023\/10\/REMUS-SMART-mando.webp\" class=\"attachment-shop_catalog size-shop_catalog\" alt=\"REMUS SMART mando\" srcset=\"https:\/\/arteconfort.com\/wp-content\/uploads\/2023\/10\/REMUS-SMART-mando.webp 1024w, https:\/\/arteconfort.com\/wp-content\/uploads\/2023\/10\/REMUS-SMART-mando-768x768.webp 768w, https:\/\/arteconfort.com\/wp-content\/uploads\/2023\/10\/REMUS-SMART-mando-340x340.webp 340w, https:\/\/arteconfort.com\/wp-content\/uploads\/2023\/10\/REMUS-SMART-mando-640x640.webp 640w, https:\/\/arteconfort.com\/wp-content\/uploads\/2023\/10\/REMUS-SMART-mando-960x960.webp 960w, https:\/\/arteconfort.com\/wp-content\/uploads\/2023\/10\/REMUS-SMART-mando-133x133.webp 133w, https:\/\/arteconfort.com\/wp-content\/uploads\/2023\/10\/REMUS-SMART-mando-300x300.webp 300w, https:\/\/arteconfort.com\/wp-content\/uploads\/2023\/10\/REMUS-SMART-mando-600x600.webp 600w, https:\/\/arteconfort.com\/wp-content\/uploads\/2023\/10\/REMUS-SMART-mando-100x100.webp 100w\" sizes=\"auto, (max-width: 1024px) 100vw, 1024px\" \/><img loading=\"lazy\" decoding=\"async\" width=\"1024\" height=\"1024\" src=\"https:\/\/arteconfort.com\/wp-content\/uploads\/2023\/10\/REMUS-SMART-trasera.webp\" class=\"attachment-shop_catalog size-shop_catalog\" alt=\"REMUS SMART trasera\" srcset=\"https:\/\/arteconfort.com\/wp-content\/uploads\/2023\/10\/REMUS-SMART-trasera.webp 1024w, https:\/\/arteconfort.com\/wp-content\/uploads\/2023\/10\/REMUS-SMART-trasera-768x768.webp 768w, https:\/\/arteconfort.com\/wp-content\/uploads\/2023\/10\/REMUS-SMART-trasera-340x340.webp 340w, https:\/\/arteconfort.com\/wp-content\/uploads\/2023\/10\/REMUS-SMART-trasera-640x640.webp 640w, https:\/\/arteconfort.com\/wp-content\/uploads\/2023\/10\/REMUS-SMART-trasera-960x960.webp 960w, https:\/\/arteconfort.com\/wp-content\/uploads\/2023\/10\/REMUS-SMART-trasera-133x133.webp 133w, https:\/\/arteconfort.com\/wp-content\/uploads\/2023\/10\/REMUS-SMART-trasera-300x300.webp 300w, https:\/\/arteconfort.com\/wp-content\/uploads\/2023\/10\/REMUS-SMART-trasera-600x600.webp 600w, https:\/\/arteconfort.com\/wp-content\/uploads\/2023\/10\/REMUS-SMART-trasera-100x100.webp 100w\" sizes=\"auto, (max-width: 1024px) 100vw, 1024px\" \/><img loading=\"lazy\" decoding=\"async\" width=\"1024\" height=\"1024\" src=\"https:\/\/arteconfort.com\/wp-content\/uploads\/2023\/10\/REMUS-SMART-panel.webp\" class=\"attachment-shop_catalog size-shop_catalog\" alt=\"REMUS SMART panel\" srcset=\"https:\/\/arteconfort.com\/wp-content\/uploads\/2023\/10\/REMUS-SMART-panel.webp 1024w, https:\/\/arteconfort.com\/wp-content\/uploads\/2023\/10\/REMUS-SMART-panel-768x768.webp 768w, https:\/\/arteconfort.com\/wp-content\/uploads\/2023\/10\/REMUS-SMART-panel-340x340.webp 340w, https:\/\/arteconfort.com\/wp-content\/uploads\/2023\/10\/REMUS-SMART-panel-640x640.webp 640w, https:\/\/arteconfort.com\/wp-content\/uploads\/2023\/10\/REMUS-SMART-panel-960x960.webp 960w, https:\/\/arteconfort.com\/wp-content\/uploads\/2023\/10\/REMUS-SMART-panel-133x133.webp 133w, https:\/\/arteconfort.com\/wp-content\/uploads\/2023\/10\/REMUS-SMART-panel-300x300.webp 300w, https:\/\/arteconfort.com\/wp-content\/uploads\/2023\/10\/REMUS-SMART-panel-600x600.webp 600w, https:\/\/arteconfort.com\/wp-content\/uploads\/2023\/10\/REMUS-SMART-panel-100x100.webp 100w\" sizes=\"auto, (max-width: 1024px) 100vw, 1024px\" \/><img loading=\"lazy\" decoding=\"async\" width=\"1024\" height=\"1024\" src=\"https:\/\/arteconfort.com\/wp-content\/uploads\/2023\/10\/REMUS-SMART-detalle-frontal.webp\" class=\"attachment-shop_catalog size-shop_catalog\" alt=\"REMUS SMART detalle frontal\" srcset=\"https:\/\/arteconfort.com\/wp-content\/uploads\/2023\/10\/REMUS-SMART-detalle-frontal.webp 1024w, https:\/\/arteconfort.com\/wp-content\/uploads\/2023\/10\/REMUS-SMART-detalle-frontal-768x768.webp 768w, https:\/\/arteconfort.com\/wp-content\/uploads\/2023\/10\/REMUS-SMART-detalle-frontal-340x340.webp 340w, https:\/\/arteconfort.com\/wp-content\/uploads\/2023\/10\/REMUS-SMART-detalle-frontal-640x640.webp 640w, https:\/\/arteconfort.com\/wp-content\/uploads\/2023\/10\/REMUS-SMART-detalle-frontal-960x960.webp 960w, https:\/\/arteconfort.com\/wp-content\/uploads\/2023\/10\/REMUS-SMART-detalle-frontal-133x133.webp 133w, https:\/\/arteconfort.com\/wp-content\/uploads\/2023\/10\/REMUS-SMART-detalle-frontal-300x300.webp 300w, https:\/\/arteconfort.com\/wp-content\/uploads\/2023\/10\/REMUS-SMART-detalle-frontal-600x600.webp 600w, https:\/\/arteconfort.com\/wp-content\/uploads\/2023\/10\/REMUS-SMART-detalle-frontal-100x100.webp 100w\" sizes=\"auto, (max-width: 1024px) 100vw, 1024px\" \/>\t<\/a>\n\t<div class=\"w-product-status\"><\/div>\t<span id=\"woocommerce_loop_add_to_cart_link_describedby_10427\" class=\"screen-reader-text\">\n\t\t\t<\/span>\n<\/div><figcaption><h2 class=\"woocommerce-loop-product__title\">REMUS SMART<\/h2><div class=\"woocommerce-product-details__short-description\">\n\t<p>Power up your home&#8217;s outdoor lighting with this remote-controlled LED solar spotlight. It includes a motion sensor and<\/div>\n\n<\/figcaption><\/figure><\/li>\n<li class=\"product type-product post-10386 status-publish instock product_cat-descatalogados-en product_cat-iluminacion-en has-post-thumbnail shipping-taxable product-type-simple w-item five-cols\">\n\t<figure><div class=\"image-wrapper\">\t\t<a href=\"https:\/\/arteconfort.com\/en\/producto\/kore-m\/\" class=\"w-fadeslider\">\n\t<img loading=\"lazy\" decoding=\"async\" width=\"1024\" height=\"1024\" src=\"https:\/\/arteconfort.com\/wp-content\/uploads\/2023\/10\/KORE-M.webp\" class=\"attachment-shop_catalog size-shop_catalog wp-post-image\" alt=\"Aplique solar KORE M\" srcset=\"https:\/\/arteconfort.com\/wp-content\/uploads\/2023\/10\/KORE-M.webp 1024w, https:\/\/arteconfort.com\/wp-content\/uploads\/2023\/10\/KORE-M-768x768.webp 768w, https:\/\/arteconfort.com\/wp-content\/uploads\/2023\/10\/KORE-M-340x340.webp 340w, https:\/\/arteconfort.com\/wp-content\/uploads\/2023\/10\/KORE-M-640x640.webp 640w, https:\/\/arteconfort.com\/wp-content\/uploads\/2023\/10\/KORE-M-960x960.webp 960w, https:\/\/arteconfort.com\/wp-content\/uploads\/2023\/10\/KORE-M-300x300.webp 300w, https:\/\/arteconfort.com\/wp-content\/uploads\/2023\/10\/KORE-M-600x600.webp 600w, https:\/\/arteconfort.com\/wp-content\/uploads\/2023\/10\/KORE-M-100x100.webp 100w, https:\/\/arteconfort.com\/wp-content\/uploads\/2023\/10\/KORE-M-133x133.webp 133w\" sizes=\"auto, (max-width: 1024px) 100vw, 1024px\" \/>\t<img loading=\"lazy\" decoding=\"async\" width=\"1024\" height=\"1024\" src=\"https:\/\/arteconfort.com\/wp-content\/uploads\/2023\/10\/ambiente-KORE-M.webp\" class=\"attachment-shop_catalog size-shop_catalog\" alt=\"Foco solar KORE M en pared\" srcset=\"https:\/\/arteconfort.com\/wp-content\/uploads\/2023\/10\/ambiente-KORE-M.webp 1024w, https:\/\/arteconfort.com\/wp-content\/uploads\/2023\/10\/ambiente-KORE-M-768x768.webp 768w, https:\/\/arteconfort.com\/wp-content\/uploads\/2023\/10\/ambiente-KORE-M-340x340.webp 340w, https:\/\/arteconfort.com\/wp-content\/uploads\/2023\/10\/ambiente-KORE-M-640x640.webp 640w, https:\/\/arteconfort.com\/wp-content\/uploads\/2023\/10\/ambiente-KORE-M-960x960.webp 960w, https:\/\/arteconfort.com\/wp-content\/uploads\/2023\/10\/ambiente-KORE-M-133x133.webp 133w, https:\/\/arteconfort.com\/wp-content\/uploads\/2023\/10\/ambiente-KORE-M-300x300.webp 300w, https:\/\/arteconfort.com\/wp-content\/uploads\/2023\/10\/ambiente-KORE-M-600x600.webp 600w, https:\/\/arteconfort.com\/wp-content\/uploads\/2023\/10\/ambiente-KORE-M-100x100.webp 100w\" sizes=\"auto, (max-width: 1024px) 100vw, 1024px\" \/><img loading=\"lazy\" decoding=\"async\" width=\"1024\" height=\"1024\" src=\"https:\/\/arteconfort.com\/wp-content\/uploads\/2023\/10\/KORE-M-PERSPECTIVA.webp\" class=\"attachment-shop_catalog size-shop_catalog\" alt=\"KORE M perspectiva\" srcset=\"https:\/\/arteconfort.com\/wp-content\/uploads\/2023\/10\/KORE-M-PERSPECTIVA.webp 1024w, https:\/\/arteconfort.com\/wp-content\/uploads\/2023\/10\/KORE-M-PERSPECTIVA-768x768.webp 768w, https:\/\/arteconfort.com\/wp-content\/uploads\/2023\/10\/KORE-M-PERSPECTIVA-340x340.webp 340w, https:\/\/arteconfort.com\/wp-content\/uploads\/2023\/10\/KORE-M-PERSPECTIVA-640x640.webp 640w, https:\/\/arteconfort.com\/wp-content\/uploads\/2023\/10\/KORE-M-PERSPECTIVA-960x960.webp 960w, https:\/\/arteconfort.com\/wp-content\/uploads\/2023\/10\/KORE-M-PERSPECTIVA-133x133.webp 133w, https:\/\/arteconfort.com\/wp-content\/uploads\/2023\/10\/KORE-M-PERSPECTIVA-300x300.webp 300w, https:\/\/arteconfort.com\/wp-content\/uploads\/2023\/10\/KORE-M-PERSPECTIVA-600x600.webp 600w, https:\/\/arteconfort.com\/wp-content\/uploads\/2023\/10\/KORE-M-PERSPECTIVA-100x100.webp 100w\" sizes=\"auto, (max-width: 1024px) 100vw, 1024px\" \/><img loading=\"lazy\" decoding=\"async\" width=\"1024\" height=\"1024\" src=\"https:\/\/arteconfort.com\/wp-content\/uploads\/2023\/10\/KORE-M-PANEL.webp\" class=\"attachment-shop_catalog size-shop_catalog\" alt=\"KORE M panel\" srcset=\"https:\/\/arteconfort.com\/wp-content\/uploads\/2023\/10\/KORE-M-PANEL.webp 1024w, https:\/\/arteconfort.com\/wp-content\/uploads\/2023\/10\/KORE-M-PANEL-768x768.webp 768w, https:\/\/arteconfort.com\/wp-content\/uploads\/2023\/10\/KORE-M-PANEL-340x340.webp 340w, https:\/\/arteconfort.com\/wp-content\/uploads\/2023\/10\/KORE-M-PANEL-640x640.webp 640w, https:\/\/arteconfort.com\/wp-content\/uploads\/2023\/10\/KORE-M-PANEL-960x960.webp 960w, https:\/\/arteconfort.com\/wp-content\/uploads\/2023\/10\/KORE-M-PANEL-133x133.webp 133w, https:\/\/arteconfort.com\/wp-content\/uploads\/2023\/10\/KORE-M-PANEL-300x300.webp 300w, https:\/\/arteconfort.com\/wp-content\/uploads\/2023\/10\/KORE-M-PANEL-600x600.webp 600w, https:\/\/arteconfort.com\/wp-content\/uploads\/2023\/10\/KORE-M-PANEL-100x100.webp 100w\" sizes=\"auto, (max-width: 1024px) 100vw, 1024px\" \/><img loading=\"lazy\" decoding=\"async\" width=\"1024\" height=\"1024\" src=\"https:\/\/arteconfort.com\/wp-content\/uploads\/2023\/10\/KOME-M-detalle-panel.webp\" class=\"attachment-shop_catalog size-shop_catalog\" alt=\"KORE M detalle panel\" srcset=\"https:\/\/arteconfort.com\/wp-content\/uploads\/2023\/10\/KOME-M-detalle-panel.webp 1024w, https:\/\/arteconfort.com\/wp-content\/uploads\/2023\/10\/KOME-M-detalle-panel-768x768.webp 768w, https:\/\/arteconfort.com\/wp-content\/uploads\/2023\/10\/KOME-M-detalle-panel-340x340.webp 340w, https:\/\/arteconfort.com\/wp-content\/uploads\/2023\/10\/KOME-M-detalle-panel-640x640.webp 640w, https:\/\/arteconfort.com\/wp-content\/uploads\/2023\/10\/KOME-M-detalle-panel-960x960.webp 960w, https:\/\/arteconfort.com\/wp-content\/uploads\/2023\/10\/KOME-M-detalle-panel-133x133.webp 133w, https:\/\/arteconfort.com\/wp-content\/uploads\/2023\/10\/KOME-M-detalle-panel-300x300.webp 300w, https:\/\/arteconfort.com\/wp-content\/uploads\/2023\/10\/KOME-M-detalle-panel-600x600.webp 600w, https:\/\/arteconfort.com\/wp-content\/uploads\/2023\/10\/KOME-M-detalle-panel-100x100.webp 100w\" sizes=\"auto, (max-width: 1024px) 100vw, 1024px\" \/><img loading=\"lazy\" decoding=\"async\" width=\"1024\" height=\"1024\" src=\"https:\/\/arteconfort.com\/wp-content\/uploads\/2023\/10\/KORE-M-vista.webp\" class=\"attachment-shop_catalog size-shop_catalog\" alt=\"KORE M vista enganche\" srcset=\"https:\/\/arteconfort.com\/wp-content\/uploads\/2023\/10\/KORE-M-vista.webp 1024w, https:\/\/arteconfort.com\/wp-content\/uploads\/2023\/10\/KORE-M-vista-768x768.webp 768w, https:\/\/arteconfort.com\/wp-content\/uploads\/2023\/10\/KORE-M-vista-340x340.webp 340w, https:\/\/arteconfort.com\/wp-content\/uploads\/2023\/10\/KORE-M-vista-640x640.webp 640w, https:\/\/arteconfort.com\/wp-content\/uploads\/2023\/10\/KORE-M-vista-960x960.webp 960w, https:\/\/arteconfort.com\/wp-content\/uploads\/2023\/10\/KORE-M-vista-133x133.webp 133w, https:\/\/arteconfort.com\/wp-content\/uploads\/2023\/10\/KORE-M-vista-300x300.webp 300w, https:\/\/arteconfort.com\/wp-content\/uploads\/2023\/10\/KORE-M-vista-600x600.webp 600w, https:\/\/arteconfort.com\/wp-content\/uploads\/2023\/10\/KORE-M-vista-100x100.webp 100w\" sizes=\"auto, (max-width: 1024px) 100vw, 1024px\" \/><img loading=\"lazy\" decoding=\"async\" width=\"1024\" height=\"1024\" src=\"https:\/\/arteconfort.com\/wp-content\/uploads\/2023\/10\/KOME-M-detalle-trasera.webp\" class=\"attachment-shop_catalog size-shop_catalog\" alt=\"KORE M detalle trasera\" srcset=\"https:\/\/arteconfort.com\/wp-content\/uploads\/2023\/10\/KOME-M-detalle-trasera.webp 1024w, https:\/\/arteconfort.com\/wp-content\/uploads\/2023\/10\/KOME-M-detalle-trasera-768x768.webp 768w, https:\/\/arteconfort.com\/wp-content\/uploads\/2023\/10\/KOME-M-detalle-trasera-340x340.webp 340w, https:\/\/arteconfort.com\/wp-content\/uploads\/2023\/10\/KOME-M-detalle-trasera-640x640.webp 640w, https:\/\/arteconfort.com\/wp-content\/uploads\/2023\/10\/KOME-M-detalle-trasera-960x960.webp 960w, https:\/\/arteconfort.com\/wp-content\/uploads\/2023\/10\/KOME-M-detalle-trasera-133x133.webp 133w, https:\/\/arteconfort.com\/wp-content\/uploads\/2023\/10\/KOME-M-detalle-trasera-300x300.webp 300w, https:\/\/arteconfort.com\/wp-content\/uploads\/2023\/10\/KOME-M-detalle-trasera-600x600.webp 600w, https:\/\/arteconfort.com\/wp-content\/uploads\/2023\/10\/KOME-M-detalle-trasera-100x100.webp 100w\" sizes=\"auto, (max-width: 1024px) 100vw, 1024px\" \/><img loading=\"lazy\" decoding=\"async\" width=\"1024\" height=\"1024\" src=\"https:\/\/arteconfort.com\/wp-content\/uploads\/2023\/10\/KORE-M-detalle-botones.webp\" class=\"attachment-shop_catalog size-shop_catalog\" alt=\"KORE M detalle botones\" srcset=\"https:\/\/arteconfort.com\/wp-content\/uploads\/2023\/10\/KORE-M-detalle-botones.webp 1024w, https:\/\/arteconfort.com\/wp-content\/uploads\/2023\/10\/KORE-M-detalle-botones-768x768.webp 768w, https:\/\/arteconfort.com\/wp-content\/uploads\/2023\/10\/KORE-M-detalle-botones-340x340.webp 340w, https:\/\/arteconfort.com\/wp-content\/uploads\/2023\/10\/KORE-M-detalle-botones-640x640.webp 640w, https:\/\/arteconfort.com\/wp-content\/uploads\/2023\/10\/KORE-M-detalle-botones-960x960.webp 960w, https:\/\/arteconfort.com\/wp-content\/uploads\/2023\/10\/KORE-M-detalle-botones-133x133.webp 133w, https:\/\/arteconfort.com\/wp-content\/uploads\/2023\/10\/KORE-M-detalle-botones-300x300.webp 300w, https:\/\/arteconfort.com\/wp-content\/uploads\/2023\/10\/KORE-M-detalle-botones-600x600.webp 600w, https:\/\/arteconfort.com\/wp-content\/uploads\/2023\/10\/KORE-M-detalle-botones-100x100.webp 100w\" sizes=\"auto, (max-width: 1024px) 100vw, 1024px\" \/>\t<\/a>\n\t<div class=\"w-product-status\"><\/div>\t<span id=\"woocommerce_loop_add_to_cart_link_describedby_10386\" class=\"screen-reader-text\">\n\t\t\t<\/span>\n<\/div><figcaption><h2 class=\"woocommerce-loop-product__title\">KORE M<\/h2><div class=\"woocommerce-product-details__short-description\">\n\t<p>Adjustable solar wall light. It incorporates a high-quality panel that allows it to capture sunlight more efficiently. It<\/div>\n\n<\/figcaption><\/figure><\/li>\n<li class=\"product type-product post-10383 status-publish last instock product_cat-descatalogados-en has-post-thumbnail shipping-taxable product-type-simple w-item five-cols\">\n\t<figure><div class=\"image-wrapper\">\t\t<a href=\"https:\/\/arteconfort.com\/en\/producto\/jano\/\" class=\"w-fadeslider\">\n\t<img loading=\"lazy\" decoding=\"async\" width=\"1024\" height=\"1024\" src=\"https:\/\/arteconfort.com\/wp-content\/uploads\/2023\/10\/JANO.webp\" class=\"attachment-shop_catalog size-shop_catalog wp-post-image\" alt=\"Aplique de pared solar JANO panel\" srcset=\"https:\/\/arteconfort.com\/wp-content\/uploads\/2023\/10\/JANO.webp 1024w, https:\/\/arteconfort.com\/wp-content\/uploads\/2023\/10\/JANO-768x768.webp 768w, https:\/\/arteconfort.com\/wp-content\/uploads\/2023\/10\/JANO-340x340.webp 340w, https:\/\/arteconfort.com\/wp-content\/uploads\/2023\/10\/JANO-640x640.webp 640w, https:\/\/arteconfort.com\/wp-content\/uploads\/2023\/10\/JANO-960x960.webp 960w, https:\/\/arteconfort.com\/wp-content\/uploads\/2023\/10\/JANO-300x300.webp 300w, https:\/\/arteconfort.com\/wp-content\/uploads\/2023\/10\/JANO-600x600.webp 600w, https:\/\/arteconfort.com\/wp-content\/uploads\/2023\/10\/JANO-100x100.webp 100w, https:\/\/arteconfort.com\/wp-content\/uploads\/2023\/10\/JANO-133x133.webp 133w\" sizes=\"auto, (max-width: 1024px) 100vw, 1024px\" \/>\t<img loading=\"lazy\" decoding=\"async\" width=\"1024\" height=\"1024\" src=\"https:\/\/arteconfort.com\/wp-content\/uploads\/2023\/10\/JANO-pared-ambiente.webp\" class=\"attachment-shop_catalog size-shop_catalog\" alt=\"Foco solar JANO\" srcset=\"https:\/\/arteconfort.com\/wp-content\/uploads\/2023\/10\/JANO-pared-ambiente.webp 1024w, https:\/\/arteconfort.com\/wp-content\/uploads\/2023\/10\/JANO-pared-ambiente-768x768.webp 768w, https:\/\/arteconfort.com\/wp-content\/uploads\/2023\/10\/JANO-pared-ambiente-340x340.webp 340w, https:\/\/arteconfort.com\/wp-content\/uploads\/2023\/10\/JANO-pared-ambiente-640x640.webp 640w, https:\/\/arteconfort.com\/wp-content\/uploads\/2023\/10\/JANO-pared-ambiente-960x960.webp 960w, https:\/\/arteconfort.com\/wp-content\/uploads\/2023\/10\/JANO-pared-ambiente-133x133.webp 133w, https:\/\/arteconfort.com\/wp-content\/uploads\/2023\/10\/JANO-pared-ambiente-300x300.webp 300w, https:\/\/arteconfort.com\/wp-content\/uploads\/2023\/10\/JANO-pared-ambiente-600x600.webp 600w, https:\/\/arteconfort.com\/wp-content\/uploads\/2023\/10\/JANO-pared-ambiente-100x100.webp 100w\" sizes=\"auto, (max-width: 1024px) 100vw, 1024px\" \/><img loading=\"lazy\" decoding=\"async\" width=\"1024\" height=\"1024\" src=\"https:\/\/arteconfort.com\/wp-content\/uploads\/2023\/10\/JANO-VISTA-LATERAL-INFERIOR.webp\" class=\"attachment-shop_catalog size-shop_catalog\" alt=\"Aplique de pared solar JANO lateral\" srcset=\"https:\/\/arteconfort.com\/wp-content\/uploads\/2023\/10\/JANO-VISTA-LATERAL-INFERIOR.webp 1024w, https:\/\/arteconfort.com\/wp-content\/uploads\/2023\/10\/JANO-VISTA-LATERAL-INFERIOR-768x768.webp 768w, https:\/\/arteconfort.com\/wp-content\/uploads\/2023\/10\/JANO-VISTA-LATERAL-INFERIOR-340x340.webp 340w, https:\/\/arteconfort.com\/wp-content\/uploads\/2023\/10\/JANO-VISTA-LATERAL-INFERIOR-640x640.webp 640w, https:\/\/arteconfort.com\/wp-content\/uploads\/2023\/10\/JANO-VISTA-LATERAL-INFERIOR-960x960.webp 960w, https:\/\/arteconfort.com\/wp-content\/uploads\/2023\/10\/JANO-VISTA-LATERAL-INFERIOR-133x133.webp 133w, https:\/\/arteconfort.com\/wp-content\/uploads\/2023\/10\/JANO-VISTA-LATERAL-INFERIOR-300x300.webp 300w, https:\/\/arteconfort.com\/wp-content\/uploads\/2023\/10\/JANO-VISTA-LATERAL-INFERIOR-600x600.webp 600w, https:\/\/arteconfort.com\/wp-content\/uploads\/2023\/10\/JANO-VISTA-LATERAL-INFERIOR-100x100.webp 100w\" sizes=\"auto, (max-width: 1024px) 100vw, 1024px\" \/><img loading=\"lazy\" decoding=\"async\" width=\"1024\" height=\"1024\" src=\"https:\/\/arteconfort.com\/wp-content\/uploads\/2023\/10\/JANO-VISTA-LATERAL.webp\" class=\"attachment-shop_catalog size-shop_catalog\" alt=\"Aplique de pared solar JANO vista lateral\" srcset=\"https:\/\/arteconfort.com\/wp-content\/uploads\/2023\/10\/JANO-VISTA-LATERAL.webp 1024w, https:\/\/arteconfort.com\/wp-content\/uploads\/2023\/10\/JANO-VISTA-LATERAL-768x768.webp 768w, https:\/\/arteconfort.com\/wp-content\/uploads\/2023\/10\/JANO-VISTA-LATERAL-340x340.webp 340w, https:\/\/arteconfort.com\/wp-content\/uploads\/2023\/10\/JANO-VISTA-LATERAL-640x640.webp 640w, https:\/\/arteconfort.com\/wp-content\/uploads\/2023\/10\/JANO-VISTA-LATERAL-960x960.webp 960w, https:\/\/arteconfort.com\/wp-content\/uploads\/2023\/10\/JANO-VISTA-LATERAL-133x133.webp 133w, https:\/\/arteconfort.com\/wp-content\/uploads\/2023\/10\/JANO-VISTA-LATERAL-300x300.webp 300w, https:\/\/arteconfort.com\/wp-content\/uploads\/2023\/10\/JANO-VISTA-LATERAL-600x600.webp 600w, https:\/\/arteconfort.com\/wp-content\/uploads\/2023\/10\/JANO-VISTA-LATERAL-100x100.webp 100w\" sizes=\"auto, (max-width: 1024px) 100vw, 1024px\" \/><img loading=\"lazy\" decoding=\"async\" width=\"1024\" height=\"1024\" src=\"https:\/\/arteconfort.com\/wp-content\/uploads\/2023\/10\/JANO-VISTA-TRASERA.webp\" class=\"attachment-shop_catalog size-shop_catalog\" alt=\"Aplique de pared solar JANO vista trasera\" srcset=\"https:\/\/arteconfort.com\/wp-content\/uploads\/2023\/10\/JANO-VISTA-TRASERA.webp 1024w, https:\/\/arteconfort.com\/wp-content\/uploads\/2023\/10\/JANO-VISTA-TRASERA-768x768.webp 768w, https:\/\/arteconfort.com\/wp-content\/uploads\/2023\/10\/JANO-VISTA-TRASERA-340x340.webp 340w, https:\/\/arteconfort.com\/wp-content\/uploads\/2023\/10\/JANO-VISTA-TRASERA-640x640.webp 640w, https:\/\/arteconfort.com\/wp-content\/uploads\/2023\/10\/JANO-VISTA-TRASERA-960x960.webp 960w, https:\/\/arteconfort.com\/wp-content\/uploads\/2023\/10\/JANO-VISTA-TRASERA-133x133.webp 133w, https:\/\/arteconfort.com\/wp-content\/uploads\/2023\/10\/JANO-VISTA-TRASERA-300x300.webp 300w, https:\/\/arteconfort.com\/wp-content\/uploads\/2023\/10\/JANO-VISTA-TRASERA-600x600.webp 600w, https:\/\/arteconfort.com\/wp-content\/uploads\/2023\/10\/JANO-VISTA-TRASERA-100x100.webp 100w\" sizes=\"auto, (max-width: 1024px) 100vw, 1024px\" \/><img loading=\"lazy\" decoding=\"async\" width=\"1024\" height=\"1024\" src=\"https:\/\/arteconfort.com\/wp-content\/uploads\/2023\/10\/JANO-ENCENDIDO.webp\" class=\"attachment-shop_catalog size-shop_catalog\" alt=\"Aplique de pared solar JANO luz\" srcset=\"https:\/\/arteconfort.com\/wp-content\/uploads\/2023\/10\/JANO-ENCENDIDO.webp 1024w, https:\/\/arteconfort.com\/wp-content\/uploads\/2023\/10\/JANO-ENCENDIDO-768x768.webp 768w, https:\/\/arteconfort.com\/wp-content\/uploads\/2023\/10\/JANO-ENCENDIDO-340x340.webp 340w, https:\/\/arteconfort.com\/wp-content\/uploads\/2023\/10\/JANO-ENCENDIDO-640x640.webp 640w, https:\/\/arteconfort.com\/wp-content\/uploads\/2023\/10\/JANO-ENCENDIDO-960x960.webp 960w, https:\/\/arteconfort.com\/wp-content\/uploads\/2023\/10\/JANO-ENCENDIDO-133x133.webp 133w, https:\/\/arteconfort.com\/wp-content\/uploads\/2023\/10\/JANO-ENCENDIDO-300x300.webp 300w, https:\/\/arteconfort.com\/wp-content\/uploads\/2023\/10\/JANO-ENCENDIDO-600x600.webp 600w, https:\/\/arteconfort.com\/wp-content\/uploads\/2023\/10\/JANO-ENCENDIDO-100x100.webp 100w\" sizes=\"auto, (max-width: 1024px) 100vw, 1024px\" \/>\t<\/a>\n\t<div class=\"w-product-status\"><\/div>\t<span id=\"woocommerce_loop_add_to_cart_link_describedby_10383\" class=\"screen-reader-text\">\n\t\t\t<\/span>\n<\/div><figcaption><h2 class=\"woocommerce-loop-product__title\">JANO<\/h2><div class=\"woocommerce-product-details__short-description\">\n\t<p>Discreet and elegant solar wall light, it is the ideal complement to illuminate any fa\u00e7ade or exterior. It<\/div>\n\n<\/figcaption><\/figure><\/li>\n<\/ul>\n<\/div>[vc_empty_space height=&#8221;100px&#8221;][\/vc_column][\/vc_row][vc_row][vc_column][wyde_heading style=&#8221;2&#8243; text_align=&#8221;center&#8221; title=&#8221;What about Spain&#8221;][vc_column_text]In Spain we have the advantage of living on a peninsula that is an energy island. In the words of Roberto G\u00f3mez, an expert in energy supply, to the <a href=\"https:\/\/www.elmundo.es\/economia\/2021\/10\/29\/617abee4fc6c83f01d8b460d.html\" target=\"_blank\" rel=\"noopener noreferrer\">ABC<\/a> newspaper, &#8220;we have a connection that provides 3% or 5% of the energy Spain needs, which comes from France&#8221;. The remaining <strong>95% is energy produced<\/strong> by Spain itself.<\/p>\n<p>Red El\u00e9ctrica Espa\u00f1ola (REE) assures that the Spanish model<strong> is followed by many countries<\/strong> for its safety and that &#8220;<a href=\"https:\/\/www.elperiodico.com\/es\/economia\/20211031\/red-electrica-hay-indicio-pueda-12544079\" target=\"_blank\" rel=\"noopener noreferrer\">there is no objective indication<\/a>&#8221; that this could happen.<\/p>\n<p>We are aware of how difficult it is not to be alarmed by this situation, especially when it is on the agenda of the media and in everyday conversations. It is not a matter of alarming an entire society, but of being <strong>prepared for what may come in the future<\/strong>.[\/vc_column_text][vc_empty_space height=&#8221;80px&#8221;][vc_single_image img_size=&#8221;medium&#8221; alignment=&#8221;center&#8221; image=&#8221;14949&#8243;][vc_empty_space height=&#8221;100px&#8221;][vc_row_inner][vc_column_inner][wyde_heading style=&#8221;2&#8243; text_align=&#8221;center&#8221; title=&#8221;Recommendations for saving energy&#8221;][vc_column_text]Although it is a hypothetical blackout, it is preferable to prevent and be prepared. How? On the one hand, it is advisable to try to use less electricity, thus <strong>reducing the probability of experiencing a blackout in Spain<\/strong>, although the peninsula&#8217;s electricity grid is one of the safest in the world. To do this, we can reduce the <strong>heating temperature to 20\u00b0C<\/strong>, every degree less of temperature is a 10% energy saving.<\/p>\n<p>It is also useful to use thermostats,<strong> seal windows and doors to improve insulation<\/strong> and prevent heat from escaping from the house to the outside. Another recommendation is to clean the boiler filters and to use electrical appliances in the lowest energy-consuming time slots.[\/vc_column_text][\/vc_column_inner][\/vc_row_inner][vc_empty_space height=&#8221;100px&#8221;][\/vc_column][\/vc_row][vc_row][vc_column width=&#8221;3\/4&#8243;][wyde_action_box style=&#8221;outline round&#8221; title=&#8221;Discover our solar products&#8221; button_text=&#8221;See solar products&#8221; link=&#8221;url:https%3A%2F%2Farteconfort.com%2Fen%2Fsolar%2F|||&#8221; color=&#8221;#61b4e4&#8243; bg_color=&#8221;#f5f5f5&#8243; css=&#8221;.vc_custom_1636029435123{background-color: #f5f5f5 !important;}&#8221;]Take a look at our catalogue of solar products and illuminate your outdoor areas without the need for mains electricity.[\/wyde_action_box][\/vc_column][vc_column width=&#8221;1\/4&#8243;][vc_single_image img_size=&#8221;medium&#8221; style=&#8221;circle&#8221; image=&#8221;9805&#8243;][\/vc_column][\/vc_row]<\/p>\n<\/div>","protected":false},"excerpt":{"rendered":"<p>[vc_row][vc_column][vc_column_text]It seems that in recent years we have been immersed in a fictional film, in the purest Mad Max style. In the midst of a health crisis, rising electricity and raw material prices and supply shortages, Europe is warning of a possible blackout, i.e. a generalised blackout that will affect the whole of Europe. Who [&hellip;]<\/p>\n","protected":false},"author":1,"featured_media":14931,"comment_status":"closed","ping_status":"open","sticky":false,"template":"","format":"standard","meta":{"footnotes":""},"categories":[279,271],"tags":[],"class_list":["post-14966","post","type-post","status-publish","format-standard","has-post-thumbnail","hentry","category-guias-solar-en","category-iluminacion-solar-exterior-en"],"yoast_head":"<!-- This site is optimized with the Yoast SEO plugin v26.5 - https:\/\/yoast.com\/wordpress\/plugins\/seo\/ -->\n<title>\u25b7 Solar lighting: an ally in the face of a possible global power blackout<\/title>\n<meta name=\"description\" content=\"Los productos solares se convierten en los protagonistas, despu\u00e9s de que Austria avise de un posible apag\u00f3n el\u00e9ctrico mundial.\" \/>\n<meta name=\"robots\" content=\"index, follow, max-snippet:-1, max-image-preview:large, max-video-preview:-1\" \/>\n<link rel=\"canonical\" href=\"https:\/\/arteconfort.com\/en\/iluminacion-solar-exterior-en\/iluminacion-solar-aliada-apagon-electrico\/\" \/>\n<meta property=\"og:locale\" content=\"en_US\" \/>\n<meta property=\"og:type\" content=\"article\" \/>\n<meta property=\"og:title\" content=\"\u25b7 Solar lighting: an ally in the face of a possible global power blackout\" \/>\n<meta property=\"og:description\" content=\"Los productos solares se convierten en los protagonistas, despu\u00e9s de que Austria avise de un posible apag\u00f3n el\u00e9ctrico mundial.\" \/>\n<meta property=\"og:url\" content=\"https:\/\/arteconfort.com\/en\/iluminacion-solar-exterior-en\/iluminacion-solar-aliada-apagon-electrico\/\" \/>\n<meta property=\"og:site_name\" content=\"Arteconfort\" \/>\n<meta property=\"article:published_time\" content=\"2021-11-04T11:40:01+00:00\" \/>\n<meta property=\"article:modified_time\" content=\"2021-11-04T12:39:54+00:00\" \/>\n<meta property=\"og:image\" content=\"https:\/\/arteconfort.com\/wp-content\/uploads\/2021\/11\/apagon.jpg\" \/>\n\t<meta property=\"og:image:width\" content=\"800\" \/>\n\t<meta property=\"og:image:height\" content=\"500\" \/>\n\t<meta property=\"og:image:type\" content=\"image\/jpeg\" \/>\n<meta name=\"author\" content=\"admin\" \/>\n<meta name=\"twitter:card\" content=\"summary_large_image\" \/>\n<meta name=\"twitter:label1\" content=\"Written by\" \/>\n\t<meta name=\"twitter:data1\" content=\"admin\" \/>\n\t<meta name=\"twitter:label2\" content=\"Est. reading time\" \/>\n\t<meta name=\"twitter:data2\" content=\"4 minutes\" \/>\n<!-- \/ Yoast SEO plugin. -->","yoast_head_json":{"title":"\u25b7 Solar lighting: an ally in the face of a possible global power blackout","description":"Los productos solares se convierten en los protagonistas, despu\u00e9s de que Austria avise de un posible apag\u00f3n el\u00e9ctrico mundial.","robots":{"index":"index","follow":"follow","max-snippet":"max-snippet:-1","max-image-preview":"max-image-preview:large","max-video-preview":"max-video-preview:-1"},"canonical":"https:\/\/arteconfort.com\/en\/iluminacion-solar-exterior-en\/iluminacion-solar-aliada-apagon-electrico\/","og_locale":"en_US","og_type":"article","og_title":"\u25b7 Solar lighting: an ally in the face of a possible global power blackout","og_description":"Los productos solares se convierten en los protagonistas, despu\u00e9s de que Austria avise de un posible apag\u00f3n el\u00e9ctrico mundial.","og_url":"https:\/\/arteconfort.com\/en\/iluminacion-solar-exterior-en\/iluminacion-solar-aliada-apagon-electrico\/","og_site_name":"Arteconfort","article_published_time":"2021-11-04T11:40:01+00:00","article_modified_time":"2021-11-04T12:39:54+00:00","og_image":[{"width":800,"height":500,"url":"https:\/\/arteconfort.com\/wp-content\/uploads\/2021\/11\/apagon.jpg","type":"image\/jpeg"}],"author":"admin","twitter_card":"summary_large_image","twitter_misc":{"Written by":"admin","Est. reading time":"4 minutes"},"schema":{"@context":"https:\/\/schema.org","@graph":[{"@type":"Article","@id":"https:\/\/arteconfort.com\/en\/iluminacion-solar-exterior-en\/iluminacion-solar-aliada-apagon-electrico\/#article","isPartOf":{"@id":"https:\/\/arteconfort.com\/en\/iluminacion-solar-exterior-en\/iluminacion-solar-aliada-apagon-electrico\/"},"author":{"name":"admin","@id":"https:\/\/arteconfort.com\/en\/#\/schema\/person\/12aac2f47430580713e1f2cf74753f81"},"headline":"Solar lighting: an ally in the face of a possible global power blackout","datePublished":"2021-11-04T11:40:01+00:00","dateModified":"2021-11-04T12:39:54+00:00","mainEntityOfPage":{"@id":"https:\/\/arteconfort.com\/en\/iluminacion-solar-exterior-en\/iluminacion-solar-aliada-apagon-electrico\/"},"wordCount":764,"publisher":{"@id":"https:\/\/arteconfort.com\/en\/#organization"},"image":{"@id":"https:\/\/arteconfort.com\/en\/iluminacion-solar-exterior-en\/iluminacion-solar-aliada-apagon-electrico\/#primaryimage"},"thumbnailUrl":"https:\/\/arteconfort.com\/wp-content\/uploads\/2021\/11\/apagon.jpg","articleSection":["Gu\u00edas de iluminaci\u00f3n solar","Iluminaci\u00f3n solar exterior"],"inLanguage":"en-US"},{"@type":"WebPage","@id":"https:\/\/arteconfort.com\/en\/iluminacion-solar-exterior-en\/iluminacion-solar-aliada-apagon-electrico\/","url":"https:\/\/arteconfort.com\/en\/iluminacion-solar-exterior-en\/iluminacion-solar-aliada-apagon-electrico\/","name":"\u25b7 Solar lighting: an ally in the face of a possible global power blackout","isPartOf":{"@id":"https:\/\/arteconfort.com\/en\/#website"},"primaryImageOfPage":{"@id":"https:\/\/arteconfort.com\/en\/iluminacion-solar-exterior-en\/iluminacion-solar-aliada-apagon-electrico\/#primaryimage"},"image":{"@id":"https:\/\/arteconfort.com\/en\/iluminacion-solar-exterior-en\/iluminacion-solar-aliada-apagon-electrico\/#primaryimage"},"thumbnailUrl":"https:\/\/arteconfort.com\/wp-content\/uploads\/2021\/11\/apagon.jpg","datePublished":"2021-11-04T11:40:01+00:00","dateModified":"2021-11-04T12:39:54+00:00","description":"Los productos solares se convierten en los protagonistas, despu\u00e9s de que Austria avise de un posible apag\u00f3n el\u00e9ctrico mundial.","breadcrumb":{"@id":"https:\/\/arteconfort.com\/en\/iluminacion-solar-exterior-en\/iluminacion-solar-aliada-apagon-electrico\/#breadcrumb"},"inLanguage":"en-US","potentialAction":[{"@type":"ReadAction","target":["https:\/\/arteconfort.com\/en\/iluminacion-solar-exterior-en\/iluminacion-solar-aliada-apagon-electrico\/"]}]},{"@type":"ImageObject","inLanguage":"en-US","@id":"https:\/\/arteconfort.com\/en\/iluminacion-solar-exterior-en\/iluminacion-solar-aliada-apagon-electrico\/#primaryimage","url":"https:\/\/arteconfort.com\/wp-content\/uploads\/2021\/11\/apagon.jpg","contentUrl":"https:\/\/arteconfort.com\/wp-content\/uploads\/2021\/11\/apagon.jpg","width":800,"height":500,"caption":"La Tierra iluminada desde la distancia"},{"@type":"BreadcrumbList","@id":"https:\/\/arteconfort.com\/en\/iluminacion-solar-exterior-en\/iluminacion-solar-aliada-apagon-electrico\/#breadcrumb","itemListElement":[{"@type":"ListItem","position":1,"name":"Inicio","item":"https:\/\/arteconfort.com\/en\/"},{"@type":"ListItem","position":2,"name":"Iluminaci\u00f3n solar exterior","item":"https:\/\/arteconfort.com\/en\/iluminacion-solar-exterior-en\/"},{"@type":"ListItem","position":3,"name":"Solar lighting: an ally in the face of a possible global power blackout"}]},{"@type":"WebSite","@id":"https:\/\/arteconfort.com\/en\/#website","url":"https:\/\/arteconfort.com\/en\/","name":"Arteconfort","description":"Especialistas en productos del hogar","publisher":{"@id":"https:\/\/arteconfort.com\/en\/#organization"},"potentialAction":[{"@type":"SearchAction","target":{"@type":"EntryPoint","urlTemplate":"https:\/\/arteconfort.com\/en\/?s={search_term_string}"},"query-input":{"@type":"PropertyValueSpecification","valueRequired":true,"valueName":"search_term_string"}}],"inLanguage":"en-US"},{"@type":"Organization","@id":"https:\/\/arteconfort.com\/en\/#organization","name":"Arteconfort","url":"https:\/\/arteconfort.com\/en\/","logo":{"@type":"ImageObject","inLanguage":"en-US","@id":"https:\/\/arteconfort.com\/en\/#\/schema\/logo\/image\/","url":"https:\/\/arteconfort.com\/wp-content\/uploads\/2019\/07\/logo-arteconfort.png","contentUrl":"https:\/\/arteconfort.com\/wp-content\/uploads\/2019\/07\/logo-arteconfort.png","width":230,"height":88,"caption":"Arteconfort"},"image":{"@id":"https:\/\/arteconfort.com\/en\/#\/schema\/logo\/image\/"}},{"@type":"Person","@id":"https:\/\/arteconfort.com\/en\/#\/schema\/person\/12aac2f47430580713e1f2cf74753f81","name":"admin"}]}},"_links":{"self":[{"href":"https:\/\/arteconfort.com\/en\/wp-json\/wp\/v2\/posts\/14966","targetHints":{"allow":["GET"]}}],"collection":[{"href":"https:\/\/arteconfort.com\/en\/wp-json\/wp\/v2\/posts"}],"about":[{"href":"https:\/\/arteconfort.com\/en\/wp-json\/wp\/v2\/types\/post"}],"author":[{"embeddable":true,"href":"https:\/\/arteconfort.com\/en\/wp-json\/wp\/v2\/users\/1"}],"replies":[{"embeddable":true,"href":"https:\/\/arteconfort.com\/en\/wp-json\/wp\/v2\/comments?post=14966"}],"version-history":[{"count":0,"href":"https:\/\/arteconfort.com\/en\/wp-json\/wp\/v2\/posts\/14966\/revisions"}],"wp:featuredmedia":[{"embeddable":true,"href":"https:\/\/arteconfort.com\/en\/wp-json\/wp\/v2\/media\/14931"}],"wp:attachment":[{"href":"https:\/\/arteconfort.com\/en\/wp-json\/wp\/v2\/media?parent=14966"}],"wp:term":[{"taxonomy":"category","embeddable":true,"href":"https:\/\/arteconfort.com\/en\/wp-json\/wp\/v2\/categories?post=14966"},{"taxonomy":"post_tag","embeddable":true,"href":"https:\/\/arteconfort.com\/en\/wp-json\/wp\/v2\/tags?post=14966"}],"curies":[{"name":"wp","href":"https:\/\/api.w.org\/{rel}","templated":true}]}}