{"id":10913,"date":"2021-02-10T18:05:50","date_gmt":"2021-02-10T17:05:50","guid":{"rendered":"https:\/\/arteconfort.com\/non-classifiee\/como-elegir-tu-ventilador-de-techo\/"},"modified":"2025-07-01T10:24:04","modified_gmt":"2025-07-01T08:24:04","slug":"como-elegir-tu-ventilador-de-techo","status":"publish","type":"post","link":"https:\/\/arteconfort.com\/fr\/guias-ventiladores-fr\/como-elegir-tu-ventilador-de-techo\/","title":{"rendered":"Comment choisir son ventilateur de plafond"},"content":{"rendered":"<div class=\"wpb-content-wrapper\"><p>[vc_row][vc_column][wyde_heading text_align=&#8221;center&#8221; title=&#8221;Toutes les cl\u00e9s \u00e0 conna\u00eetre avant d&#8217;acheter un ventilateur de plafond&#8221;][vc_column_text]Au moment de choisir un type de ventilateur de plafond, on peut avoir quelques doutes sur le choix \u00e0 faire. Par cons\u00e9quent, nous devons tenir compte d&#8217;un certain nombre d&#8217;aspects fondamentaux si nous voulons acqu\u00e9rir le plus appropri\u00e9 pour notre maison. Si vous ne savez toujours pas comment choisir un ventilateur de plafond, nous vous expliquons ci-dessous tout ce dont vous devez tenir compte pour choisir le ventilateur qui vous convient le mieux.[\/vc_column_text][vc_empty_space height=&#8221;60px&#8221;][wyde_heading style=&#8221;5&#8243; title_tag=&#8221;h3&#8243; title=&#8221;Taille du ventilateur&#8221; subheading=&#8221;1&#8243;][vc_column_text]Le premier aspect \u00e0 prendre en compte est la taille du ventilateur, car pour un bon rendement et une bonne circulation de l&#8217;air, il doit y avoir un rapport correct entre la <strong>taille du ventilateur<\/strong> et la<strong> pi\u00e8ce dans laquelle nous voulons l&#8217;installer<\/strong>. Un ventilateur trop petit ne d\u00e9placera pas assez d&#8217;air pour climatiser la pi\u00e8ce, tandis qu&#8217;un ventilateur trop grand bloquera la bonne circulation de l&#8217;air, ce qui lui fera perdre son utilit\u00e9. La premi\u00e8re chose \u00e0 savoir est donc la taille de la surface de la pi\u00e8ce ou du local que vous souhaitez ventiler.<\/p>\n<p>Pour cela, si nous voulons installer un ventilateur de plafond dans les petites pi\u00e8ces, de 13m2 ou moins, il est recommand\u00e9 que le diam\u00e8tre du ventilateur soit d&#8217;environ 106cm ; pour les pi\u00e8ces de taille moyenne, entre 13 et 40m2, le ventilateur doit avoir un diam\u00e8tre compris entre 106 et 132cm et, enfin, pour les grandes pi\u00e8ces, de plus de 40m2, les ventilateurs de plus de 132cm de diam\u00e8tre sont recommand\u00e9s.[\/vc_column_text][vc_empty_space height=&#8221;50px&#8221;][vc_row_inner][vc_column_inner width=&#8221;1\/3&#8243;][vc_single_image alignment=&#8221;center&#8221; image=&#8221;9398&#8243;][\/vc_column_inner][vc_column_inner width=&#8221;1\/3&#8243;][vc_single_image alignment=&#8221;center&#8221; image=&#8221;9394&#8243;][\/vc_column_inner][vc_column_inner width=&#8221;1\/3&#8243;][vc_single_image alignment=&#8221;center&#8221; image=&#8221;9402&#8243;][\/vc_column_inner][\/vc_row_inner][vc_empty_space height=&#8221;50px&#8221;][vc_column_text]Id\u00e9alement, le ventilateur devrait \u00eatre plac\u00e9 au centre de la pi\u00e8ce, mais si la pi\u00e8ce est tr\u00e8s grande ou a un plan allong\u00e9 ou irr\u00e9gulier, il est possible d&#8217;installer <strong>plusieurs ventilateurs<\/strong> \u00e0 diff\u00e9rents endroits pour couvrir toute la surface.<\/p>\n<p>En outre, il faut tenir compte du fait qu&#8217;une distance horizontale d&#8217;au moins 50 cm doit \u00eatre laiss\u00e9e entre l&#8217;extr\u00e9mit\u00e9 de la pale et tout objet proche (mur, meubles, portes, etc.) ; et une distance verticale de 2,3 m entre le sol et les pales du ventilateur.[\/vc_column_text][vc_empty_space][vc_single_image alignment=&#8221;center&#8221; image=&#8221;9382&#8243;][vc_empty_space height=&#8221;60px&#8221;][\/vc_column][\/vc_row][vc_row row_style=&#8221;full-width&#8221; vertical_align=&#8221;middle&#8221; padding_size=&#8221;m-padding&#8221; background_mode=&#8221;color&#8221; background_color=&#8221;#f5f5f5&#8243;][vc_column][vc_row_inner][vc_column_inner width=&#8221;1\/4&#8243; offset=&#8221;vc_col-xs-12&#8243; el_class=&#8221;banner-home&#8221;][wyde_heading style=&#8221;3&#8243; title_tag=&#8221;h3&#8243; subheading_tag=&#8221;span&#8221; title=&#8221;Taille de la pi\u00e8ce&#8221; subheading=&#8221;Choisissez votre ventilateur en fonction de la taille de la pi\u00e8ce&#8221;][\/vc_column_inner][vc_column_inner width=&#8221;1\/4&#8243; el_class=&#8221;banner-home&#8221; offset=&#8221;vc_col-xs-6&#8243;][wyde_banner title_tag=&#8221;h5&#8243; banner_style=&#8221;2&#8243; title=&#8221;Fans pour <strong>PETITES PI\u00c8CES<\/strong>&#8221; image=&#8221;4068&#8243; link=&#8221;url:https%3A%2F%2Farteconfort.com%2Fclimatizacion%2Fventiladores-de-techo%2Fventiladores-de-techo-para-habitaciones-pequenas%2F|title:Pol%C3%ADtica%20de%20sostenibilidad||&#8221; heading_color=&#8221;#ffffff&#8221; subheading=&#8221;Moins de 13m<sup>2<\/sup>&#8221; subheading_color=&#8221;#ffffff&#8221;][\/vc_column_inner][vc_column_inner width=&#8221;1\/4&#8243; el_class=&#8221;banner-home&#8221; offset=&#8221;vc_col-xs-6&#8243;][wyde_banner title_tag=&#8221;h5&#8243; banner_style=&#8221;2&#8243; title=&#8221;Fans pour <strong>CHAMBRES DE TAILLE MOYENNE<\/strong>&#8221; image=&#8221;4070&#8243; link=&#8221;url:https%3A%2F%2Farteconfort.com%2Fclimatizacion%2Fventiladores-de-techo%2Fventiladores-de-techo-para-habitaciones-medianas%2F|title:Ventiladores%20de%20techo%20para%20habitaciones%20medianas||&#8221; heading_color=&#8221;#ffffff&#8221; subheading=&#8221;Entre 13 et 40m<sup>2<\/sup>&#8221; subheading_color=&#8221;#ffffff&#8221;][\/vc_column_inner][vc_column_inner width=&#8221;1\/4&#8243; offset=&#8221;vc_col-xs-6&#8243; el_class=&#8221;banner-home&#8221;][wyde_banner title_tag=&#8221;h5&#8243; banner_style=&#8221;2&#8243; title=&#8221;Fans pour <strong>GRANDES CHAMBRES<\/strong>&#8221; image=&#8221;4067&#8243; link=&#8221;url:https%3A%2F%2Farteconfort.com%2Fclimatizacion%2Fventiladores-de-techo%2Fventiladores-de-techo-para-habitaciones-grandes%2F|title:Ventiladores%20de%20techo%20para%20habitaciones%20grandes||&#8221; heading_color=&#8221;#ffffff&#8221; subheading=&#8221;Plus de 40m<sup>2<\/sup>&#8221; subheading_color=&#8221;#ffffff&#8221;][\/vc_column_inner][\/vc_row_inner][\/vc_column][\/vc_row][vc_row][vc_column][vc_empty_space height=&#8221;80px&#8221;][wyde_heading style=&#8221;5&#8243; title_tag=&#8221;h3&#8243; title=&#8221;Mat\u00e9riaux&#8221; subheading=&#8221;2&#8243;][vc_column_text]Bien qu&#8217;il s&#8217;agisse d&#8217;un facteur qui n&#8217;est pas toujours pris en compte, il est conseill\u00e9 de conna\u00eetre le mat\u00e9riau avec lequel le ventilateur est fabriqu\u00e9, aussi bien le corps que les pales. La plupart des ventilateurs sont fabriqu\u00e9s en<strong> bois, en m\u00e9tal ou en plastique<\/strong>, ou une combinaison de ces mat\u00e9riaux. C&#8217;est important car lors de l&#8217;installation de notre ventilateur, nous devons tenir compte des caract\u00e9ristiques physiques et des particularit\u00e9s de chaque mat\u00e9riau :[\/vc_column_text][vc_empty_space][vc_row_inner][vc_column_inner width=&#8221;1\/3&#8243;][wyde_heading style=&#8221;2&#8243; title_tag=&#8221;h4&#8243; subheading_tag=&#8221;span&#8221; text_align=&#8221;center&#8221; title=&#8221;Bois&#8221;][vc_column_text]Un ventilateur de plafond avec des pales en bois s&#8217;harmonise parfaitement avec votre mobilier d&#8217;int\u00e9rieur. Il est id\u00e9al pour les salons ou les chambres \u00e0 coucher et donne un aspect plus chaleureux et rustique \u00e0 la pi\u00e8ce. Comme il s&#8217;agit d&#8217;un mat\u00e9riau poreux, il n&#8217;est pas recommand\u00e9 pour certaines utilisations o\u00f9 il peut y avoir des changements soudains d&#8217;humidit\u00e9 ou de temp\u00e9rature, comme \u00e0 l&#8217;ext\u00e9rieur de la maison.[\/vc_column_text][\/vc_column_inner][vc_column_inner width=&#8221;1\/3&#8243;][wyde_heading style=&#8221;2&#8243; title_tag=&#8221;h4&#8243; subheading_tag=&#8221;span&#8221; text_align=&#8221;center&#8221; title=&#8221;Plastique&#8221;][vc_column_text]Le plastique est un mat\u00e9riau l\u00e9ger et durable qui peut \u00eatre facilement con\u00e7u et adapt\u00e9 \u00e0 diff\u00e9rentes formes et styles. Il est \u00e9galement important de ne pas les installer pr\u00e8s de sources de chaleur, car le plastique des pales du ventilateur pourrait se d\u00e9former et \u00eatre d\u00e9s\u00e9quilibr\u00e9.[\/vc_column_text][\/vc_column_inner][vc_column_inner width=&#8221;1\/3&#8243;][wyde_heading style=&#8221;2&#8243; title_tag=&#8221;h4&#8243; subheading_tag=&#8221;span&#8221; text_align=&#8221;center&#8221; title=&#8221;M\u00e9tal&#8221;][vc_column_text]Le m\u00e9tal est un mat\u00e9riau tr\u00e8s r\u00e9sistant et durable qui donne \u00e0 nos pi\u00e8ces un style industriel. Mais c&#8217;est aussi le mat\u00e9riau le plus lourd, vous devez donc tenir compte du poids du ventilateur lors de son installation.[\/vc_column_text][\/vc_column_inner][\/vc_row_inner][vc_empty_space height=&#8221;80px&#8221;][wyde_heading style=&#8221;5&#8243; title_tag=&#8221;h3&#8243; title=&#8221;Technologie des moteurs&#8221; subheading=&#8221;3&#8243;][vc_column_text]Aujourd&#8217;hui plus que jamais, nous sommes \u00e0 la recherche d&#8217;\u00e9conomies et d&#8217;efficacit\u00e9 \u00e9nerg\u00e9tique dans nos foyers : nous voulons des appareils qui consomment moins d&#8217;\u00e9lectricit\u00e9 tout en \u00e9tant plus performants. Dans le cas des ventilateurs de plafond, ils sont parfois install\u00e9s dans les chambres \u00e0 coucher et utilis\u00e9s pendant que nous dormons, c&#8217;est pourquoi nous voulons qu&#8217;ils soient aussi silencieux que possible. Ces deux facteurs sont directement li\u00e9s au type de moteur utilis\u00e9 par le ventilateur. Nous d\u00e9taillons ci-dessous les deux types de moteurs que vous pouvez trouver:[\/vc_column_text][vc_empty_space][vc_row_inner][vc_column_inner width=&#8221;1\/2&#8243;][vc_single_image img_size=&#8221;aoraki-medium&#8221; style=&#8221;circle&#8221; alignment=&#8221;center&#8221; image=&#8221;30956&#8243;][vc_empty_space height=&#8221;20px&#8221;][wyde_heading style=&#8221;2&#8243; title_tag=&#8221;h4&#8243; subheading_tag=&#8221;span&#8221; text_align=&#8221;center&#8221; title=&#8221;Fans avec <strong>Moteur CA<\/strong>&#8221; subheading=&#8221;ou le courant alternatif&#8221;][vc_column_text]Les<strong> moteurs \u00e0 courant alternatif<\/strong> convertissent l&#8217;\u00e9lectricit\u00e9 en un mouvement de rotation qui fait bouger les pales g\u00e9n\u00e9rant un flux d&#8217;air. Ils ont la particularit\u00e9 d&#8217;\u00eatre des moteurs tr\u00e8s silencieux et efficaces.[\/vc_column_text][\/vc_column_inner][vc_column_inner width=&#8221;1\/2&#8243;][vc_single_image img_size=&#8221;aoraki-medium&#8221; style=&#8221;circle&#8221; alignment=&#8221;center&#8221; image=&#8221;6710&#8243;][vc_empty_space height=&#8221;20px&#8221;][wyde_heading style=&#8221;2&#8243; title_tag=&#8221;h4&#8243; subheading_tag=&#8221;span&#8221; text_align=&#8221;center&#8221; title=&#8221;Fans avec <strong>Moteur CC<\/strong>&#8221; subheading=&#8221;ou courant continu&#8221;][vc_column_text]Les<strong> moteurs \u00e0 courant continu<\/strong> convertissent l&#8217;\u00e9nergie \u00e9lectrique en \u00e9nergie m\u00e9canique, gr\u00e2ce au champ magn\u00e9tique cr\u00e9\u00e9 par les aimants \u00e0 l&#8217;int\u00e9rieur, ce qui permet de g\u00e9n\u00e9rer un mouvement. Gr\u00e2ce \u00e0 ces aimants, il n&#8217;y a pas de friction entre les composants du moteur, ce qui am\u00e9liore le rendement \u00e9nerg\u00e9tique et prolonge la dur\u00e9e de vie du ventilateur. En outre, comme il n&#8217;y a pas de friction, les ventilateurs \u00e9quip\u00e9s de ce type de moteur sont ultra silencieux et consomment moins d&#8217;\u00e9nergie, ce qui permet d&#8217;\u00e9conomiser jusqu&#8217;\u00e0 70 % de la consommation d&#8217;\u00e9lectricit\u00e9 par rapport \u00e0 un moteur \u00e0 courant alternatif.[\/vc_column_text][\/vc_column_inner][\/vc_row_inner][vc_empty_space height=&#8221;80px&#8221;][wyde_heading style=&#8221;5&#8243; title_tag=&#8221;h3&#8243; title=&#8221;Tipo de iluminaci\u00f3n&#8221; subheading=&#8221;4&#8243;][vc_column_text]Une autre question que vous devriez vous poser est de savoir si vous voulez u<strong>n ventilateur de plafond avec ou sans lumi\u00e8re<\/strong>, car dans de nombreux cas, le ventilateur remplace le plafonnier, donc \u00e0 moins que vous ayez une autre source d&#8217;\u00e9clairage, nous vous recommandons d&#8217;opter pour un ventilateur avec lumi\u00e8re. Si vous choisissez un ventilateur avec lumi\u00e8re, vous pouvez \u00e9galement choisir le type d&#8217;\u00e9clairage que vous pr\u00e9f\u00e9rez :<\/p>\n<ul>\n<li><strong>Ventilateur avec lumi\u00e8re LED int\u00e9gr\u00e9e<\/strong>. Gr\u00e2ce \u00e0 l&#8217;avanc\u00e9e de la technologie LED, les ventilateurs dot\u00e9s de ce type d&#8217;\u00e9clairage vous permettent de modifier la temp\u00e9rature de couleur (entre lumi\u00e8re chaude, neutre ou froide) ou de r\u00e9gler l&#8217;intensit\u00e9 de la lumi\u00e8re. Certains mod\u00e8les permettent \u00e9galement de modifier la couleur de la lumi\u00e8re (RGB).<\/li>\n<li><strong>Ventilateur avec douilles d&#8217;ampoules<\/strong>. Lors du choix de l&#8217;ampoule, vous devez tenir compte de la puissance maximale autoris\u00e9e par le ventilateur et du type de douille.<\/li>\n<\/ul>\n<p>[\/vc_column_text][vc_empty_space][\/vc_column][\/vc_row][vc_row row_style=&#8221;full-width&#8221; vertical_align=&#8221;middle&#8221; padding_size=&#8221;m-padding&#8221; background_mode=&#8221;color&#8221; background_color=&#8221;#f5f5f5&#8243;][vc_column][vc_row_inner][vc_column_inner width=&#8221;1\/4&#8243; offset=&#8221;vc_col-xs-12&#8243; el_class=&#8221;banner-home&#8221;][wyde_heading style=&#8221;3&#8243; title_tag=&#8221;h3&#8243; subheading_tag=&#8221;span&#8221; title=&#8221;Tipo de iluminaci\u00f3n&#8221; subheading=&#8221;Tu ventilador de techo con o sin luz&#8221;][\/vc_column_inner][vc_column_inner width=&#8221;1\/4&#8243; el_class=&#8221;banner-home&#8221; offset=&#8221;vc_col-xs-6&#8243;][wyde_banner title_tag=&#8221;h5&#8243; banner_style=&#8221;2&#8243; title=&#8221;Ventiladores con <strong>LUZ LED INTEGRADA<\/strong>&#8221; image=&#8221;4116&#8243; link=&#8221;url:https%3A%2F%2Farteconfort.com%2Fclimatizacion%2Fventiladores-de-techo%2Fventiladores-de-techo-con-luz-led-integrada%2F|title:Pol%C3%ADtica%20de%20sostenibilidad||&#8221; heading_color=&#8221;#ffffff&#8221;][\/vc_column_inner][vc_column_inner width=&#8221;1\/4&#8243; el_class=&#8221;banner-home&#8221; offset=&#8221;vc_col-xs-6&#8243;][wyde_banner title_tag=&#8221;h5&#8243; banner_style=&#8221;2&#8243; title=&#8221;Ventiladores con <strong>CASQUILLO<\/strong>&#8221; image=&#8221;4112&#8243; link=&#8221;url:https%3A%2F%2Farteconfort.com%2Fclimatizacion%2Fventiladores-de-techo%2Fventiladores-de-techo-con-casquillo%2F|title:Ventiladores%20de%20techo%20con%20casquillo||&#8221; heading_color=&#8221;#ffffff&#8221;][\/vc_column_inner][vc_column_inner width=&#8221;1\/4&#8243; offset=&#8221;vc_col-xs-6&#8243; el_class=&#8221;banner-home&#8221;][wyde_banner title_tag=&#8221;h5&#8243; banner_style=&#8221;2&#8243; title=&#8221;Ventiladores <strong>SIN LUZ<\/strong>&#8221; image=&#8221;4115&#8243; link=&#8221;url:https%3A%2F%2Farteconfort.com%2Fclimatizacion%2Fventiladores-de-techo%2Fventiladores-de-techo-sin-luz%2F|title:Ventiladores%20de%20techo%20sin%20luz||&#8221; heading_color=&#8221;#ffffff&#8221;][\/vc_column_inner][\/vc_row_inner][\/vc_column][\/vc_row][vc_row][vc_column][vc_empty_space height=&#8221;80px&#8221;][wyde_heading style=&#8221;5&#8243; title_tag=&#8221;h3&#8243; title=&#8221;Utilisation int\u00e9rieure ou ext\u00e9rieure&#8221; subheading=&#8221;5&#8243;][vc_column_text]Nous avons l&#8217;habitude de voir des ventilateurs de plafond \u00e0 l&#8217;int\u00e9rieur, mais les ventilateurs ext\u00e9rieurs sont de plus en plus courants, surtout dans les r\u00e9gions chaudes ou c\u00f4ti\u00e8res. Si vous souhaitez installer un<strong> ventilateur de plafond dans un espace ext\u00e9rieur<\/strong> (comme le toit d&#8217;un porche ou d&#8217;une terrasse, une pergola ou un toit ouvert), vous devez choisir un ventilateur sp\u00e9cialement con\u00e7u pour l&#8217;ext\u00e9rieur. Ce type de ventilateur est g\u00e9n\u00e9ralement indiqu\u00e9 par un <strong>indice de protection IP44<\/strong>.[\/vc_column_text][vc_empty_space][vc_single_image alignment=&#8221;center&#8221; image=&#8221;9390&#8243;][\/vc_column][\/vc_row][vc_row][vc_column][vc_empty_space height=&#8221;80px&#8221;][wyde_heading style=&#8221;5&#8243; title_tag=&#8221;h3&#8243; title=&#8221;Mode de mise sous tension&#8221; subheading=&#8221;6&#8243;][vc_column_text]En revanche, l&#8217;une des principales caract\u00e9ristiques qui diff\u00e9rencient les ventilateurs de plafond est leur mode d&#8217;allumage. Principalement, il y a trois fa\u00e7ons de faire fonctionner un ventilateur et sa lumi\u00e8re, s&#8217;il en a une : par la cha\u00eene, la t\u00e9l\u00e9commande ou les appareils intelligents ou l&#8217;application. Tous, compatibles avec l&#8217;interrupteur mural, si le ventilateur remplace la lampe.[\/vc_column_text][vc_empty_space][vc_row_inner][vc_column_inner width=&#8221;1\/3&#8243;][wyde_heading style=&#8221;2&#8243; title_tag=&#8221;h4&#8243; subheading_tag=&#8221;span&#8221; text_align=&#8221;center&#8221; title=&#8221;Commande vocale ou par application&#8221;][vc_column_text]Il s&#8217;agit de la version la plus r\u00e9cente sur le march\u00e9 et la domotique devient de plus en plus facile et accessible. Les nouveaux <strong>ventilateurs de plafond intelligents<\/strong> peuvent \u00eatre reli\u00e9s \u00e0 notre smartphone ou \u00e0 une enceinte intelligente par le biais d&#8217;une application. Cela nous permettra de le contr\u00f4ler par la voix ou par une application mobile.[\/vc_column_text][\/vc_column_inner][vc_column_inner width=&#8221;1\/3&#8243;][wyde_heading style=&#8221;2&#8243; title_tag=&#8221;h4&#8243; subheading_tag=&#8221;span&#8221; text_align=&#8221;center&#8221; title=&#8221;T\u00e9l\u00e9commande&#8221;][vc_column_text]Sans aucun doute, il nous apporte un grand confort, car il nous permet de contr\u00f4ler ind\u00e9pendamment le ventilateur et la lumi\u00e8re. Les ventilateurs avec t\u00e9l\u00e9commande peuvent \u00eatre contr\u00f4l\u00e9s \u00e0 grande distance, car ils ont un champ d&#8217;action tr\u00e8s large. En outre, il offre d&#8217;autres avantages comme la possibilit\u00e9 de programmer le ventilateur ou d&#8217;activer le mode hiver.[\/vc_column_text][\/vc_column_inner][vc_column_inner width=&#8221;1\/3&#8243;][wyde_heading style=&#8221;2&#8243; title_tag=&#8221;h4&#8243; subheading_tag=&#8221;span&#8221; text_align=&#8221;center&#8221; title=&#8221;Cha\u00eene&#8221;][vc_column_text]Les ventilateurs de plafond de style classique sont actionn\u00e9s par une cha\u00eene (deux s&#8217;il y a une lumi\u00e8re).[\/vc_column_text][\/vc_column_inner][\/vc_row_inner][vc_empty_space][\/vc_column][\/vc_row][vc_row row_style=&#8221;full-width&#8221; vertical_align=&#8221;middle&#8221; padding_size=&#8221;m-padding&#8221; background_mode=&#8221;color&#8221; background_color=&#8221;#f5f5f5&#8243;][vc_column][vc_row_inner][vc_column_inner width=&#8221;1\/4&#8243; offset=&#8221;vc_col-xs-12&#8243; el_class=&#8221;banner-home&#8221;][wyde_heading style=&#8221;3&#8243; title_tag=&#8221;h3&#8243; subheading_tag=&#8221;span&#8221; title=&#8221;Mode de mise sous tension&#8221; subheading=&#8221;Il existe diff\u00e9rentes fa\u00e7ons de faire fonctionner votre ventilateur&#8221;][\/vc_column_inner][vc_column_inner width=&#8221;1\/4&#8243; el_class=&#8221;banner-home&#8221; offset=&#8221;vc_col-xs-6&#8243;][wyde_banner title_tag=&#8221;h5&#8243; banner_style=&#8221;2&#8243; title=&#8221;Fans avec <strong>COMMANDE VOCALE OU PAR APPLICATION<\/strong>&#8221; image=&#8221;4072&#8243; link=&#8221;url:https%3A%2F%2Farteconfort.com%2Fclimatizacion%2Fventiladores-de-techo%2Fventiladores-de-techo-con-control-por-voz-o-app%2F|title:Pol%C3%ADtica%20de%20sostenibilidad||&#8221; heading_color=&#8221;#ffffff&#8221;][\/vc_column_inner][vc_column_inner width=&#8221;1\/4&#8243; el_class=&#8221;banner-home&#8221; offset=&#8221;vc_col-xs-6&#8243;][wyde_banner title_tag=&#8221;h5&#8243; banner_style=&#8221;2&#8243; title=&#8221;Fans avec <strong>T\u00c9L\u00c9COMMANDE<\/strong>&#8221; image=&#8221;4077&#8243; link=&#8221;url:https%3A%2F%2Farteconfort.com%2Fclimatizacion%2Fventiladores-de-techo%2Fventiladores-de-techo-con-mando-a-distancia%2F|title:Ventiladores%20de%20techo%20con%20mando%20a%20distancia||&#8221; heading_color=&#8221;#ffffff&#8221;][\/vc_column_inner][vc_column_inner width=&#8221;1\/4&#8243; offset=&#8221;vc_col-xs-6&#8243; el_class=&#8221;banner-home&#8221;][wyde_banner title_tag=&#8221;h5&#8243; banner_style=&#8221;2&#8243; title=&#8221;Fans avec <strong>CHA\u00ceNE<\/strong>&#8221; image=&#8221;4075&#8243; link=&#8221;url:https%3A%2F%2Farteconfort.com%2Fclimatizacion%2Fventiladores-de-techo%2Fventiladores-de-techo-con-cadena%2F|title:Ventiladores%20de%20techo%20con%20cadena||&#8221; heading_color=&#8221;#ffffff&#8221;][\/vc_column_inner][\/vc_row_inner][\/vc_column][\/vc_row][vc_row][vc_column][vc_empty_space height=&#8221;80px&#8221;][wyde_heading style=&#8221;5&#8243; title_tag=&#8221;h3&#8243; title=&#8221;Fonctions sp\u00e9ciales&#8221; subheading=&#8221;7&#8243;][vc_column_text]Avec l&#8217;avancement et le d\u00e9veloppement des nouvelles technologies, de nouvelles caract\u00e9ristiques et fonctions ont \u00e9t\u00e9 impl\u00e9ment\u00e9es aux ventilateurs de plafond pour offrir le meilleur confort et la meilleure exp\u00e9rience utilisateur. Si vous voulez un plus de fonctionnalit\u00e9s, vous pouvez trouver des mod\u00e8les avec les caract\u00e9ristiques suivantes:<\/p>\n<ul>\n<li><strong>Mode brise<\/strong>. Le ventilateur fonctionne automatiquement en passant en douceur d&#8217;une vitesse \u00e0 l&#8217;autre, cr\u00e9ant ainsi la sensation d&#8217;une douce brise naturelle.<\/li>\n<li><strong>Mode hiver<\/strong>. Permet de modifier le sens de rotation des pales pour r\u00e9partir et profiter de la chaleur accumul\u00e9e dans la partie la plus haute de la pi\u00e8ce. <a href=\"https:\/\/arteconfort.com\/ventilador-de-techo\/como-funciona-el-modo-invierno-de-un-ventilador-de-techo\/\">D\u00e9couvrez comment \u00e9conomiser sur le chauffage gr\u00e2ce au mode hiver<\/a>.<\/li>\n<li><strong>Thermostat uSense<\/strong>. Lorsque vous activez la fonction uSense, le ventilateur d\u00e9tecte la temp\u00e9rature de la pi\u00e8ce et ajuste automatiquement sa vitesse.<\/li>\n<li><strong>Syst\u00e8me de Fast Fan<\/strong>. Le syst\u00e8me d&#8217;installation rapide Fast Fan d&#8217;Arteconfort est unique sur le march\u00e9. Les ventilateurs dot\u00e9s de ce syst\u00e8me sont les plus faciles \u00e0 installer, car ils \u00e9vitent d&#8217;avoir \u00e0 installer et \u00e0 connecter des contr\u00f4leurs.<\/li>\n<li><strong>Haut-parleur Bluetooth int\u00e9gr\u00e9<\/strong>. \u00c9coutez la musique de votre ventilateur en le synchronisant avec votre smartphone et vivez des moments uniques.<\/li>\n<li><strong>Intensit\u00e9 lumineuse r\u00e9glable<\/strong>. Vous pouvez cr\u00e9er l&#8217;atmosph\u00e8re id\u00e9ale pour chaque moment en r\u00e9glant la quantit\u00e9 de lumi\u00e8re \u00e9mise par le ventilateur.<\/li>\n<li><strong>Changement de temp\u00e9rature des couleurs<\/strong>. Aide \u00e0 r\u00e9guler les cycles circadiens de votre corps en choisissant la temp\u00e9rature de couleur de la lumi\u00e8re la plus appropri\u00e9e pour chaque moment de la journ\u00e9e. Vous am\u00e9liorerez votre repos.<\/li>\n<li><strong>Programmation du temps d&#8217;utilisation<\/strong>. Vous pouvez programmer la dur\u00e9e de fonctionnement du ventilateur. Il est parfait pour une utilisation pendant votre sommeil, le ventilateur s&#8217;\u00e9teint automatiquement lorsqu&#8217;il atteint le temps programm\u00e9.<\/li>\n<\/ul>\n<p>[\/vc_column_text][vc_empty_space height=&#8221;80px&#8221;][\/vc_column][\/vc_row][vc_row][vc_column][wyde_heading style=&#8221;5&#8243; title_tag=&#8221;h3&#8243; title=&#8221;Aspect d\u00e9coratif&#8221; subheading=&#8221;8&#8243;][vc_column_text]Il ne faut pas oublier le r\u00f4le fondamental que jouent les ventilateurs de plafond dans la d\u00e9coration de votre maison. Vous pouvez trouver une multitude de formes et de couleurs qui s&#8217;adaptent \u00e0 diff\u00e9rents types de styles d&#8217;habitation : moderne, classique, rustique, minimaliste, et m\u00eame pour les chambres d&#8217;enfants color\u00e9es. Certains ventilateurs pr\u00e9sentent des caract\u00e9ristiques particuli\u00e8res au niveau des pales;[\/vc_column_text][vc_row_inner vertical_align=&#8221;middle&#8221;][vc_column_inner width=&#8221;1\/4&#8243;][vc_single_image img_size=&#8221;aoraki-medium&#8221; style=&#8221;circle&#8221; image=&#8221;29511&#8243;][\/vc_column_inner][vc_column_inner width=&#8221;3\/4&#8243;][vc_column_text]<\/p>\n<ul>\n<li><strong>Pales de ventilateur escamotables ou dissimul\u00e9es<\/strong>. Les pales du ventilateur ne sont pas visibles lorsque le ventilateur est \u00e9teint. Cela dissimulera le fait qu&#8217;il s&#8217;agit d&#8217;un ventilateur, le faisant ressembler \u00e0 un plafonnier.<\/li>\n<li><strong>Lames r\u00e9versibles<\/strong>. Les mod\u00e8les \u00e0 lames r\u00e9versibles vous permettront de choisir la couleur qui vous pla\u00eet le plus et de l&#8217;adapter \u00e0 votre pi\u00e8ce, ce qui les rend plus polyvalents. Cette caract\u00e9ristique est plus courante dans les ventilateurs destin\u00e9s aux chambres d&#8217;enfants, car elle permet d&#8217;une part de mettre en valeur des couleurs vives lorsque l&#8217;enfant est jeune, et d&#8217;autre part des couleurs plus neutres lorsqu&#8217;il grandit.<\/li>\n<\/ul>\n<p>[\/vc_column_text][\/vc_column_inner][\/vc_row_inner][\/vc_column][\/vc_row]<\/p>\n<\/div>","protected":false},"excerpt":{"rendered":"<p>[vc_row][vc_column][wyde_heading text_align=&#8221;center&#8221; title=&#8221;Toutes les cl\u00e9s \u00e0 conna\u00eetre avant d&#8217;acheter un ventilateur de plafond&#8221;][vc_column_text]Au moment de choisir un type de ventilateur de plafond, on peut avoir quelques doutes sur le choix \u00e0 faire. Par cons\u00e9quent, nous devons tenir compte d&#8217;un certain nombre d&#8217;aspects fondamentaux si nous voulons acqu\u00e9rir le plus appropri\u00e9 pour notre maison. Si vous [&hellip;]<\/p>\n","protected":false},"author":1,"featured_media":9386,"comment_status":"closed","ping_status":"open","sticky":false,"template":"","format":"standard","meta":{"footnotes":""},"categories":[287,308],"tags":[],"class_list":["post-10913","post","type-post","status-publish","format-standard","has-post-thumbnail","hentry","category-guias-ventiladores-fr","category-ventilador-de-techo-fr"],"yoast_head":"<!-- This site is optimized with the Yoast SEO plugin v26.5 - https:\/\/yoast.com\/wordpress\/plugins\/seo\/ -->\n<title>Comment choisir son ventilateur de plafond - Arteconfort<\/title>\n<meta name=\"description\" content=\"Au moment de choisir un type de ventilateur de plafond, on peut avoir quelques doutes sur le choix \u00e0 faire. Par cons\u00e9quent, nous devons tenir compte d&#039;un\" \/>\n<meta name=\"robots\" content=\"index, follow, max-snippet:-1, max-image-preview:large, max-video-preview:-1\" \/>\n<link rel=\"canonical\" href=\"https:\/\/arteconfort.com\/fr\/guias-ventiladores-fr\/como-elegir-tu-ventilador-de-techo\/\" \/>\n<meta property=\"og:locale\" content=\"fr_FR\" \/>\n<meta property=\"og:type\" content=\"article\" \/>\n<meta property=\"og:title\" content=\"Comment choisir son ventilateur de plafond - Arteconfort\" \/>\n<meta property=\"og:description\" content=\"Au moment de choisir un type de ventilateur de plafond, on peut avoir quelques doutes sur le choix \u00e0 faire. Par cons\u00e9quent, nous devons tenir compte d&#039;un\" \/>\n<meta property=\"og:url\" content=\"https:\/\/arteconfort.com\/fr\/guias-ventiladores-fr\/como-elegir-tu-ventilador-de-techo\/\" \/>\n<meta property=\"og:site_name\" content=\"Arteconfort\" \/>\n<meta property=\"article:published_time\" content=\"2021-02-10T17:05:50+00:00\" \/>\n<meta property=\"article:modified_time\" content=\"2025-07-01T08:24:04+00:00\" \/>\n<meta property=\"og:image\" content=\"https:\/\/arteconfort.com\/wp-content\/uploads\/2021\/02\/como-elegir-tu-ventilador-de-techo.jpg\" \/>\n\t<meta property=\"og:image:width\" content=\"700\" \/>\n\t<meta property=\"og:image:height\" content=\"500\" \/>\n\t<meta property=\"og:image:type\" content=\"image\/jpeg\" \/>\n<meta name=\"author\" content=\"admin\" \/>\n<meta name=\"twitter:card\" content=\"summary_large_image\" \/>\n<meta name=\"twitter:label1\" content=\"\u00c9crit par\" \/>\n\t<meta name=\"twitter:data1\" content=\"admin\" \/>\n\t<meta name=\"twitter:label2\" content=\"Dur\u00e9e de lecture estim\u00e9e\" \/>\n\t<meta name=\"twitter:data2\" content=\"13 minutes\" \/>\n<!-- \/ Yoast SEO plugin. -->","yoast_head_json":{"title":"Comment choisir son ventilateur de plafond - Arteconfort","description":"Au moment de choisir un type de ventilateur de plafond, on peut avoir quelques doutes sur le choix \u00e0 faire. Par cons\u00e9quent, nous devons tenir compte d'un","robots":{"index":"index","follow":"follow","max-snippet":"max-snippet:-1","max-image-preview":"max-image-preview:large","max-video-preview":"max-video-preview:-1"},"canonical":"https:\/\/arteconfort.com\/fr\/guias-ventiladores-fr\/como-elegir-tu-ventilador-de-techo\/","og_locale":"fr_FR","og_type":"article","og_title":"Comment choisir son ventilateur de plafond - Arteconfort","og_description":"Au moment de choisir un type de ventilateur de plafond, on peut avoir quelques doutes sur le choix \u00e0 faire. Par cons\u00e9quent, nous devons tenir compte d'un","og_url":"https:\/\/arteconfort.com\/fr\/guias-ventiladores-fr\/como-elegir-tu-ventilador-de-techo\/","og_site_name":"Arteconfort","article_published_time":"2021-02-10T17:05:50+00:00","article_modified_time":"2025-07-01T08:24:04+00:00","og_image":[{"width":700,"height":500,"url":"https:\/\/arteconfort.com\/wp-content\/uploads\/2021\/02\/como-elegir-tu-ventilador-de-techo.jpg","type":"image\/jpeg"}],"author":"admin","twitter_card":"summary_large_image","twitter_misc":{"\u00c9crit par":"admin","Dur\u00e9e de lecture estim\u00e9e":"13 minutes"},"schema":{"@context":"https:\/\/schema.org","@graph":[{"@type":"Article","@id":"https:\/\/arteconfort.com\/fr\/guias-ventiladores-fr\/como-elegir-tu-ventilador-de-techo\/#article","isPartOf":{"@id":"https:\/\/arteconfort.com\/fr\/guias-ventiladores-fr\/como-elegir-tu-ventilador-de-techo\/"},"author":{"name":"admin","@id":"https:\/\/arteconfort.com\/fr\/#\/schema\/person\/12aac2f47430580713e1f2cf74753f81"},"headline":"Comment choisir son ventilateur de plafond","datePublished":"2021-02-10T17:05:50+00:00","dateModified":"2025-07-01T08:24:04+00:00","mainEntityOfPage":{"@id":"https:\/\/arteconfort.com\/fr\/guias-ventiladores-fr\/como-elegir-tu-ventilador-de-techo\/"},"wordCount":3177,"publisher":{"@id":"https:\/\/arteconfort.com\/fr\/#organization"},"image":{"@id":"https:\/\/arteconfort.com\/fr\/guias-ventiladores-fr\/como-elegir-tu-ventilador-de-techo\/#primaryimage"},"thumbnailUrl":"https:\/\/arteconfort.com\/wp-content\/uploads\/2021\/02\/como-elegir-tu-ventilador-de-techo.jpg","articleSection":["Gu\u00edas de ventiladores de techo","Ventilador de techo"],"inLanguage":"fr-FR"},{"@type":"WebPage","@id":"https:\/\/arteconfort.com\/fr\/guias-ventiladores-fr\/como-elegir-tu-ventilador-de-techo\/","url":"https:\/\/arteconfort.com\/fr\/guias-ventiladores-fr\/como-elegir-tu-ventilador-de-techo\/","name":"Comment choisir son ventilateur de plafond - Arteconfort","isPartOf":{"@id":"https:\/\/arteconfort.com\/fr\/#website"},"primaryImageOfPage":{"@id":"https:\/\/arteconfort.com\/fr\/guias-ventiladores-fr\/como-elegir-tu-ventilador-de-techo\/#primaryimage"},"image":{"@id":"https:\/\/arteconfort.com\/fr\/guias-ventiladores-fr\/como-elegir-tu-ventilador-de-techo\/#primaryimage"},"thumbnailUrl":"https:\/\/arteconfort.com\/wp-content\/uploads\/2021\/02\/como-elegir-tu-ventilador-de-techo.jpg","datePublished":"2021-02-10T17:05:50+00:00","dateModified":"2025-07-01T08:24:04+00:00","description":"Au moment de choisir un type de ventilateur de plafond, on peut avoir quelques doutes sur le choix \u00e0 faire. Par cons\u00e9quent, nous devons tenir compte d'un","breadcrumb":{"@id":"https:\/\/arteconfort.com\/fr\/guias-ventiladores-fr\/como-elegir-tu-ventilador-de-techo\/#breadcrumb"},"inLanguage":"fr-FR","potentialAction":[{"@type":"ReadAction","target":["https:\/\/arteconfort.com\/fr\/guias-ventiladores-fr\/como-elegir-tu-ventilador-de-techo\/"]}]},{"@type":"ImageObject","inLanguage":"fr-FR","@id":"https:\/\/arteconfort.com\/fr\/guias-ventiladores-fr\/como-elegir-tu-ventilador-de-techo\/#primaryimage","url":"https:\/\/arteconfort.com\/wp-content\/uploads\/2021\/02\/como-elegir-tu-ventilador-de-techo.jpg","contentUrl":"https:\/\/arteconfort.com\/wp-content\/uploads\/2021\/02\/como-elegir-tu-ventilador-de-techo.jpg","width":700,"height":500},{"@type":"BreadcrumbList","@id":"https:\/\/arteconfort.com\/fr\/guias-ventiladores-fr\/como-elegir-tu-ventilador-de-techo\/#breadcrumb","itemListElement":[{"@type":"ListItem","position":1,"name":"Inicio","item":"https:\/\/arteconfort.com\/fr\/"},{"@type":"ListItem","position":2,"name":"Gu\u00edas de ventiladores de techo","item":"https:\/\/arteconfort.com\/fr\/guias-ventiladores-fr\/"},{"@type":"ListItem","position":3,"name":"Comment choisir son ventilateur de plafond"}]},{"@type":"WebSite","@id":"https:\/\/arteconfort.com\/fr\/#website","url":"https:\/\/arteconfort.com\/fr\/","name":"Arteconfort","description":"Especialistas en productos del hogar","publisher":{"@id":"https:\/\/arteconfort.com\/fr\/#organization"},"potentialAction":[{"@type":"SearchAction","target":{"@type":"EntryPoint","urlTemplate":"https:\/\/arteconfort.com\/fr\/?s={search_term_string}"},"query-input":{"@type":"PropertyValueSpecification","valueRequired":true,"valueName":"search_term_string"}}],"inLanguage":"fr-FR"},{"@type":"Organization","@id":"https:\/\/arteconfort.com\/fr\/#organization","name":"Arteconfort","url":"https:\/\/arteconfort.com\/fr\/","logo":{"@type":"ImageObject","inLanguage":"fr-FR","@id":"https:\/\/arteconfort.com\/fr\/#\/schema\/logo\/image\/","url":"https:\/\/arteconfort.com\/wp-content\/uploads\/2019\/07\/logo-arteconfort.png","contentUrl":"https:\/\/arteconfort.com\/wp-content\/uploads\/2019\/07\/logo-arteconfort.png","width":230,"height":88,"caption":"Arteconfort"},"image":{"@id":"https:\/\/arteconfort.com\/fr\/#\/schema\/logo\/image\/"}},{"@type":"Person","@id":"https:\/\/arteconfort.com\/fr\/#\/schema\/person\/12aac2f47430580713e1f2cf74753f81","name":"admin"}]}},"_links":{"self":[{"href":"https:\/\/arteconfort.com\/fr\/wp-json\/wp\/v2\/posts\/10913","targetHints":{"allow":["GET"]}}],"collection":[{"href":"https:\/\/arteconfort.com\/fr\/wp-json\/wp\/v2\/posts"}],"about":[{"href":"https:\/\/arteconfort.com\/fr\/wp-json\/wp\/v2\/types\/post"}],"author":[{"embeddable":true,"href":"https:\/\/arteconfort.com\/fr\/wp-json\/wp\/v2\/users\/1"}],"replies":[{"embeddable":true,"href":"https:\/\/arteconfort.com\/fr\/wp-json\/wp\/v2\/comments?post=10913"}],"version-history":[{"count":0,"href":"https:\/\/arteconfort.com\/fr\/wp-json\/wp\/v2\/posts\/10913\/revisions"}],"wp:featuredmedia":[{"embeddable":true,"href":"https:\/\/arteconfort.com\/fr\/wp-json\/wp\/v2\/media\/9386"}],"wp:attachment":[{"href":"https:\/\/arteconfort.com\/fr\/wp-json\/wp\/v2\/media?parent=10913"}],"wp:term":[{"taxonomy":"category","embeddable":true,"href":"https:\/\/arteconfort.com\/fr\/wp-json\/wp\/v2\/categories?post=10913"},{"taxonomy":"post_tag","embeddable":true,"href":"https:\/\/arteconfort.com\/fr\/wp-json\/wp\/v2\/tags?post=10913"}],"curies":[{"name":"wp","href":"https:\/\/api.w.org\/{rel}","templated":true}]}}