{"id":10925,"date":"2020-08-19T11:31:24","date_gmt":"2020-08-19T09:31:24","guid":{"rendered":"https:\/\/arteconfort.com\/non-classifiee\/como-funciona-el-modo-invierno-de-un-ventilador-de-techo\/"},"modified":"2022-04-26T09:29:22","modified_gmt":"2022-04-26T07:29:22","slug":"como-funciona-el-modo-invierno-de-un-ventilador-de-techo","status":"publish","type":"post","link":"https:\/\/arteconfort.com\/fr\/ventilador-de-techo-fr\/como-funciona-el-modo-invierno-de-un-ventilador-de-techo\/","title":{"rendered":"Comment fonctionne le mode hiver d&#8217;un ventilateur de plafond?"},"content":{"rendered":"<div class=\"wpb-content-wrapper\"><p>[vc_row][vc_column][wyde_heading style=&#8221;2&#8243; subheading_tag=&#8221;span&#8221; text_align=&#8221;center&#8221; subheading=&#8221;R\u00e9aliser des \u00e9conomies de 15 \u00e0 30 % sur les co\u00fbts de chauffage&#8221; title=&#8221;Les ventilateurs de plafond sont aussi pour l&#8217;hiver&#8221;][vc_column_text]Chaque jour, de plus en plus de personnes d\u00e9couvrent le confort d&#8217;un <a href=\"https:\/\/arteconfort.com\/climatizacion\/ventiladores-de-techo\/\">ventilateur de plafond<\/a> pendant leur sommeil lors des chaudes nuits d&#8217;\u00e9t\u00e9. La confiance dans cet appareil augmente chaque ann\u00e9e et il nous appara\u00eet clairement qu&#8217;un ventilateur de plafond est une solution id\u00e9ale pour \u00e9viter la chaleur de l&#8217;\u00e9t\u00e9.<\/p>\n<p>Mais que se passe-t-il en hiver, devient-il une pi\u00e8ce inutile ? Bien s\u00fbr que non, l&#8217;utilisation de <strong>ventilateurs de plafond en hiver<\/strong> n&#8217;est pas encore une pratique courante dans les foyers espagnols, mais l&#8217;utilisation de votre ventilateur de plafond en hiver vous permet <strong>d&#8217;\u00e9conomiser sur le chauffage<\/strong> et d&#8217;acclimater votre maison en cr\u00e9ant des conditions de temp\u00e9rature et de qualit\u00e9 d&#8217;air optimales pour votre bien-\u00eatre.<\/p>\n<p>Voulez-vous savoir comment un ventilateur de plafond peut vous aider \u00e0 \u00e9conomiser du chauffage en hiver ? Lisez la suite, nous vous expliquons ci-dessous le fonctionnement \u00e9t\u00e9\/hiver des ventilateurs Arteconfort :[\/vc_column_text][vc_empty_space height=&#8221;60px&#8221;][vc_row_inner vertical_align=&#8221;middle&#8221;][vc_column_inner width=&#8221;1\/2&#8243; background_color=&#8221;#f5f5f5&#8243;][wyde_heading style=&#8221;2&#8243; title_tag=&#8221;h5&#8243; subheading_tag=&#8221;span&#8221; text_align=&#8221;center&#8221; title=&#8221;Stratification de l&#8217;air dans les pi\u00e8ces&#8221;][vc_column_text]\u00c0 l&#8217;int\u00e9rieur des espaces clos qui constituent les pi\u00e8ces de votre maison, l&#8217;air a tendance \u00e0 se stratifier. Qu&#8217;est-ce que cela signifie ? Eh bien, cela signifie que<strong> l&#8217;air chaud <\/strong>a tendance \u00e0 s&#8217;\u00e9lever vers le plafond o\u00f9 il reste stagnant, tandis que <strong>l&#8217;air plus frais<\/strong> reste dans la partie la plus basse, tr\u00e8s proche du sol. Cela cr\u00e9e diff\u00e9rentes strates, ou couches d&#8217;air, qui ont des temp\u00e9ratures diff\u00e9rentes, plus elles sont chaudes, plus elles sont proches du plafond.<\/p>\n<p>Cet effet est appel\u00e9 <strong>stratification de l&#8217;air<\/strong>.[\/vc_column_text][\/vc_column_inner][vc_column_inner width=&#8221;1\/2&#8243;][vc_single_image alignment=&#8221;center&#8221; image=&#8221;7758&#8243;][\/vc_column_inner][\/vc_row_inner][vc_empty_space height=&#8221;60px&#8221;][wyde_heading style=&#8221;2&#8243; title_tag=&#8221;h5&#8243; subheading_tag=&#8221;span&#8221; text_align=&#8221;center&#8221; title=&#8221;Climatisation des pi\u00e8ces de la maison en \u00e9t\u00e9&#8221;][vc_column_text]Lorsque nous allumons nos ventilateurs de plafond en \u00e9t\u00e9, nous g\u00e9n\u00e9rons un flux d&#8217;air direct qui nous donne une sensation de brise et disperse la chaleur sur notre peau. En outre, ce flux d&#8217;air est projet\u00e9 vers le sol o\u00f9 il pousse l&#8217;air plus frais vers le haut et refroidit l&#8217;air plus chaud accumul\u00e9 dans les zones les plus proches du plafond.<\/p>\n<p>Cette<strong> rupture dans la stratification<\/strong> des couches d&#8217;air est \u00e0 l&#8217;origine de la baisse de temp\u00e9rature de plusieurs degr\u00e9s, \u00e0 laquelle il faut ajouter que l&#8217;effet de brise <strong>r\u00e9duit la sensation thermique<\/strong>.[\/vc_column_text][vc_row_inner][vc_column_inner width=&#8221;1\/2&#8243;][vc_single_image alignment=&#8221;center&#8221; image=&#8221;7774&#8243;][\/vc_column_inner][vc_column_inner width=&#8221;1\/2&#8243;][vc_single_image alignment=&#8221;center&#8221; image=&#8221;7762&#8243;][\/vc_column_inner][\/vc_row_inner][vc_empty_space height=&#8221;60px&#8221;][wyde_heading style=&#8221;2&#8243; title_tag=&#8221;h5&#8243; subheading_tag=&#8221;span&#8221; text_align=&#8221;center&#8221; title=&#8221;Climatisation des pi\u00e8ces de la maison en hiver&#8221; subheading=&#8221;Inversion du sens de rotation des pales du ventilateur&#8221;][vc_column_text]En hiver, les appareils de chauffage g\u00e9n\u00e8rent de l&#8217;air chaud qui monte tr\u00e8s pr\u00e8s des murs vers le plafond. L&#8217;air le plus froid reste dans la zone la plus proche du centre et du sol de la pi\u00e8ce, l\u00e0 o\u00f9 nous passons le plus de temps dans notre vie quotidienne. En raison du manque de circulation, <strong>l&#8217;air chaud s&#8217;accumule au plafond<\/strong>, ce qui oblige le chauffage \u00e0 fonctionner \u00e0 une plus grande puissance pour chauffer les zones les plus froides.<\/p>\n<p>En modifiant le sens de rotation des pales du ventilateur de plafond \u00e0 l&#8217;aide de la fonction d&#8217;inversion, l&#8217;air chaud du plafond est pouss\u00e9 vers les murs et vers le sol. De cette fa\u00e7on, l&#8217;air stagnant du plafond est utilis\u00e9 pour chauffer les zones froides de la pi\u00e8ce.<\/p>\n<p>Le mode hiver (ou mode invers\u00e9) <strong>ne cr\u00e9e pas une sensation de brise<\/strong>, car le flux d&#8217;air n&#8217;est pas direct et le ventilateur semble \u00e9teint. Ce mode de fonctionnement du ventilateur va briser la stratification de l&#8217;air et augmenter le refroidissement \u00e9olien en homog\u00e9n\u00e9isant la temp\u00e9rature de l&#8217;air. En outre, la circulation de l&#8217;air permettra de cr\u00e9er une ventilation des espaces clos o\u00f9 l&#8217;air est vici\u00e9 et cr\u00e9e une sensation de suffocation.<\/p>\n<p>Ce simple geste nous permettra d&#8217;\u00e9conomiser de l&#8217;argent en <strong>r\u00e9duisant les co\u00fbts de chauffage<\/strong> jusqu&#8217;\u00e0 30 %, car nous pouvons modifier la temp\u00e9rature du thermostat du chauffage pour qu&#8217;il consomme moins.[\/vc_column_text][vc_row_inner][vc_column_inner width=&#8221;1\/2&#8243;][vc_single_image alignment=&#8221;center&#8221; image=&#8221;7766&#8243;][\/vc_column_inner][vc_column_inner width=&#8221;1\/2&#8243;][vc_single_image alignment=&#8221;center&#8221; image=&#8221;7770&#8243;][\/vc_column_inner][\/vc_row_inner][\/vc_column][\/vc_row][vc_row][vc_column][vc_empty_space height=&#8221;60px&#8221;][wyde_heading style=&#8221;2&#8243; title_tag=&#8221;h3&#8243; subheading_tag=&#8221;span&#8221; text_align=&#8221;center&#8221; subheading=&#8221;Inversion du sens de rotation des pales&#8221; title=&#8221;Passage du mode \u00e9t\u00e9 au mode hiver&#8221;][vc_column_text]Il est tr\u00e8s facile de passer du mode \u00e9t\u00e9 au mode hiver sur nos ventilateurs de plafond. Mais vous devez garder \u00e0 l&#8217;esprit qu&#8217;en fonction de chaque mod\u00e8le, cela se fait d&#8217;une mani\u00e8re diff\u00e9rente, donc avant tout, identifiez lequel est le v\u00f4tre si vous voulez \u00e9galement utiliser le ventilateur pendant l&#8217;hiver.<\/p>\n<p>Nous expliquons ici chacun des mod\u00e8les que vous pouvez trouver:[\/vc_column_text][vc_empty_space height=&#8221;60px&#8221;][vc_row_inner][vc_column_inner width=&#8221;1\/4&#8243;][vc_single_image img_size=&#8221;medium&#8221; style=&#8221;circle&#8221; alignment=&#8221;center&#8221; image=&#8221;18928&#8243;][wyde_heading title_tag=&#8221;h5&#8243; text_align=&#8221;center&#8221; title=&#8221;Ventilateur avec cha\u00eene&#8221;][vc_column_text]Pour changer le mode d&#8217;essorage sur les mod\u00e8les avec cha\u00eene, vous trouverez l&#8217;interrupteur \u00e0 bascule sur le corps du ventilateur. Il est marqu\u00e9 des lettres <strong>S (\u00e9t\u00e9) et W (hiver)<\/strong>.[\/vc_column_text][\/vc_column_inner][vc_column_inner width=&#8221;1\/4&#8243;][vc_single_image img_size=&#8221;medium&#8221; style=&#8221;circle&#8221; alignment=&#8221;center&#8221; image=&#8221;19288&#8243;][wyde_heading title_tag=&#8221;h5&#8243; text_align=&#8221;center&#8221; title=&#8221;Contr\u00f4le du ventilateur avec 3 vitesses&#8221;][vc_column_text]Pour changer le mode de rotation sur les mod\u00e8les avec moteur CA et t\u00e9l\u00e9commande \u00e0 3 vitesses, vous trouverez l&#8217;interrupteur \u00e0 bascule sur le corps du ventilateur. Il est marqu\u00e9 des lettres <strong>S (\u00e9t\u00e9) et W (hiver)<\/strong>.[\/vc_column_text][\/vc_column_inner][vc_column_inner width=&#8221;1\/4&#8243;][vc_single_image img_size=&#8221;medium&#8221; style=&#8221;circle&#8221; alignment=&#8221;center&#8221; image=&#8221;19268&#8243;][wyde_heading title_tag=&#8221;h5&#8243; text_align=&#8221;center&#8221; title=&#8221;Contr\u00f4leur de ventilateur PACIFIC et ZEN \u00e0 3 vitesses&#8221;][vc_column_text]Pour changer le mode d&#8217;essorage sur les mod\u00e8les ZEN et PACIFIC, vous trouverez l&#8217;interrupteur \u00e0 bascule sur le corps du ventilateur. Il est marqu\u00e9 des lettres <strong>S (\u00e9t\u00e9) et W (hiver)<\/strong>.[\/vc_column_text][\/vc_column_inner][vc_column_inner width=&#8221;1\/4&#8243;][vc_single_image img_size=&#8221;medium&#8221; style=&#8221;circle&#8221; alignment=&#8221;center&#8221; image=&#8221;21696&#8243;][wyde_heading title_tag=&#8221;h5&#8243; text_align=&#8221;center&#8221; title=&#8221;Contr\u00f4le du ventilateur avec 5 vitesses&#8221;][vc_column_text]Sur les mod\u00e8les de ventilateurs \u00e0 moteur CC \u00e0 5 vitesses, vous pouvez changer le mode de rotation en appuyant sur le bouton central <strong>marqu\u00e9 &#8220;F\/R&#8221;<\/strong>.[\/vc_column_text][\/vc_column_inner][\/vc_row_inner][vc_empty_space height=&#8221;60px&#8221;][vc_row_inner][vc_column_inner width=&#8221;1\/4&#8243;][vc_single_image img_size=&#8221;medium&#8221; style=&#8221;circle&#8221; alignment=&#8221;center&#8221; image=&#8221;21666&#8243;][wyde_heading title_tag=&#8221;h5&#8243; text_align=&#8221;center&#8221; title=&#8221;Contr\u00f4le du ventilateur avec 6 vitesses&#8221;][vc_column_text]Ouvrez le couvercle arri\u00e8re de la batterie de la commande et vous verrez l&#8217;interrupteur \u00e0 bascule marqu\u00e9 des lettres S (\u00e9t\u00e9) et W (hiver) pour changer le mode de rotation sur les mod\u00e8les de ventilateur \u00e0 moteur CC \u00e0 6 vitesses.[\/vc_column_text][\/vc_column_inner][vc_column_inner width=&#8221;1\/4&#8243;][vc_single_image img_size=&#8221;medium&#8221; style=&#8221;circle&#8221; alignment=&#8221;center&#8221; image=&#8221;21671&#8243;][wyde_heading title_tag=&#8221;h5&#8243; text_align=&#8221;center&#8221; title=&#8221;Contr\u00f4leur de ventilateur RODAS \u00e0 6 vitesses&#8221;][vc_column_text]Sur le ventilateur de plafond mod\u00e8le RODAS, vous pouvez changer le mode de fonctionnement en appuyant sur le bouton sup\u00e9rieur indiqu\u00e9 par deux fl\u00e8ches circulaires sur l&#8217;unit\u00e9 de commande.[\/vc_column_text][\/vc_column_inner][vc_column_inner width=&#8221;1\/4&#8243;][vc_single_image img_size=&#8221;medium&#8221; style=&#8221;circle&#8221; alignment=&#8221;center&#8221; image=&#8221;19354&#8243;][wyde_heading title_tag=&#8221;h5&#8243; text_align=&#8221;center&#8221; title=&#8221;Contr\u00f4leur de ventilateur FASTFAN \u00e0 6 vitesses&#8221;][vc_column_text]Sur les ventilateurs FASTFAN avec moteur \u00e0 courant continu et 6 vitesses de rotation, appuyez et maintenez enfonc\u00e9 le bouton avec le symbole &#8220;NEIGE\/SOLEIL&#8221; pendant quelques secondes lorsque le ventilateur est en marche. Vous verrez l&#8217;indicateur sur l&#8217;\u00e9cran LCD changer. Le ventilateur s&#8217;arr\u00eate automatiquement et tourne ensuite dans le sens inverse.[\/vc_column_text][\/vc_column_inner][vc_column_inner width=&#8221;1\/4&#8243;][\/vc_column_inner][\/vc_row_inner][vc_empty_space height=&#8221;60px&#8221;][\/vc_column][\/vc_row][vc_row][vc_column padding_size=&#8221;l-padding&#8221; background_color=&#8221;#f5f5f5&#8243;][wyde_heading style=&#8221;2&#8243; title_tag=&#8221;h3&#8243; subheading_tag=&#8221;span&#8221; text_align=&#8221;center&#8221; subheading=&#8221;Trucs pour le reconna\u00eetre&#8221; title=&#8221;Comment puis-je savoir dans quel mode se trouve mon ventilateur?&#8221;][vc_column_text]Il est tr\u00e8s facile de distinguer chacun des modes si vous n&#8217;\u00eates pas s\u00fbr de celui dans lequel se trouve votre ventilateur. Tout d&#8217;abord, n&#8217;oubliez pas de changer le mode d&#8217;essorage lorsque<strong> le ventilateur est arr\u00eat\u00e9<\/strong>.<\/p>\n<p>Placez-vous sous le ventilateur et voyez dans quel sens elles tournent: si elles tournent dans le sens inverse des aiguilles d&#8217;une montre (vers la gauche), votre ventilateur est en mode \u00e9t\u00e9; en revanche, il sera en mode hiver si les pales tournent dans le sens des aiguilles d&#8217;une montre (vers la droite).<\/p>\n<p>Une autre fa\u00e7on de le reconna\u00eetre est de se placer sous le ventilateur, si vous sentez le flux d&#8217;air, il sera en mode \u00e9t\u00e9, si vous ne sentez pas le flux d&#8217;air direct, il sera en mode hiver.[\/vc_column_text][\/vc_column][\/vc_row]<\/p>\n<\/div>","protected":false},"excerpt":{"rendered":"<p>[vc_row][vc_column][wyde_heading style=&#8221;2&#8243; subheading_tag=&#8221;span&#8221; text_align=&#8221;center&#8221; subheading=&#8221;R\u00e9aliser des \u00e9conomies de 15 \u00e0 30 % sur les co\u00fbts de chauffage&#8221; title=&#8221;Les ventilateurs de plafond sont aussi pour l&#8217;hiver&#8221;][vc_column_text]Chaque jour, de plus en plus de personnes d\u00e9couvrent le confort d&#8217;un ventilateur de plafond pendant leur sommeil lors des chaudes nuits d&#8217;\u00e9t\u00e9. La confiance dans cet appareil augmente chaque ann\u00e9e [&hellip;]<\/p>\n","protected":false},"author":1,"featured_media":7774,"comment_status":"closed","ping_status":"open","sticky":false,"template":"","format":"standard","meta":{"footnotes":""},"categories":[287,308],"tags":[],"class_list":["post-10925","post","type-post","status-publish","format-standard","has-post-thumbnail","hentry","category-guias-ventiladores-fr","category-ventilador-de-techo-fr"],"yoast_head":"<!-- This site is optimized with the Yoast SEO plugin v26.5 - https:\/\/yoast.com\/wordpress\/plugins\/seo\/ -->\n<title>Comment fonctionne le mode hiver d&#039;un ventilateur de plafond? - Arteconfort<\/title>\n<meta name=\"description\" content=\"Chaque jour, de plus en plus de personnes d\u00e9couvrent le confort d&#039;un ventilateur de plafond pendant leur sommeil lors des chaudes nuits d&#039;\u00e9t\u00e9. La\" \/>\n<meta name=\"robots\" content=\"index, follow, max-snippet:-1, max-image-preview:large, max-video-preview:-1\" \/>\n<link rel=\"canonical\" href=\"https:\/\/arteconfort.com\/fr\/ventilador-de-techo-fr\/como-funciona-el-modo-invierno-de-un-ventilador-de-techo\/\" \/>\n<meta property=\"og:locale\" content=\"fr_FR\" \/>\n<meta property=\"og:type\" content=\"article\" \/>\n<meta property=\"og:title\" content=\"Comment fonctionne le mode hiver d&#039;un ventilateur de plafond? - Arteconfort\" \/>\n<meta property=\"og:description\" content=\"Chaque jour, de plus en plus de personnes d\u00e9couvrent le confort d&#039;un ventilateur de plafond pendant leur sommeil lors des chaudes nuits d&#039;\u00e9t\u00e9. La\" \/>\n<meta property=\"og:url\" content=\"https:\/\/arteconfort.com\/fr\/ventilador-de-techo-fr\/como-funciona-el-modo-invierno-de-un-ventilador-de-techo\/\" \/>\n<meta property=\"og:site_name\" content=\"Arteconfort\" \/>\n<meta property=\"article:published_time\" content=\"2020-08-19T09:31:24+00:00\" \/>\n<meta property=\"article:modified_time\" content=\"2022-04-26T07:29:22+00:00\" \/>\n<meta property=\"og:image\" content=\"https:\/\/arteconfort.com\/wp-content\/uploads\/2020\/07\/graficos-modo-verano-invierno-1.jpg\" \/>\n\t<meta property=\"og:image:width\" content=\"400\" \/>\n\t<meta property=\"og:image:height\" content=\"400\" \/>\n\t<meta property=\"og:image:type\" content=\"image\/jpeg\" \/>\n<meta name=\"author\" content=\"admin\" \/>\n<meta name=\"twitter:card\" content=\"summary_large_image\" \/>\n<meta name=\"twitter:label1\" content=\"\u00c9crit par\" \/>\n\t<meta name=\"twitter:data1\" content=\"admin\" \/>\n\t<meta name=\"twitter:label2\" content=\"Dur\u00e9e de lecture estim\u00e9e\" \/>\n\t<meta name=\"twitter:data2\" content=\"8 minutes\" \/>\n<!-- \/ Yoast SEO plugin. -->","yoast_head_json":{"title":"Comment fonctionne le mode hiver d'un ventilateur de plafond? - Arteconfort","description":"Chaque jour, de plus en plus de personnes d\u00e9couvrent le confort d'un ventilateur de plafond pendant leur sommeil lors des chaudes nuits d'\u00e9t\u00e9. La","robots":{"index":"index","follow":"follow","max-snippet":"max-snippet:-1","max-image-preview":"max-image-preview:large","max-video-preview":"max-video-preview:-1"},"canonical":"https:\/\/arteconfort.com\/fr\/ventilador-de-techo-fr\/como-funciona-el-modo-invierno-de-un-ventilador-de-techo\/","og_locale":"fr_FR","og_type":"article","og_title":"Comment fonctionne le mode hiver d'un ventilateur de plafond? - Arteconfort","og_description":"Chaque jour, de plus en plus de personnes d\u00e9couvrent le confort d'un ventilateur de plafond pendant leur sommeil lors des chaudes nuits d'\u00e9t\u00e9. La","og_url":"https:\/\/arteconfort.com\/fr\/ventilador-de-techo-fr\/como-funciona-el-modo-invierno-de-un-ventilador-de-techo\/","og_site_name":"Arteconfort","article_published_time":"2020-08-19T09:31:24+00:00","article_modified_time":"2022-04-26T07:29:22+00:00","og_image":[{"width":400,"height":400,"url":"https:\/\/arteconfort.com\/wp-content\/uploads\/2020\/07\/graficos-modo-verano-invierno-1.jpg","type":"image\/jpeg"}],"author":"admin","twitter_card":"summary_large_image","twitter_misc":{"\u00c9crit par":"admin","Dur\u00e9e de lecture estim\u00e9e":"8 minutes"},"schema":{"@context":"https:\/\/schema.org","@graph":[{"@type":"Article","@id":"https:\/\/arteconfort.com\/fr\/ventilador-de-techo-fr\/como-funciona-el-modo-invierno-de-un-ventilador-de-techo\/#article","isPartOf":{"@id":"https:\/\/arteconfort.com\/fr\/ventilador-de-techo-fr\/como-funciona-el-modo-invierno-de-un-ventilador-de-techo\/"},"author":{"name":"admin","@id":"https:\/\/arteconfort.com\/fr\/#\/schema\/person\/12aac2f47430580713e1f2cf74753f81"},"headline":"Comment fonctionne le mode hiver d&#8217;un ventilateur de plafond?","datePublished":"2020-08-19T09:31:24+00:00","dateModified":"2022-04-26T07:29:22+00:00","mainEntityOfPage":{"@id":"https:\/\/arteconfort.com\/fr\/ventilador-de-techo-fr\/como-funciona-el-modo-invierno-de-un-ventilador-de-techo\/"},"wordCount":1753,"publisher":{"@id":"https:\/\/arteconfort.com\/fr\/#organization"},"image":{"@id":"https:\/\/arteconfort.com\/fr\/ventilador-de-techo-fr\/como-funciona-el-modo-invierno-de-un-ventilador-de-techo\/#primaryimage"},"thumbnailUrl":"https:\/\/arteconfort.com\/wp-content\/uploads\/2020\/07\/graficos-modo-verano-invierno-1.jpg","articleSection":["Gu\u00edas de ventiladores de techo","Ventilador de techo"],"inLanguage":"fr-FR"},{"@type":"WebPage","@id":"https:\/\/arteconfort.com\/fr\/ventilador-de-techo-fr\/como-funciona-el-modo-invierno-de-un-ventilador-de-techo\/","url":"https:\/\/arteconfort.com\/fr\/ventilador-de-techo-fr\/como-funciona-el-modo-invierno-de-un-ventilador-de-techo\/","name":"Comment fonctionne le mode hiver d'un ventilateur de plafond? - Arteconfort","isPartOf":{"@id":"https:\/\/arteconfort.com\/fr\/#website"},"primaryImageOfPage":{"@id":"https:\/\/arteconfort.com\/fr\/ventilador-de-techo-fr\/como-funciona-el-modo-invierno-de-un-ventilador-de-techo\/#primaryimage"},"image":{"@id":"https:\/\/arteconfort.com\/fr\/ventilador-de-techo-fr\/como-funciona-el-modo-invierno-de-un-ventilador-de-techo\/#primaryimage"},"thumbnailUrl":"https:\/\/arteconfort.com\/wp-content\/uploads\/2020\/07\/graficos-modo-verano-invierno-1.jpg","datePublished":"2020-08-19T09:31:24+00:00","dateModified":"2022-04-26T07:29:22+00:00","description":"Chaque jour, de plus en plus de personnes d\u00e9couvrent le confort d'un ventilateur de plafond pendant leur sommeil lors des chaudes nuits d'\u00e9t\u00e9. La","breadcrumb":{"@id":"https:\/\/arteconfort.com\/fr\/ventilador-de-techo-fr\/como-funciona-el-modo-invierno-de-un-ventilador-de-techo\/#breadcrumb"},"inLanguage":"fr-FR","potentialAction":[{"@type":"ReadAction","target":["https:\/\/arteconfort.com\/fr\/ventilador-de-techo-fr\/como-funciona-el-modo-invierno-de-un-ventilador-de-techo\/"]}]},{"@type":"ImageObject","inLanguage":"fr-FR","@id":"https:\/\/arteconfort.com\/fr\/ventilador-de-techo-fr\/como-funciona-el-modo-invierno-de-un-ventilador-de-techo\/#primaryimage","url":"https:\/\/arteconfort.com\/wp-content\/uploads\/2020\/07\/graficos-modo-verano-invierno-1.jpg","contentUrl":"https:\/\/arteconfort.com\/wp-content\/uploads\/2020\/07\/graficos-modo-verano-invierno-1.jpg","width":400,"height":400},{"@type":"BreadcrumbList","@id":"https:\/\/arteconfort.com\/fr\/ventilador-de-techo-fr\/como-funciona-el-modo-invierno-de-un-ventilador-de-techo\/#breadcrumb","itemListElement":[{"@type":"ListItem","position":1,"name":"Inicio","item":"https:\/\/arteconfort.com\/fr\/"},{"@type":"ListItem","position":2,"name":"Ventilador de techo","item":"https:\/\/arteconfort.com\/fr\/ventilador-de-techo-fr\/"},{"@type":"ListItem","position":3,"name":"Comment fonctionne le mode hiver d&#8217;un ventilateur de plafond?"}]},{"@type":"WebSite","@id":"https:\/\/arteconfort.com\/fr\/#website","url":"https:\/\/arteconfort.com\/fr\/","name":"Arteconfort","description":"Especialistas en productos del hogar","publisher":{"@id":"https:\/\/arteconfort.com\/fr\/#organization"},"potentialAction":[{"@type":"SearchAction","target":{"@type":"EntryPoint","urlTemplate":"https:\/\/arteconfort.com\/fr\/?s={search_term_string}"},"query-input":{"@type":"PropertyValueSpecification","valueRequired":true,"valueName":"search_term_string"}}],"inLanguage":"fr-FR"},{"@type":"Organization","@id":"https:\/\/arteconfort.com\/fr\/#organization","name":"Arteconfort","url":"https:\/\/arteconfort.com\/fr\/","logo":{"@type":"ImageObject","inLanguage":"fr-FR","@id":"https:\/\/arteconfort.com\/fr\/#\/schema\/logo\/image\/","url":"https:\/\/arteconfort.com\/wp-content\/uploads\/2019\/07\/logo-arteconfort.png","contentUrl":"https:\/\/arteconfort.com\/wp-content\/uploads\/2019\/07\/logo-arteconfort.png","width":230,"height":88,"caption":"Arteconfort"},"image":{"@id":"https:\/\/arteconfort.com\/fr\/#\/schema\/logo\/image\/"}},{"@type":"Person","@id":"https:\/\/arteconfort.com\/fr\/#\/schema\/person\/12aac2f47430580713e1f2cf74753f81","name":"admin"}]}},"_links":{"self":[{"href":"https:\/\/arteconfort.com\/fr\/wp-json\/wp\/v2\/posts\/10925","targetHints":{"allow":["GET"]}}],"collection":[{"href":"https:\/\/arteconfort.com\/fr\/wp-json\/wp\/v2\/posts"}],"about":[{"href":"https:\/\/arteconfort.com\/fr\/wp-json\/wp\/v2\/types\/post"}],"author":[{"embeddable":true,"href":"https:\/\/arteconfort.com\/fr\/wp-json\/wp\/v2\/users\/1"}],"replies":[{"embeddable":true,"href":"https:\/\/arteconfort.com\/fr\/wp-json\/wp\/v2\/comments?post=10925"}],"version-history":[{"count":0,"href":"https:\/\/arteconfort.com\/fr\/wp-json\/wp\/v2\/posts\/10925\/revisions"}],"wp:featuredmedia":[{"embeddable":true,"href":"https:\/\/arteconfort.com\/fr\/wp-json\/wp\/v2\/media\/7774"}],"wp:attachment":[{"href":"https:\/\/arteconfort.com\/fr\/wp-json\/wp\/v2\/media?parent=10925"}],"wp:term":[{"taxonomy":"category","embeddable":true,"href":"https:\/\/arteconfort.com\/fr\/wp-json\/wp\/v2\/categories?post=10925"},{"taxonomy":"post_tag","embeddable":true,"href":"https:\/\/arteconfort.com\/fr\/wp-json\/wp\/v2\/tags?post=10925"}],"curies":[{"name":"wp","href":"https:\/\/api.w.org\/{rel}","templated":true}]}}