{"id":14480,"date":"2021-10-07T09:00:43","date_gmt":"2021-10-07T07:00:43","guid":{"rendered":"https:\/\/arteconfort.com\/?p=14480"},"modified":"2021-10-07T09:01:44","modified_gmt":"2021-10-07T07:01:44","slug":"ciclos-circadianos-iluminacion-diaria","status":"publish","type":"post","link":"https:\/\/arteconfort.com\/fr\/ventilador-de-techo-fr\/ciclos-circadianos-iluminacion-diaria\/","title":{"rendered":"Comment l&#8217;\u00e9clairage affecte notre vie quotidienne"},"content":{"rendered":"<div class=\"wpb-content-wrapper\"><p>[vc_row][vc_column][vc_empty_space][wyde_heading style=&#8221;2&#8243; text_align=&#8221;center&#8221; title=&#8221;L&#8217;importance des rythmes circadiens&#8221;][vc_empty_space][vc_column_text]M\u00eame si nous n&#8217;en sommes pas conscients, presque tout dans notre vie tourne autour de l&#8217;\u00e9clairage et, par cons\u00e9quent, nous adaptons notre quotidien au <strong>type d&#8217;\u00e9clairage qui nous entoure<\/strong>. Chaque facteur de la lumi\u00e8re a un impact sur nous, aussi minime soit-il. Les deux changements d&#8217;heure que nous subissons tout au long de l&#8217;ann\u00e9e en sont un exemple. Ils peuvent parfois perturber notre <strong>horloge biologique interne<\/strong>.<\/p>\n<p>Cela est d\u00fb \u00e0 ce que l&#8217;on appelle les <strong>rythmes circadiens<\/strong>, &#8220;des changements physiques, mentaux et comportementaux qui suivent un cycle de 24 heures&#8221;, indique le National Institute of General Medical Sciences sur son site web, et qui sont r\u00e9gis par les heures de lumi\u00e8re et d&#8217;obscurit\u00e9.<\/p>\n<p>Les rythmes circadiens, quant \u00e0 eux, sont li\u00e9s \u00e0 l&#8217;horloge biologique interne, situ\u00e9e dans l&#8217;hypothalamus du cerveau, qui est responsable de la<strong> synchronisation et de l&#8217;adaptation<\/strong> des rythmes 24 heures sur 24.<\/p>\n<p>Par exemple, lorsque nous voyageons dans un autre fuseau horaire, nous parlons de <strong>d\u00e9calage horaire<\/strong>, ou jet lag en anglais, ce qui signifie que notre horloge biologique est \u00e0 une heure diff\u00e9rente de celle d&#8217;autres parties de notre corps, comme l&#8217;intestin, le foie, le cerveau, etc. Par cons\u00e9quent, nous avons g\u00e9n\u00e9ralement besoin de temps pour nous adapter \u00e0 la nouvelle situation.<\/p>\n<p>Ces casuistiques ne sont pas seulement sp\u00e9cifiques aux humains, mais aussi aux animaux, aux plantes et aux microbes.[\/vc_column_text][vc_empty_space height=&#8221;60px&#8221;][vc_single_image img_size=&#8221;medium&#8221; alignment=&#8221;center&#8221; image=&#8221;14382&#8243;][vc_empty_space height=&#8221;100px&#8221;][\/vc_column][\/vc_row][vc_row][vc_column][wyde_heading style=&#8221;2&#8243; text_align=&#8221;center&#8221; title=&#8221;Comment les rythmes circadiens influencent notre vie&#8221;][vc_empty_space][vc_column_text]En ce sens, les rythmes circadiens ont un impact sur diverses fonctions de notre corps. Comme dans :<\/p>\n<ul>\n<li>Temp\u00e9rature du corps.<\/li>\n<li>Lib\u00e9ration d&#8217;hormones.<\/li>\n<li>Les habitudes alimentaires et donc de digestion.<\/li>\n<\/ul>\n<p>Et, bien s\u00fbr, dans le sommeil o\u00f9 le <strong>noyau suprachiasmatique<\/strong> (NSC) est le centre de r\u00e9gulation des rythmes circadiens et de contr\u00f4le de la production de m\u00e9latonine, l&#8217;hormone qui produit la somnolence. Il re\u00e7oit des informations sur le type de lumi\u00e8re qui p\u00e9n\u00e8tre dans les nerfs optiques et les transmet des yeux au cerveau.<\/p>\n<p>Lorsque notre corps re\u00e7oit moins de lumi\u00e8re, le NSQ signale au cerveau de produire<strong> plus de m\u00e9latonine<\/strong> pour g\u00e9n\u00e9rer le sommeil.[\/vc_column_text][vc_empty_space height=&#8221;60px&#8221;][vc_single_image img_size=&#8221;medium&#8221; alignment=&#8221;center&#8221; image=&#8221;14117&#8243;][vc_empty_space height=&#8221;60px&#8221;][vc_column_text]C&#8217;est pourquoi, en automne et en hiver, lorsque nous sommes moins expos\u00e9s au soleil, nous pouvons nous sentir plus fatigu\u00e9s et de moins bonne humeur. Le type d&#8217;\u00e9clairage nous affecte non seulement physiquement, mais aussi psychologiquement.<\/p>\n<p>En fait, l&#8217;une des raisons pour lesquelles il a \u00e9t\u00e9 propos\u00e9 de supprimer les deux changements d&#8217;heure que nous subissons chaque ann\u00e9e \u00e9tait cette raison. Cependant, cela ne se fera finalement pas et nous effectuerons le<strong> changement dans les premi\u00e8res heures du 30 au 31 octobre<\/strong>, o\u00f9 3 heures seront remplac\u00e9es par 2 heures.[\/vc_column_text][vc_empty_space height=&#8221;100px&#8221;][\/vc_column][\/vc_row][vc_row][vc_column][wyde_heading style=&#8221;2&#8243; text_align=&#8221;center&#8221; title=&#8221;Des ventilateurs de plafond pour r\u00e9guler les rythmes circadiens&#8221;][vc_empty_space][vc_column_text]Pour aider \u00e0 r\u00e9guler l&#8217;horloge biologique en raison des changements d&#8217;horaires et d&#8217;\u00e9clairage auxquels notre corps est soumis, les <a href=\"https:\/\/arteconfort.com\/fr\/climatizacion\/ventiladores-de-techo\/\" target=\"_blank\" rel=\"noopener noreferrer\">ventilateurs de plafond<\/a> avec <strong>r\u00e9gulation de la temp\u00e9rature par couleur<\/strong> (chaud, neutre et froid) sont de plus en plus demand\u00e9s, car ils nous aident \u00e0 \u00e9quilibrer nos rythmes circadiens.<\/p>\n<p style=\"text-align: left\">Imaginez que vous avez un ventilateur de plafond <a href=\"https:\/\/arteconfort.com\/fr\/producto\/climatizacion-fr\/ventiladores-de-techo-fr\/bora-pro\/\" target=\"_blank\" rel=\"noopener noreferrer\">BORA PRO<\/a> dans votre chambre \u00e0 coucher, vous venez de vous r\u00e9veiller et vous <strong>s\u00e9lectionnez la temp\u00e9rature de couleur<\/strong> avec la t\u00e9l\u00e9commande de l&#8217;article, en choisissant un ton neutre. Puis vous allez sous la douche, commencez \u00e0 vous habiller et montez d&#8217;un cran la lumi\u00e8re, cette fois-ci en lumi\u00e8re froide.<\/p>\n<p>[\/vc_column_text][vc_empty_space height=&#8221;60px&#8221;][vc_single_image img_size=&#8221;medium&#8221; alignment=&#8221;center&#8221; image=&#8221;14106&#8243;][vc_empty_space height=&#8221;60px&#8221;][vc_column_text]Qu&#8217;obtenons-nous en faisant cela ? Nous aidons le corps \u00e0 s&#8217;adapter progressivement, en particulier nos organes internes. Si vous faites partie de ces personnes qui se l\u00e8vent et ne peuvent pas prendre de petit-d\u00e9jeuner, c&#8217;est pour cette raison, car votre corps n&#8217;est probablement pas encore activ\u00e9. Il a \u00e9t\u00e9 prouv\u00e9 que la <strong>lumi\u00e8re froide<\/strong>, qui ressemble \u00e0 la lumi\u00e8re naturelle, est associ\u00e9e par le cerveau au r\u00e9veil et \u00e0 l&#8217;activit\u00e9, tandis que la <strong>lumi\u00e8re chaude<\/strong> est recommand\u00e9e pour le repos.<\/p>\n<p>Parfois, nous quittons la maison pour aller au bureau la nuit et <strong>nous ressortons du bureau sans lumi\u00e8re<\/strong>. C&#8217;est pourquoi il est important d&#8217;avoir un \u00e9clairage \u00e0 la maison qui vous permet de varier l&#8217;intensit\u00e9 et la temp\u00e9rature de la lumi\u00e8re.<\/p>\n<p>La plupart de nos<strong> ventilateurs de plafond<\/strong> en tiennent compte et int\u00e8grent donc une variation de l&#8217;intensit\u00e9 lumineuse et 3 temp\u00e9ratures de couleur :<\/p>\n<ul>\n<li><strong>Lumi\u00e8re chaude<\/strong> : 3000K.<\/li>\n<li><strong>Lumi\u00e8re neutre<\/strong> : 4000K.<\/li>\n<li><strong>Lumi\u00e8re froide<\/strong> : 5500K.<\/li>\n<\/ul>\n<p>[\/vc_column_text][vc_empty_space height=&#8221;100px&#8221;][vc_row_inner][vc_column_inner width=&#8221;1\/3&#8243;][wyde_banner title_tag=&#8221;h5&#8243; banner_style=&#8221;2&#8243; title=&#8221;Ventilateur de plafond <strong>AVEIRO PRO<\/strong>&#8221; heading_color=&#8221;#ffffff&#8221; subheading_color=&#8221;#ffffff&#8221; image=&#8221;13277&#8243; link=&#8221;url:https%3A%2F%2Farteconfort.com%2Ffr%2Fproducto%2Fclimatizacion-fr%2Fventiladores-de-techo-fr%2Faveiro-pro%2F||target:%20_blank|&#8221;][\/vc_column_inner][vc_column_inner width=&#8221;1\/3&#8243;][wyde_banner title_tag=&#8221;h5&#8243; banner_style=&#8221;2&#8243; title=&#8221;Ventilateur de plafond <strong>CONIL<\/strong>&#8221; heading_color=&#8221;#ffffff&#8221; subheading_color=&#8221;#ffffff&#8221; image=&#8221;4183&#8243; link=&#8221;url:https%3A%2F%2Farteconfort.com%2Ffr%2Fproducto%2Fclimatizacion-fr%2Fventiladores-de-techo-fr%2Fconil%2F||target:%20_blank|&#8221;][\/vc_column_inner][vc_column_inner width=&#8221;1\/3&#8243;][wyde_banner title_tag=&#8221;h5&#8243; banner_style=&#8221;2&#8243; title=&#8221;Ventilateur de plafond <strong>CIES PLUS<\/strong>&#8221; image=&#8221;1997&#8243; link=&#8221;url:https%3A%2F%2Farteconfort.com%2Ffr%2Fproducto%2Fclimatizacion-fr%2Fventiladores-de-techo-fr%2Fcies-plus%2F||target:%20_blank|&#8221; heading_color=&#8221;#ffffff&#8221; subheading_color=&#8221;#ffffff&#8221;][\/vc_column_inner][\/vc_row_inner][vc_empty_space height=&#8221;100px&#8221;][\/vc_column][\/vc_row][vc_row][vc_column][wyde_heading style=&#8221;2&#8243; text_align=&#8221;center&#8221; title=&#8221;Conseils pour \u00e9quilibrer notre horloge biologique&#8221;][vc_empty_space][vc_column_text]Comme nous l&#8217;avons expliqu\u00e9, les rythmes circadiens marquent notre vie quotidienne, il est donc important de disposer d&#8217;une<strong> s\u00e9rie de lignes directrices<\/strong> qui nous aident \u00e0 \u00e9quilibrer notre horloge interne :<\/p>\n<ul>\n<li><strong>\u00c9vitez d&#8217;utiliser des \u00e9crans avant de vous endormir<\/strong>, car le type de lumi\u00e8re \u00e9mise par les t\u00e9l\u00e9phones portables, par exemple, met notre cerveau en alerte et nous maintient \u00e9veill\u00e9s.<\/li>\n<li>Essayez <strong>d&#8217;incorporer dans votre chambre une lumi\u00e8re<\/strong> chaude qui favorise la relaxation de votre corps. Le plus simple dans ce cas serait d&#8217;int\u00e9grer un variateur d&#8217;intensit\u00e9 pour jouer avec le type d&#8217;\u00e9clairage en fonction de l&#8217;activit\u00e9 que vous voulez faire.<\/li>\n<li>En revanche, pour le travail ou la concentration, utilisez des<strong> lumi\u00e8res froides<\/strong>, qui sont id\u00e9ales pour une plus grande concentration et une meilleure productivit\u00e9.<\/li>\n<\/ul>\n<p>En r\u00e9sum\u00e9, notre corps est une grande horloge biologique qui a besoin d&#8217;un horaire, d&#8217;o\u00f9 l&#8217;importance de vivre selon le rythme naturel de la lumi\u00e8re et de l&#8217;obscurit\u00e9, car les diverses modifications de nos rythmes circadiens peuvent non seulement affecter notre sommeil, mais aussi <strong>entra\u00eener d&#8217;autres types de troubles m\u00e9dicaux<\/strong>.[\/vc_column_text][vc_empty_space height=&#8221;120px&#8221;][\/vc_column][\/vc_row][vc_row][vc_column width=&#8221;3\/4&#8243;][wyde_action_box style=&#8221;outline round&#8221; title=&#8221;D\u00e9couvrez nos ventilateurs de plafond \u00e0 temp\u00e9rature variable&#8221; bg_color=&#8221;#f5f5f5&#8243; button_text=&#8221;Plus d&#8217;informations&#8221; link=&#8221;url:https%3A%2F%2Farteconfort.com%2Ffr%2Fclimatizacion%2Fventiladores-de-techo%2F||target:%20_blank|&#8221; color=&#8221;#61b4e4&#8243; css=&#8221;.vc_custom_1633588727637{background-color: #f5f5f5 !important;}&#8221;]D\u00e9couvrez nos ventilateurs de plafond avec 3 temp\u00e9ratures de couleur pour r\u00e9guler les rythmes circadiens.[\/wyde_action_box][vc_empty_space height=&#8221;60px&#8221;][\/vc_column][vc_column width=&#8221;1\/4&#8243;][vc_single_image img_size=&#8221;medium&#8221; style=&#8221;circle&#8221; image=&#8221;9162&#8243;][vc_empty_space height=&#8221;60px&#8221;][\/vc_column][\/vc_row]<\/p>\n<\/div>","protected":false},"excerpt":{"rendered":"<p>[vc_row][vc_column][vc_empty_space][wyde_heading style=&#8221;2&#8243; text_align=&#8221;center&#8221; title=&#8221;L&#8217;importance des rythmes circadiens&#8221;][vc_empty_space][vc_column_text]M\u00eame si nous n&#8217;en sommes pas conscients, presque tout dans notre vie tourne autour de l&#8217;\u00e9clairage et, par cons\u00e9quent, nous adaptons notre quotidien au type d&#8217;\u00e9clairage qui nous entoure. Chaque facteur de la lumi\u00e8re a un impact sur nous, aussi minime soit-il. Les deux changements d&#8217;heure que nous subissons [&hellip;]<\/p>\n","protected":false},"author":1,"featured_media":14474,"comment_status":"closed","ping_status":"open","sticky":false,"template":"","format":"standard","meta":{"footnotes":""},"categories":[287,308],"tags":[],"class_list":["post-14480","post","type-post","status-publish","format-standard","has-post-thumbnail","hentry","category-guias-ventiladores-fr","category-ventilador-de-techo-fr"],"yoast_head":"<!-- This site is optimized with the Yoast SEO plugin v26.5 - https:\/\/yoast.com\/wordpress\/plugins\/seo\/ -->\n<title>\u25b7 Comment l&#039;\u00e9clairage affecte notre vie quotidienne<\/title>\n<meta name=\"description\" content=\"La iluminaci\u00f3n es un aspecto b\u00e1sico en nuestro d\u00eda a d\u00eda. Los ritmos circadianos influyen en nuestro d\u00eda a d\u00eda m\u00e1s de lo que creemos\" \/>\n<meta name=\"robots\" content=\"index, follow, max-snippet:-1, max-image-preview:large, max-video-preview:-1\" \/>\n<link rel=\"canonical\" href=\"https:\/\/arteconfort.com\/fr\/ventilador-de-techo-fr\/ciclos-circadianos-iluminacion-diaria\/\" \/>\n<meta property=\"og:locale\" content=\"fr_FR\" \/>\n<meta property=\"og:type\" content=\"article\" \/>\n<meta property=\"og:title\" content=\"\u25b7 Comment l&#039;\u00e9clairage affecte notre vie quotidienne\" \/>\n<meta property=\"og:description\" content=\"La iluminaci\u00f3n es un aspecto b\u00e1sico en nuestro d\u00eda a d\u00eda. Los ritmos circadianos influyen en nuestro d\u00eda a d\u00eda m\u00e1s de lo que creemos\" \/>\n<meta property=\"og:url\" content=\"https:\/\/arteconfort.com\/fr\/ventilador-de-techo-fr\/ciclos-circadianos-iluminacion-diaria\/\" \/>\n<meta property=\"og:site_name\" content=\"Arteconfort\" \/>\n<meta property=\"article:published_time\" content=\"2021-10-07T07:00:43+00:00\" \/>\n<meta property=\"article:modified_time\" content=\"2021-10-07T07:01:44+00:00\" \/>\n<meta property=\"og:image\" content=\"https:\/\/arteconfort.com\/wp-content\/uploads\/2021\/10\/ritmos.jpg\" \/>\n\t<meta property=\"og:image:width\" content=\"800\" \/>\n\t<meta property=\"og:image:height\" content=\"500\" \/>\n\t<meta property=\"og:image:type\" content=\"image\/jpeg\" \/>\n<meta name=\"author\" content=\"admin\" \/>\n<meta name=\"twitter:card\" content=\"summary_large_image\" \/>\n<meta name=\"twitter:label1\" content=\"\u00c9crit par\" \/>\n\t<meta name=\"twitter:data1\" content=\"admin\" \/>\n\t<meta name=\"twitter:label2\" content=\"Dur\u00e9e de lecture estim\u00e9e\" \/>\n\t<meta name=\"twitter:data2\" content=\"7 minutes\" \/>\n<!-- \/ Yoast SEO plugin. -->","yoast_head_json":{"title":"\u25b7 Comment l'\u00e9clairage affecte notre vie quotidienne","description":"La iluminaci\u00f3n es un aspecto b\u00e1sico en nuestro d\u00eda a d\u00eda. Los ritmos circadianos influyen en nuestro d\u00eda a d\u00eda m\u00e1s de lo que creemos","robots":{"index":"index","follow":"follow","max-snippet":"max-snippet:-1","max-image-preview":"max-image-preview:large","max-video-preview":"max-video-preview:-1"},"canonical":"https:\/\/arteconfort.com\/fr\/ventilador-de-techo-fr\/ciclos-circadianos-iluminacion-diaria\/","og_locale":"fr_FR","og_type":"article","og_title":"\u25b7 Comment l'\u00e9clairage affecte notre vie quotidienne","og_description":"La iluminaci\u00f3n es un aspecto b\u00e1sico en nuestro d\u00eda a d\u00eda. Los ritmos circadianos influyen en nuestro d\u00eda a d\u00eda m\u00e1s de lo que creemos","og_url":"https:\/\/arteconfort.com\/fr\/ventilador-de-techo-fr\/ciclos-circadianos-iluminacion-diaria\/","og_site_name":"Arteconfort","article_published_time":"2021-10-07T07:00:43+00:00","article_modified_time":"2021-10-07T07:01:44+00:00","og_image":[{"width":800,"height":500,"url":"https:\/\/arteconfort.com\/wp-content\/uploads\/2021\/10\/ritmos.jpg","type":"image\/jpeg"}],"author":"admin","twitter_card":"summary_large_image","twitter_misc":{"\u00c9crit par":"admin","Dur\u00e9e de lecture estim\u00e9e":"7 minutes"},"schema":{"@context":"https:\/\/schema.org","@graph":[{"@type":"Article","@id":"https:\/\/arteconfort.com\/fr\/ventilador-de-techo-fr\/ciclos-circadianos-iluminacion-diaria\/#article","isPartOf":{"@id":"https:\/\/arteconfort.com\/fr\/ventilador-de-techo-fr\/ciclos-circadianos-iluminacion-diaria\/"},"author":{"name":"admin","@id":"https:\/\/arteconfort.com\/fr\/#\/schema\/person\/12aac2f47430580713e1f2cf74753f81"},"headline":"Comment l&#8217;\u00e9clairage affecte notre vie quotidienne","datePublished":"2021-10-07T07:00:43+00:00","dateModified":"2021-10-07T07:01:44+00:00","mainEntityOfPage":{"@id":"https:\/\/arteconfort.com\/fr\/ventilador-de-techo-fr\/ciclos-circadianos-iluminacion-diaria\/"},"wordCount":1403,"publisher":{"@id":"https:\/\/arteconfort.com\/fr\/#organization"},"image":{"@id":"https:\/\/arteconfort.com\/fr\/ventilador-de-techo-fr\/ciclos-circadianos-iluminacion-diaria\/#primaryimage"},"thumbnailUrl":"https:\/\/arteconfort.com\/wp-content\/uploads\/2021\/10\/ritmos.jpg","articleSection":["Gu\u00edas de ventiladores de techo","Ventilador de techo"],"inLanguage":"fr-FR"},{"@type":"WebPage","@id":"https:\/\/arteconfort.com\/fr\/ventilador-de-techo-fr\/ciclos-circadianos-iluminacion-diaria\/","url":"https:\/\/arteconfort.com\/fr\/ventilador-de-techo-fr\/ciclos-circadianos-iluminacion-diaria\/","name":"\u25b7 Comment l'\u00e9clairage affecte notre vie quotidienne","isPartOf":{"@id":"https:\/\/arteconfort.com\/fr\/#website"},"primaryImageOfPage":{"@id":"https:\/\/arteconfort.com\/fr\/ventilador-de-techo-fr\/ciclos-circadianos-iluminacion-diaria\/#primaryimage"},"image":{"@id":"https:\/\/arteconfort.com\/fr\/ventilador-de-techo-fr\/ciclos-circadianos-iluminacion-diaria\/#primaryimage"},"thumbnailUrl":"https:\/\/arteconfort.com\/wp-content\/uploads\/2021\/10\/ritmos.jpg","datePublished":"2021-10-07T07:00:43+00:00","dateModified":"2021-10-07T07:01:44+00:00","description":"La iluminaci\u00f3n es un aspecto b\u00e1sico en nuestro d\u00eda a d\u00eda. Los ritmos circadianos influyen en nuestro d\u00eda a d\u00eda m\u00e1s de lo que creemos","breadcrumb":{"@id":"https:\/\/arteconfort.com\/fr\/ventilador-de-techo-fr\/ciclos-circadianos-iluminacion-diaria\/#breadcrumb"},"inLanguage":"fr-FR","potentialAction":[{"@type":"ReadAction","target":["https:\/\/arteconfort.com\/fr\/ventilador-de-techo-fr\/ciclos-circadianos-iluminacion-diaria\/"]}]},{"@type":"ImageObject","inLanguage":"fr-FR","@id":"https:\/\/arteconfort.com\/fr\/ventilador-de-techo-fr\/ciclos-circadianos-iluminacion-diaria\/#primaryimage","url":"https:\/\/arteconfort.com\/wp-content\/uploads\/2021\/10\/ritmos.jpg","contentUrl":"https:\/\/arteconfort.com\/wp-content\/uploads\/2021\/10\/ritmos.jpg","width":800,"height":500,"caption":"Cabecera de las fases del sol ritmos circadianos"},{"@type":"BreadcrumbList","@id":"https:\/\/arteconfort.com\/fr\/ventilador-de-techo-fr\/ciclos-circadianos-iluminacion-diaria\/#breadcrumb","itemListElement":[{"@type":"ListItem","position":1,"name":"Inicio","item":"https:\/\/arteconfort.com\/fr\/"},{"@type":"ListItem","position":2,"name":"Ventilador de techo","item":"https:\/\/arteconfort.com\/fr\/ventilador-de-techo-fr\/"},{"@type":"ListItem","position":3,"name":"Comment l&#8217;\u00e9clairage affecte notre vie quotidienne"}]},{"@type":"WebSite","@id":"https:\/\/arteconfort.com\/fr\/#website","url":"https:\/\/arteconfort.com\/fr\/","name":"Arteconfort","description":"Especialistas en productos del hogar","publisher":{"@id":"https:\/\/arteconfort.com\/fr\/#organization"},"potentialAction":[{"@type":"SearchAction","target":{"@type":"EntryPoint","urlTemplate":"https:\/\/arteconfort.com\/fr\/?s={search_term_string}"},"query-input":{"@type":"PropertyValueSpecification","valueRequired":true,"valueName":"search_term_string"}}],"inLanguage":"fr-FR"},{"@type":"Organization","@id":"https:\/\/arteconfort.com\/fr\/#organization","name":"Arteconfort","url":"https:\/\/arteconfort.com\/fr\/","logo":{"@type":"ImageObject","inLanguage":"fr-FR","@id":"https:\/\/arteconfort.com\/fr\/#\/schema\/logo\/image\/","url":"https:\/\/arteconfort.com\/wp-content\/uploads\/2019\/07\/logo-arteconfort.png","contentUrl":"https:\/\/arteconfort.com\/wp-content\/uploads\/2019\/07\/logo-arteconfort.png","width":230,"height":88,"caption":"Arteconfort"},"image":{"@id":"https:\/\/arteconfort.com\/fr\/#\/schema\/logo\/image\/"}},{"@type":"Person","@id":"https:\/\/arteconfort.com\/fr\/#\/schema\/person\/12aac2f47430580713e1f2cf74753f81","name":"admin"}]}},"_links":{"self":[{"href":"https:\/\/arteconfort.com\/fr\/wp-json\/wp\/v2\/posts\/14480","targetHints":{"allow":["GET"]}}],"collection":[{"href":"https:\/\/arteconfort.com\/fr\/wp-json\/wp\/v2\/posts"}],"about":[{"href":"https:\/\/arteconfort.com\/fr\/wp-json\/wp\/v2\/types\/post"}],"author":[{"embeddable":true,"href":"https:\/\/arteconfort.com\/fr\/wp-json\/wp\/v2\/users\/1"}],"replies":[{"embeddable":true,"href":"https:\/\/arteconfort.com\/fr\/wp-json\/wp\/v2\/comments?post=14480"}],"version-history":[{"count":0,"href":"https:\/\/arteconfort.com\/fr\/wp-json\/wp\/v2\/posts\/14480\/revisions"}],"wp:featuredmedia":[{"embeddable":true,"href":"https:\/\/arteconfort.com\/fr\/wp-json\/wp\/v2\/media\/14474"}],"wp:attachment":[{"href":"https:\/\/arteconfort.com\/fr\/wp-json\/wp\/v2\/media?parent=14480"}],"wp:term":[{"taxonomy":"category","embeddable":true,"href":"https:\/\/arteconfort.com\/fr\/wp-json\/wp\/v2\/categories?post=14480"},{"taxonomy":"post_tag","embeddable":true,"href":"https:\/\/arteconfort.com\/fr\/wp-json\/wp\/v2\/tags?post=14480"}],"curies":[{"name":"wp","href":"https:\/\/api.w.org\/{rel}","templated":true}]}}