{"id":14967,"date":"2021-11-04T12:40:15","date_gmt":"2021-11-04T11:40:15","guid":{"rendered":"https:\/\/arteconfort.com\/?p=14967"},"modified":"2021-11-10T14:05:17","modified_gmt":"2021-11-10T13:05:17","slug":"iluminacion-solar-aliada-apagon-electrico","status":"publish","type":"post","link":"https:\/\/arteconfort.com\/fr\/iluminacion-solar-exterior-fr\/iluminacion-solar-aliada-apagon-electrico\/","title":{"rendered":"L&#8217;\u00e9clairage solaire : un alli\u00e9 face \u00e0 une \u00e9ventuelle panne d&#8217;\u00e9lectricit\u00e9 mondiale"},"content":{"rendered":"<div class=\"wpb-content-wrapper\"><p>[vc_row][vc_column][vc_column_text]Il semble que depuis quelques ann\u00e9es, nous soyons plong\u00e9s dans un film de fiction, dans le plus pur style Mad Max. En pleine crise sanitaire, face \u00e0 la <a href=\"https:\/\/arteconfort.com\/fr\/ventilador-de-techo-fr\/subida-luz-como-ahorrar-en-tu-factura\/\" target=\"_blank\" rel=\"noopener noreferrer\">hausse des prix de l&#8217;\u00e9lectricit\u00e9<\/a> et des mati\u00e8res premi\u00e8res et \u00e0 la p\u00e9nurie d&#8217;approvisionnement, l&#8217;Europe met en garde contre un possible black-out, c&#8217;est-\u00e0-dire une panne g\u00e9n\u00e9ralis\u00e9e qui touchera l&#8217;ensemble de l&#8217;Europe.<\/p>\n<p>Qui a tir\u00e9 la sonnette d&#8217;alarme ? Il y a quelques semaines, l&#8217;Autriche a commenc\u00e9 \u00e0 conseiller \u00e0 ses citoyens de se pr\u00e9parer \u00e0 l&#8217;hypoth\u00e9tique &#8220;grande panne&#8221;<strong> qui se produirait dans les cinq prochaines ann\u00e9es<\/strong>.<\/p>\n<p>Face \u00e0 tout l&#8217;alarmisme qui envahit les rues des villes europ\u00e9ennes, il convient de rappeler que, si cela se produit, ce ne sera pas la premi\u00e8re fois que nous vivrons quelque chose de semblable. Dans le cas de l&#8217;Espagne, lors de la <strong>temp\u00eate Filomena<\/strong>, de nombreux foyers se sont retrouv\u00e9s sans eau ni \u00e9lectricit\u00e9, voire les deux. Pendant ce temps, dans le reste de l&#8217;Europe, <strong>l&#8217;Italie a subi une panne d&#8217;\u00e9lectricit\u00e9 en 2003<\/strong> qui a dur\u00e9 24 heures, ou encore Londres et l&#8217;Allemagne en 2006, respectivement en octobre et novembre.[\/vc_column_text][vc_empty_space height=&#8221;100px&#8221;][\/vc_column][\/vc_row][vc_row][vc_column][wyde_heading style=&#8221;2&#8243; text_align=&#8221;center&#8221; title=&#8221;L&#8217;\u00e9clairage solaire pour faire face \u00e0 la panne d&#8217;\u00e9lectricit\u00e9 pr\u00e9vue par l&#8217;Autriche&#8221;][vc_column_text]Ces deux derni\u00e8res ann\u00e9es, nous avons appris \u00e0 vivre au jour le jour et \u00e0 nous <strong>pr\u00e9parer \u00e0 ce que l&#8217;avenir nous r\u00e9serve<\/strong>. Par cons\u00e9quent, alors que l&#8217;Europe met en garde contre un \u00e9ventuel black-out \u00e9nerg\u00e9tique, les produits solaires deviennent les protagonistes et nos grands alli\u00e9s, car ils n&#8217;ont pas besoin du r\u00e9seau \u00e9lectrique pour g\u00e9n\u00e9rer de la lumi\u00e8re, il suffit que les <a href=\"https:\/\/arteconfort.com\/fr\/iluminacion-solar-exterior-fr\/funcionamiento-de-los-paneles-solares\/\" target=\"_blank\" rel=\"noopener noreferrer\">panneaux solaires<\/a> soient expos\u00e9s aux rayons du soleil.<\/p>\n<p>L&#8217;un des produits les plus populaires est le<a href=\"https:\/\/arteconfort.com\/fr\/producto\/solar-fr\/iluminacion-solar-de-pared-fr\/set-hidra\/\"> SET HIDRA<\/a>, un kit solaire compos\u00e9 d&#8217;ampoules et d&#8217;une batterie avec plusieurs ports de charge. Ainsi que le projecteur solaire r\u00e9glable <a href=\"https:\/\/arteconfort.com\/fr\/producto\/solar-fr\/iluminacion-solar-de-pared-fr\/kore-m\/\">KORE M<\/a> ou les appliques solaires <a href=\"https:\/\/arteconfort.com\/fr\/producto\/solar-fr\/iluminacion-solar-de-pared-fr\/nizar\/\">NIZAR<\/a>.[\/vc_column_text][vc_empty_space height=&#8221;40px&#8221;]<div class=\"woocommerce columns-5 \"><ul class=\"products w-grid-space clear columns-5\">\r\n<li class=\"product type-product post-11160 status-publish first instock product_cat-descatalogados-fr product_cat-iluminacion-fr has-post-thumbnail shipping-taxable product-type-external w-item five-cols\">\n\t<figure><div class=\"image-wrapper\">\t\t<a href=\"https:\/\/arteconfort.com\/fr\/producto\/nizar\/\" class=\"w-fadeslider\">\n\t<img loading=\"lazy\" decoding=\"async\" width=\"1024\" height=\"1024\" src=\"https:\/\/arteconfort.com\/wp-content\/uploads\/2023\/10\/NIZAR.webp\" class=\"attachment-shop_catalog size-shop_catalog wp-post-image\" alt=\"Foco solar de pared NIZAR\" srcset=\"https:\/\/arteconfort.com\/wp-content\/uploads\/2023\/10\/NIZAR.webp 1024w, https:\/\/arteconfort.com\/wp-content\/uploads\/2023\/10\/NIZAR-768x768.webp 768w, https:\/\/arteconfort.com\/wp-content\/uploads\/2023\/10\/NIZAR-340x340.webp 340w, https:\/\/arteconfort.com\/wp-content\/uploads\/2023\/10\/NIZAR-640x640.webp 640w, https:\/\/arteconfort.com\/wp-content\/uploads\/2023\/10\/NIZAR-960x960.webp 960w, https:\/\/arteconfort.com\/wp-content\/uploads\/2023\/10\/NIZAR-300x300.webp 300w, https:\/\/arteconfort.com\/wp-content\/uploads\/2023\/10\/NIZAR-600x600.webp 600w, https:\/\/arteconfort.com\/wp-content\/uploads\/2023\/10\/NIZAR-100x100.webp 100w, https:\/\/arteconfort.com\/wp-content\/uploads\/2023\/10\/NIZAR-133x133.webp 133w\" sizes=\"auto, (max-width: 1024px) 100vw, 1024px\" \/>\t<img loading=\"lazy\" decoding=\"async\" width=\"1024\" height=\"1024\" src=\"https:\/\/arteconfort.com\/wp-content\/uploads\/2023\/10\/NIZAR-blanco-ambiente.webp\" class=\"attachment-shop_catalog size-shop_catalog\" alt=\"Solar NIZAR ambiente\" srcset=\"https:\/\/arteconfort.com\/wp-content\/uploads\/2023\/10\/NIZAR-blanco-ambiente.webp 1024w, https:\/\/arteconfort.com\/wp-content\/uploads\/2023\/10\/NIZAR-blanco-ambiente-768x768.webp 768w, https:\/\/arteconfort.com\/wp-content\/uploads\/2023\/10\/NIZAR-blanco-ambiente-340x340.webp 340w, https:\/\/arteconfort.com\/wp-content\/uploads\/2023\/10\/NIZAR-blanco-ambiente-640x640.webp 640w, https:\/\/arteconfort.com\/wp-content\/uploads\/2023\/10\/NIZAR-blanco-ambiente-960x960.webp 960w, https:\/\/arteconfort.com\/wp-content\/uploads\/2023\/10\/NIZAR-blanco-ambiente-133x133.webp 133w, https:\/\/arteconfort.com\/wp-content\/uploads\/2023\/10\/NIZAR-blanco-ambiente-300x300.webp 300w, https:\/\/arteconfort.com\/wp-content\/uploads\/2023\/10\/NIZAR-blanco-ambiente-600x600.webp 600w, https:\/\/arteconfort.com\/wp-content\/uploads\/2023\/10\/NIZAR-blanco-ambiente-100x100.webp 100w\" sizes=\"auto, (max-width: 1024px) 100vw, 1024px\" \/><img loading=\"lazy\" decoding=\"async\" width=\"1024\" height=\"1024\" src=\"https:\/\/arteconfort.com\/wp-content\/uploads\/2023\/10\/NIZAR-3.webp\" class=\"attachment-shop_catalog size-shop_catalog\" alt=\"Foco solar de pared NIZAR\" srcset=\"https:\/\/arteconfort.com\/wp-content\/uploads\/2023\/10\/NIZAR-3.webp 1024w, https:\/\/arteconfort.com\/wp-content\/uploads\/2023\/10\/NIZAR-3-768x768.webp 768w, https:\/\/arteconfort.com\/wp-content\/uploads\/2023\/10\/NIZAR-3-340x340.webp 340w, https:\/\/arteconfort.com\/wp-content\/uploads\/2023\/10\/NIZAR-3-640x640.webp 640w, https:\/\/arteconfort.com\/wp-content\/uploads\/2023\/10\/NIZAR-3-960x960.webp 960w, https:\/\/arteconfort.com\/wp-content\/uploads\/2023\/10\/NIZAR-3-133x133.webp 133w, https:\/\/arteconfort.com\/wp-content\/uploads\/2023\/10\/NIZAR-3-300x300.webp 300w, https:\/\/arteconfort.com\/wp-content\/uploads\/2023\/10\/NIZAR-3-600x600.webp 600w, https:\/\/arteconfort.com\/wp-content\/uploads\/2023\/10\/NIZAR-3-100x100.webp 100w\" sizes=\"auto, (max-width: 1024px) 100vw, 1024px\" \/><img loading=\"lazy\" decoding=\"async\" width=\"1024\" height=\"1024\" src=\"https:\/\/arteconfort.com\/wp-content\/uploads\/2023\/10\/NIZAR-5.webp\" class=\"attachment-shop_catalog size-shop_catalog\" alt=\"Foco solar de pared NIZAR\" srcset=\"https:\/\/arteconfort.com\/wp-content\/uploads\/2023\/10\/NIZAR-5.webp 1024w, https:\/\/arteconfort.com\/wp-content\/uploads\/2023\/10\/NIZAR-5-768x768.webp 768w, https:\/\/arteconfort.com\/wp-content\/uploads\/2023\/10\/NIZAR-5-340x340.webp 340w, https:\/\/arteconfort.com\/wp-content\/uploads\/2023\/10\/NIZAR-5-640x640.webp 640w, https:\/\/arteconfort.com\/wp-content\/uploads\/2023\/10\/NIZAR-5-960x960.webp 960w, https:\/\/arteconfort.com\/wp-content\/uploads\/2023\/10\/NIZAR-5-133x133.webp 133w, https:\/\/arteconfort.com\/wp-content\/uploads\/2023\/10\/NIZAR-5-300x300.webp 300w, https:\/\/arteconfort.com\/wp-content\/uploads\/2023\/10\/NIZAR-5-600x600.webp 600w, https:\/\/arteconfort.com\/wp-content\/uploads\/2023\/10\/NIZAR-5-100x100.webp 100w\" sizes=\"auto, (max-width: 1024px) 100vw, 1024px\" \/><img loading=\"lazy\" decoding=\"async\" width=\"1024\" height=\"1024\" src=\"https:\/\/arteconfort.com\/wp-content\/uploads\/2023\/10\/NIZAR-4.webp\" class=\"attachment-shop_catalog size-shop_catalog\" alt=\"Foco solar de pared NIZAR\" srcset=\"https:\/\/arteconfort.com\/wp-content\/uploads\/2023\/10\/NIZAR-4.webp 1024w, https:\/\/arteconfort.com\/wp-content\/uploads\/2023\/10\/NIZAR-4-768x768.webp 768w, https:\/\/arteconfort.com\/wp-content\/uploads\/2023\/10\/NIZAR-4-340x340.webp 340w, https:\/\/arteconfort.com\/wp-content\/uploads\/2023\/10\/NIZAR-4-640x640.webp 640w, https:\/\/arteconfort.com\/wp-content\/uploads\/2023\/10\/NIZAR-4-960x960.webp 960w, https:\/\/arteconfort.com\/wp-content\/uploads\/2023\/10\/NIZAR-4-133x133.webp 133w, https:\/\/arteconfort.com\/wp-content\/uploads\/2023\/10\/NIZAR-4-300x300.webp 300w, https:\/\/arteconfort.com\/wp-content\/uploads\/2023\/10\/NIZAR-4-600x600.webp 600w, https:\/\/arteconfort.com\/wp-content\/uploads\/2023\/10\/NIZAR-4-100x100.webp 100w\" sizes=\"auto, (max-width: 1024px) 100vw, 1024px\" \/><img loading=\"lazy\" decoding=\"async\" width=\"1024\" height=\"1024\" src=\"https:\/\/arteconfort.com\/wp-content\/uploads\/2023\/10\/NIZAR-NEGRO-3.webp\" class=\"attachment-shop_catalog size-shop_catalog\" alt=\"Solar NIZAR negro\" srcset=\"https:\/\/arteconfort.com\/wp-content\/uploads\/2023\/10\/NIZAR-NEGRO-3.webp 1024w, https:\/\/arteconfort.com\/wp-content\/uploads\/2023\/10\/NIZAR-NEGRO-3-768x768.webp 768w, https:\/\/arteconfort.com\/wp-content\/uploads\/2023\/10\/NIZAR-NEGRO-3-340x340.webp 340w, https:\/\/arteconfort.com\/wp-content\/uploads\/2023\/10\/NIZAR-NEGRO-3-640x640.webp 640w, https:\/\/arteconfort.com\/wp-content\/uploads\/2023\/10\/NIZAR-NEGRO-3-960x960.webp 960w, https:\/\/arteconfort.com\/wp-content\/uploads\/2023\/10\/NIZAR-NEGRO-3-133x133.webp 133w, https:\/\/arteconfort.com\/wp-content\/uploads\/2023\/10\/NIZAR-NEGRO-3-300x300.webp 300w, https:\/\/arteconfort.com\/wp-content\/uploads\/2023\/10\/NIZAR-NEGRO-3-600x600.webp 600w, https:\/\/arteconfort.com\/wp-content\/uploads\/2023\/10\/NIZAR-NEGRO-3-100x100.webp 100w\" sizes=\"auto, (max-width: 1024px) 100vw, 1024px\" \/><img loading=\"lazy\" decoding=\"async\" width=\"1024\" height=\"1024\" src=\"https:\/\/arteconfort.com\/wp-content\/uploads\/2023\/10\/NIZAR-NEGRO.webp\" class=\"attachment-shop_catalog size-shop_catalog\" alt=\"Solar NIZAR negro\" srcset=\"https:\/\/arteconfort.com\/wp-content\/uploads\/2023\/10\/NIZAR-NEGRO.webp 1024w, https:\/\/arteconfort.com\/wp-content\/uploads\/2023\/10\/NIZAR-NEGRO-768x768.webp 768w, https:\/\/arteconfort.com\/wp-content\/uploads\/2023\/10\/NIZAR-NEGRO-340x340.webp 340w, https:\/\/arteconfort.com\/wp-content\/uploads\/2023\/10\/NIZAR-NEGRO-640x640.webp 640w, https:\/\/arteconfort.com\/wp-content\/uploads\/2023\/10\/NIZAR-NEGRO-960x960.webp 960w, https:\/\/arteconfort.com\/wp-content\/uploads\/2023\/10\/NIZAR-NEGRO-133x133.webp 133w, https:\/\/arteconfort.com\/wp-content\/uploads\/2023\/10\/NIZAR-NEGRO-300x300.webp 300w, https:\/\/arteconfort.com\/wp-content\/uploads\/2023\/10\/NIZAR-NEGRO-600x600.webp 600w, https:\/\/arteconfort.com\/wp-content\/uploads\/2023\/10\/NIZAR-NEGRO-100x100.webp 100w\" sizes=\"auto, (max-width: 1024px) 100vw, 1024px\" \/><img loading=\"lazy\" decoding=\"async\" width=\"1024\" height=\"1024\" src=\"https:\/\/arteconfort.com\/wp-content\/uploads\/2023\/10\/NIZAR-NEGRO-6.webp\" class=\"attachment-shop_catalog size-shop_catalog\" alt=\"Solar NIZAR sensor\" srcset=\"https:\/\/arteconfort.com\/wp-content\/uploads\/2023\/10\/NIZAR-NEGRO-6.webp 1024w, https:\/\/arteconfort.com\/wp-content\/uploads\/2023\/10\/NIZAR-NEGRO-6-768x768.webp 768w, https:\/\/arteconfort.com\/wp-content\/uploads\/2023\/10\/NIZAR-NEGRO-6-340x340.webp 340w, https:\/\/arteconfort.com\/wp-content\/uploads\/2023\/10\/NIZAR-NEGRO-6-640x640.webp 640w, https:\/\/arteconfort.com\/wp-content\/uploads\/2023\/10\/NIZAR-NEGRO-6-960x960.webp 960w, https:\/\/arteconfort.com\/wp-content\/uploads\/2023\/10\/NIZAR-NEGRO-6-133x133.webp 133w, https:\/\/arteconfort.com\/wp-content\/uploads\/2023\/10\/NIZAR-NEGRO-6-300x300.webp 300w, https:\/\/arteconfort.com\/wp-content\/uploads\/2023\/10\/NIZAR-NEGRO-6-600x600.webp 600w, https:\/\/arteconfort.com\/wp-content\/uploads\/2023\/10\/NIZAR-NEGRO-6-100x100.webp 100w\" sizes=\"auto, (max-width: 1024px) 100vw, 1024px\" \/><img loading=\"lazy\" decoding=\"async\" width=\"1024\" height=\"1024\" src=\"https:\/\/arteconfort.com\/wp-content\/uploads\/2023\/10\/NIZAR-NEGRO-4.webp\" class=\"attachment-shop_catalog size-shop_catalog\" alt=\"Solar NIZAR panel\" srcset=\"https:\/\/arteconfort.com\/wp-content\/uploads\/2023\/10\/NIZAR-NEGRO-4.webp 1024w, https:\/\/arteconfort.com\/wp-content\/uploads\/2023\/10\/NIZAR-NEGRO-4-768x768.webp 768w, https:\/\/arteconfort.com\/wp-content\/uploads\/2023\/10\/NIZAR-NEGRO-4-340x340.webp 340w, https:\/\/arteconfort.com\/wp-content\/uploads\/2023\/10\/NIZAR-NEGRO-4-640x640.webp 640w, https:\/\/arteconfort.com\/wp-content\/uploads\/2023\/10\/NIZAR-NEGRO-4-960x960.webp 960w, https:\/\/arteconfort.com\/wp-content\/uploads\/2023\/10\/NIZAR-NEGRO-4-133x133.webp 133w, https:\/\/arteconfort.com\/wp-content\/uploads\/2023\/10\/NIZAR-NEGRO-4-300x300.webp 300w, https:\/\/arteconfort.com\/wp-content\/uploads\/2023\/10\/NIZAR-NEGRO-4-600x600.webp 600w, https:\/\/arteconfort.com\/wp-content\/uploads\/2023\/10\/NIZAR-NEGRO-4-100x100.webp 100w\" sizes=\"auto, (max-width: 1024px) 100vw, 1024px\" \/>\t<\/a>\n\t<div class=\"w-product-status\"><\/div>\t<span id=\"woocommerce_loop_add_to_cart_link_describedby_11160\" class=\"screen-reader-text\">\n\t\t\t<\/span>\n<\/div><figcaption><h2 class=\"woocommerce-loop-product__title\">NIZAR<\/h2><div class=\"woocommerce-product-details__short-description\">\n\t<p>Applique solaire r\u00e9glable. Fabriqu\u00e9 en mat\u00e9riau tr\u00e8s r\u00e9sistant aux chocs. Un bon choix pour \u00e9clairer n&#8217;importe quel environnement<\/div>\n\n<\/figcaption><\/figure><\/li>\n<li class=\"product type-product post-11203 status-publish instock product_cat-iluminacion-solar-de-pared-fr product_cat-solar-fr has-post-thumbnail shipping-taxable product-type-external w-item five-cols\">\n\t<figure><div class=\"image-wrapper\">\t\t<a href=\"https:\/\/arteconfort.com\/fr\/producto\/set-hidra\/\" class=\"w-fadeslider\">\n\t<img loading=\"lazy\" decoding=\"async\" width=\"1024\" height=\"1024\" src=\"https:\/\/arteconfort.com\/wp-content\/uploads\/2023\/10\/HIDRA-SET.webp\" class=\"attachment-shop_catalog size-shop_catalog wp-post-image\" alt=\"HIDRA SET\" srcset=\"https:\/\/arteconfort.com\/wp-content\/uploads\/2023\/10\/HIDRA-SET.webp 1024w, https:\/\/arteconfort.com\/wp-content\/uploads\/2023\/10\/HIDRA-SET-768x768.webp 768w, https:\/\/arteconfort.com\/wp-content\/uploads\/2023\/10\/HIDRA-SET-340x340.webp 340w, https:\/\/arteconfort.com\/wp-content\/uploads\/2023\/10\/HIDRA-SET-640x640.webp 640w, https:\/\/arteconfort.com\/wp-content\/uploads\/2023\/10\/HIDRA-SET-960x960.webp 960w, https:\/\/arteconfort.com\/wp-content\/uploads\/2023\/10\/HIDRA-SET-300x300.webp 300w, https:\/\/arteconfort.com\/wp-content\/uploads\/2023\/10\/HIDRA-SET-600x600.webp 600w, https:\/\/arteconfort.com\/wp-content\/uploads\/2023\/10\/HIDRA-SET-100x100.webp 100w, https:\/\/arteconfort.com\/wp-content\/uploads\/2023\/10\/HIDRA-SET-133x133.webp 133w\" sizes=\"auto, (max-width: 1024px) 100vw, 1024px\" \/>\t<img loading=\"lazy\" decoding=\"async\" width=\"1024\" height=\"1024\" src=\"https:\/\/arteconfort.com\/wp-content\/uploads\/2023\/10\/ambiente-HIDRA-2.webp\" class=\"attachment-shop_catalog size-shop_catalog\" alt=\"Ambiente HIDRA 2\" srcset=\"https:\/\/arteconfort.com\/wp-content\/uploads\/2023\/10\/ambiente-HIDRA-2.webp 1024w, https:\/\/arteconfort.com\/wp-content\/uploads\/2023\/10\/ambiente-HIDRA-2-768x768.webp 768w, https:\/\/arteconfort.com\/wp-content\/uploads\/2023\/10\/ambiente-HIDRA-2-340x340.webp 340w, https:\/\/arteconfort.com\/wp-content\/uploads\/2023\/10\/ambiente-HIDRA-2-640x640.webp 640w, https:\/\/arteconfort.com\/wp-content\/uploads\/2023\/10\/ambiente-HIDRA-2-960x960.webp 960w, https:\/\/arteconfort.com\/wp-content\/uploads\/2023\/10\/ambiente-HIDRA-2-133x133.webp 133w, https:\/\/arteconfort.com\/wp-content\/uploads\/2023\/10\/ambiente-HIDRA-2-300x300.webp 300w, https:\/\/arteconfort.com\/wp-content\/uploads\/2023\/10\/ambiente-HIDRA-2-600x600.webp 600w, https:\/\/arteconfort.com\/wp-content\/uploads\/2023\/10\/ambiente-HIDRA-2-100x100.webp 100w\" sizes=\"auto, (max-width: 1024px) 100vw, 1024px\" \/><img loading=\"lazy\" decoding=\"async\" width=\"1024\" height=\"1024\" src=\"https:\/\/arteconfort.com\/wp-content\/uploads\/2023\/10\/HIDRA.webp\" class=\"attachment-shop_catalog size-shop_catalog\" alt=\"HIDRA BOMBILLA\" srcset=\"https:\/\/arteconfort.com\/wp-content\/uploads\/2023\/10\/HIDRA.webp 1024w, https:\/\/arteconfort.com\/wp-content\/uploads\/2023\/10\/HIDRA-768x768.webp 768w, https:\/\/arteconfort.com\/wp-content\/uploads\/2023\/10\/HIDRA-340x340.webp 340w, https:\/\/arteconfort.com\/wp-content\/uploads\/2023\/10\/HIDRA-640x640.webp 640w, https:\/\/arteconfort.com\/wp-content\/uploads\/2023\/10\/HIDRA-960x960.webp 960w, https:\/\/arteconfort.com\/wp-content\/uploads\/2023\/10\/HIDRA-133x133.webp 133w, https:\/\/arteconfort.com\/wp-content\/uploads\/2023\/10\/HIDRA-300x300.webp 300w, https:\/\/arteconfort.com\/wp-content\/uploads\/2023\/10\/HIDRA-600x600.webp 600w, https:\/\/arteconfort.com\/wp-content\/uploads\/2023\/10\/HIDRA-100x100.webp 100w\" sizes=\"auto, (max-width: 1024px) 100vw, 1024px\" \/>\t<\/a>\n\t<div class=\"w-product-status\"><\/div>\t<span id=\"woocommerce_loop_add_to_cart_link_describedby_11203\" class=\"screen-reader-text\">\n\t\t\t<\/span>\n<\/div><figcaption><h2 class=\"woocommerce-loop-product__title\">SET HIDRA<\/h2><div class=\"woocommerce-product-details__short-description\">\n\t<p>Kit solaire avec ampoules et batterie. La batterie poss\u00e8de plusieurs ports, un pour l&#8217;\u00e9clairage ainsi qu&#8217;un pour votre<\/div>\n\n<\/figcaption><\/figure><\/li>\n<li class=\"product type-product post-11200 status-publish instock product_cat-descatalogados-fr has-post-thumbnail shipping-taxable product-type-simple w-item five-cols\">\n\t<figure><div class=\"image-wrapper\">\t\t<a href=\"https:\/\/arteconfort.com\/fr\/producto\/remus-smart\/\" class=\"w-fadeslider\">\n\t<img loading=\"lazy\" decoding=\"async\" width=\"1024\" height=\"1024\" src=\"https:\/\/arteconfort.com\/wp-content\/uploads\/2023\/10\/REMUS-SMART.webp\" class=\"attachment-shop_catalog size-shop_catalog wp-post-image\" alt=\"REMUS SMART\" srcset=\"https:\/\/arteconfort.com\/wp-content\/uploads\/2023\/10\/REMUS-SMART.webp 1024w, https:\/\/arteconfort.com\/wp-content\/uploads\/2023\/10\/REMUS-SMART-768x768.webp 768w, https:\/\/arteconfort.com\/wp-content\/uploads\/2023\/10\/REMUS-SMART-340x340.webp 340w, https:\/\/arteconfort.com\/wp-content\/uploads\/2023\/10\/REMUS-SMART-640x640.webp 640w, https:\/\/arteconfort.com\/wp-content\/uploads\/2023\/10\/REMUS-SMART-960x960.webp 960w, https:\/\/arteconfort.com\/wp-content\/uploads\/2023\/10\/REMUS-SMART-300x300.webp 300w, https:\/\/arteconfort.com\/wp-content\/uploads\/2023\/10\/REMUS-SMART-600x600.webp 600w, https:\/\/arteconfort.com\/wp-content\/uploads\/2023\/10\/REMUS-SMART-100x100.webp 100w, https:\/\/arteconfort.com\/wp-content\/uploads\/2023\/10\/REMUS-SMART-133x133.webp 133w\" sizes=\"auto, (max-width: 1024px) 100vw, 1024px\" \/>\t<img loading=\"lazy\" decoding=\"async\" width=\"1024\" height=\"1024\" src=\"https:\/\/arteconfort.com\/wp-content\/uploads\/2023\/10\/REMUS-SMART-ambiente.webp\" class=\"attachment-shop_catalog size-shop_catalog\" alt=\"REMUS SMART ambiente\" srcset=\"https:\/\/arteconfort.com\/wp-content\/uploads\/2023\/10\/REMUS-SMART-ambiente.webp 1024w, https:\/\/arteconfort.com\/wp-content\/uploads\/2023\/10\/REMUS-SMART-ambiente-768x768.webp 768w, https:\/\/arteconfort.com\/wp-content\/uploads\/2023\/10\/REMUS-SMART-ambiente-340x340.webp 340w, https:\/\/arteconfort.com\/wp-content\/uploads\/2023\/10\/REMUS-SMART-ambiente-640x640.webp 640w, https:\/\/arteconfort.com\/wp-content\/uploads\/2023\/10\/REMUS-SMART-ambiente-960x960.webp 960w, https:\/\/arteconfort.com\/wp-content\/uploads\/2023\/10\/REMUS-SMART-ambiente-133x133.webp 133w, https:\/\/arteconfort.com\/wp-content\/uploads\/2023\/10\/REMUS-SMART-ambiente-300x300.webp 300w, https:\/\/arteconfort.com\/wp-content\/uploads\/2023\/10\/REMUS-SMART-ambiente-600x600.webp 600w, https:\/\/arteconfort.com\/wp-content\/uploads\/2023\/10\/REMUS-SMART-ambiente-100x100.webp 100w\" sizes=\"auto, (max-width: 1024px) 100vw, 1024px\" \/><img loading=\"lazy\" decoding=\"async\" width=\"1024\" height=\"1024\" src=\"https:\/\/arteconfort.com\/wp-content\/uploads\/2023\/10\/REMUS-SMART-luz.webp\" class=\"attachment-shop_catalog size-shop_catalog\" alt=\"REMUS SMART luz\" srcset=\"https:\/\/arteconfort.com\/wp-content\/uploads\/2023\/10\/REMUS-SMART-luz.webp 1024w, https:\/\/arteconfort.com\/wp-content\/uploads\/2023\/10\/REMUS-SMART-luz-768x768.webp 768w, https:\/\/arteconfort.com\/wp-content\/uploads\/2023\/10\/REMUS-SMART-luz-340x340.webp 340w, https:\/\/arteconfort.com\/wp-content\/uploads\/2023\/10\/REMUS-SMART-luz-640x640.webp 640w, https:\/\/arteconfort.com\/wp-content\/uploads\/2023\/10\/REMUS-SMART-luz-960x960.webp 960w, https:\/\/arteconfort.com\/wp-content\/uploads\/2023\/10\/REMUS-SMART-luz-133x133.webp 133w, https:\/\/arteconfort.com\/wp-content\/uploads\/2023\/10\/REMUS-SMART-luz-300x300.webp 300w, https:\/\/arteconfort.com\/wp-content\/uploads\/2023\/10\/REMUS-SMART-luz-600x600.webp 600w, https:\/\/arteconfort.com\/wp-content\/uploads\/2023\/10\/REMUS-SMART-luz-100x100.webp 100w\" sizes=\"auto, (max-width: 1024px) 100vw, 1024px\" \/><img loading=\"lazy\" decoding=\"async\" width=\"1024\" height=\"1024\" src=\"https:\/\/arteconfort.com\/wp-content\/uploads\/2023\/10\/REMUS-SMART-frontal.webp\" class=\"attachment-shop_catalog size-shop_catalog\" alt=\"REMUS SMART frontal\" srcset=\"https:\/\/arteconfort.com\/wp-content\/uploads\/2023\/10\/REMUS-SMART-frontal.webp 1024w, https:\/\/arteconfort.com\/wp-content\/uploads\/2023\/10\/REMUS-SMART-frontal-768x768.webp 768w, https:\/\/arteconfort.com\/wp-content\/uploads\/2023\/10\/REMUS-SMART-frontal-340x340.webp 340w, https:\/\/arteconfort.com\/wp-content\/uploads\/2023\/10\/REMUS-SMART-frontal-640x640.webp 640w, https:\/\/arteconfort.com\/wp-content\/uploads\/2023\/10\/REMUS-SMART-frontal-960x960.webp 960w, https:\/\/arteconfort.com\/wp-content\/uploads\/2023\/10\/REMUS-SMART-frontal-133x133.webp 133w, https:\/\/arteconfort.com\/wp-content\/uploads\/2023\/10\/REMUS-SMART-frontal-300x300.webp 300w, https:\/\/arteconfort.com\/wp-content\/uploads\/2023\/10\/REMUS-SMART-frontal-600x600.webp 600w, https:\/\/arteconfort.com\/wp-content\/uploads\/2023\/10\/REMUS-SMART-frontal-100x100.webp 100w\" sizes=\"auto, (max-width: 1024px) 100vw, 1024px\" \/><img loading=\"lazy\" decoding=\"async\" width=\"1024\" height=\"1024\" src=\"https:\/\/arteconfort.com\/wp-content\/uploads\/2023\/10\/REMUS-SMART-mando.webp\" class=\"attachment-shop_catalog size-shop_catalog\" alt=\"REMUS SMART mando\" srcset=\"https:\/\/arteconfort.com\/wp-content\/uploads\/2023\/10\/REMUS-SMART-mando.webp 1024w, https:\/\/arteconfort.com\/wp-content\/uploads\/2023\/10\/REMUS-SMART-mando-768x768.webp 768w, https:\/\/arteconfort.com\/wp-content\/uploads\/2023\/10\/REMUS-SMART-mando-340x340.webp 340w, https:\/\/arteconfort.com\/wp-content\/uploads\/2023\/10\/REMUS-SMART-mando-640x640.webp 640w, https:\/\/arteconfort.com\/wp-content\/uploads\/2023\/10\/REMUS-SMART-mando-960x960.webp 960w, https:\/\/arteconfort.com\/wp-content\/uploads\/2023\/10\/REMUS-SMART-mando-133x133.webp 133w, https:\/\/arteconfort.com\/wp-content\/uploads\/2023\/10\/REMUS-SMART-mando-300x300.webp 300w, https:\/\/arteconfort.com\/wp-content\/uploads\/2023\/10\/REMUS-SMART-mando-600x600.webp 600w, https:\/\/arteconfort.com\/wp-content\/uploads\/2023\/10\/REMUS-SMART-mando-100x100.webp 100w\" sizes=\"auto, (max-width: 1024px) 100vw, 1024px\" \/><img loading=\"lazy\" decoding=\"async\" width=\"1024\" height=\"1024\" src=\"https:\/\/arteconfort.com\/wp-content\/uploads\/2023\/10\/REMUS-SMART-trasera.webp\" class=\"attachment-shop_catalog size-shop_catalog\" alt=\"REMUS SMART trasera\" srcset=\"https:\/\/arteconfort.com\/wp-content\/uploads\/2023\/10\/REMUS-SMART-trasera.webp 1024w, https:\/\/arteconfort.com\/wp-content\/uploads\/2023\/10\/REMUS-SMART-trasera-768x768.webp 768w, https:\/\/arteconfort.com\/wp-content\/uploads\/2023\/10\/REMUS-SMART-trasera-340x340.webp 340w, https:\/\/arteconfort.com\/wp-content\/uploads\/2023\/10\/REMUS-SMART-trasera-640x640.webp 640w, https:\/\/arteconfort.com\/wp-content\/uploads\/2023\/10\/REMUS-SMART-trasera-960x960.webp 960w, https:\/\/arteconfort.com\/wp-content\/uploads\/2023\/10\/REMUS-SMART-trasera-133x133.webp 133w, https:\/\/arteconfort.com\/wp-content\/uploads\/2023\/10\/REMUS-SMART-trasera-300x300.webp 300w, https:\/\/arteconfort.com\/wp-content\/uploads\/2023\/10\/REMUS-SMART-trasera-600x600.webp 600w, https:\/\/arteconfort.com\/wp-content\/uploads\/2023\/10\/REMUS-SMART-trasera-100x100.webp 100w\" sizes=\"auto, (max-width: 1024px) 100vw, 1024px\" \/><img loading=\"lazy\" decoding=\"async\" width=\"1024\" height=\"1024\" src=\"https:\/\/arteconfort.com\/wp-content\/uploads\/2023\/10\/REMUS-SMART-panel.webp\" class=\"attachment-shop_catalog size-shop_catalog\" alt=\"REMUS SMART panel\" srcset=\"https:\/\/arteconfort.com\/wp-content\/uploads\/2023\/10\/REMUS-SMART-panel.webp 1024w, https:\/\/arteconfort.com\/wp-content\/uploads\/2023\/10\/REMUS-SMART-panel-768x768.webp 768w, https:\/\/arteconfort.com\/wp-content\/uploads\/2023\/10\/REMUS-SMART-panel-340x340.webp 340w, https:\/\/arteconfort.com\/wp-content\/uploads\/2023\/10\/REMUS-SMART-panel-640x640.webp 640w, https:\/\/arteconfort.com\/wp-content\/uploads\/2023\/10\/REMUS-SMART-panel-960x960.webp 960w, https:\/\/arteconfort.com\/wp-content\/uploads\/2023\/10\/REMUS-SMART-panel-133x133.webp 133w, https:\/\/arteconfort.com\/wp-content\/uploads\/2023\/10\/REMUS-SMART-panel-300x300.webp 300w, https:\/\/arteconfort.com\/wp-content\/uploads\/2023\/10\/REMUS-SMART-panel-600x600.webp 600w, https:\/\/arteconfort.com\/wp-content\/uploads\/2023\/10\/REMUS-SMART-panel-100x100.webp 100w\" sizes=\"auto, (max-width: 1024px) 100vw, 1024px\" \/><img loading=\"lazy\" decoding=\"async\" width=\"1024\" height=\"1024\" src=\"https:\/\/arteconfort.com\/wp-content\/uploads\/2023\/10\/REMUS-SMART-detalle-frontal.webp\" class=\"attachment-shop_catalog size-shop_catalog\" alt=\"REMUS SMART detalle frontal\" srcset=\"https:\/\/arteconfort.com\/wp-content\/uploads\/2023\/10\/REMUS-SMART-detalle-frontal.webp 1024w, https:\/\/arteconfort.com\/wp-content\/uploads\/2023\/10\/REMUS-SMART-detalle-frontal-768x768.webp 768w, https:\/\/arteconfort.com\/wp-content\/uploads\/2023\/10\/REMUS-SMART-detalle-frontal-340x340.webp 340w, https:\/\/arteconfort.com\/wp-content\/uploads\/2023\/10\/REMUS-SMART-detalle-frontal-640x640.webp 640w, https:\/\/arteconfort.com\/wp-content\/uploads\/2023\/10\/REMUS-SMART-detalle-frontal-960x960.webp 960w, https:\/\/arteconfort.com\/wp-content\/uploads\/2023\/10\/REMUS-SMART-detalle-frontal-133x133.webp 133w, https:\/\/arteconfort.com\/wp-content\/uploads\/2023\/10\/REMUS-SMART-detalle-frontal-300x300.webp 300w, https:\/\/arteconfort.com\/wp-content\/uploads\/2023\/10\/REMUS-SMART-detalle-frontal-600x600.webp 600w, https:\/\/arteconfort.com\/wp-content\/uploads\/2023\/10\/REMUS-SMART-detalle-frontal-100x100.webp 100w\" sizes=\"auto, (max-width: 1024px) 100vw, 1024px\" \/>\t<\/a>\n\t<div class=\"w-product-status\"><\/div>\t<span id=\"woocommerce_loop_add_to_cart_link_describedby_11200\" class=\"screen-reader-text\">\n\t\t\t<\/span>\n<\/div><figcaption><h2 class=\"woocommerce-loop-product__title\">REMUS SMART<\/h2><div class=\"woocommerce-product-details__short-description\">\n\t<p>Alimentez l&#8217;\u00e9clairage ext\u00e9rieur de votre maison avec ce projecteur solaire \u00e0 LED t\u00e9l\u00e9command\u00e9. Comprend un d\u00e9tecteur de mouvement<\/div>\n\n<\/figcaption><\/figure><\/li>\n<li class=\"product type-product post-11135 status-publish instock product_cat-descatalogados-fr product_cat-iluminacion-fr has-post-thumbnail shipping-taxable product-type-simple w-item five-cols\">\n\t<figure><div class=\"image-wrapper\">\t\t<a href=\"https:\/\/arteconfort.com\/fr\/producto\/kore-m\/\" class=\"w-fadeslider\">\n\t<img loading=\"lazy\" decoding=\"async\" width=\"1024\" height=\"1024\" src=\"https:\/\/arteconfort.com\/wp-content\/uploads\/2023\/10\/KORE-M.webp\" class=\"attachment-shop_catalog size-shop_catalog wp-post-image\" alt=\"Aplique solar KORE M\" srcset=\"https:\/\/arteconfort.com\/wp-content\/uploads\/2023\/10\/KORE-M.webp 1024w, https:\/\/arteconfort.com\/wp-content\/uploads\/2023\/10\/KORE-M-768x768.webp 768w, https:\/\/arteconfort.com\/wp-content\/uploads\/2023\/10\/KORE-M-340x340.webp 340w, https:\/\/arteconfort.com\/wp-content\/uploads\/2023\/10\/KORE-M-640x640.webp 640w, https:\/\/arteconfort.com\/wp-content\/uploads\/2023\/10\/KORE-M-960x960.webp 960w, https:\/\/arteconfort.com\/wp-content\/uploads\/2023\/10\/KORE-M-300x300.webp 300w, https:\/\/arteconfort.com\/wp-content\/uploads\/2023\/10\/KORE-M-600x600.webp 600w, https:\/\/arteconfort.com\/wp-content\/uploads\/2023\/10\/KORE-M-100x100.webp 100w, https:\/\/arteconfort.com\/wp-content\/uploads\/2023\/10\/KORE-M-133x133.webp 133w\" sizes=\"auto, (max-width: 1024px) 100vw, 1024px\" \/>\t<img loading=\"lazy\" decoding=\"async\" width=\"1024\" height=\"1024\" src=\"https:\/\/arteconfort.com\/wp-content\/uploads\/2023\/10\/ambiente-KORE-M.webp\" class=\"attachment-shop_catalog size-shop_catalog\" alt=\"Foco solar KORE M en pared\" srcset=\"https:\/\/arteconfort.com\/wp-content\/uploads\/2023\/10\/ambiente-KORE-M.webp 1024w, https:\/\/arteconfort.com\/wp-content\/uploads\/2023\/10\/ambiente-KORE-M-768x768.webp 768w, https:\/\/arteconfort.com\/wp-content\/uploads\/2023\/10\/ambiente-KORE-M-340x340.webp 340w, https:\/\/arteconfort.com\/wp-content\/uploads\/2023\/10\/ambiente-KORE-M-640x640.webp 640w, https:\/\/arteconfort.com\/wp-content\/uploads\/2023\/10\/ambiente-KORE-M-960x960.webp 960w, https:\/\/arteconfort.com\/wp-content\/uploads\/2023\/10\/ambiente-KORE-M-133x133.webp 133w, https:\/\/arteconfort.com\/wp-content\/uploads\/2023\/10\/ambiente-KORE-M-300x300.webp 300w, https:\/\/arteconfort.com\/wp-content\/uploads\/2023\/10\/ambiente-KORE-M-600x600.webp 600w, https:\/\/arteconfort.com\/wp-content\/uploads\/2023\/10\/ambiente-KORE-M-100x100.webp 100w\" sizes=\"auto, (max-width: 1024px) 100vw, 1024px\" \/><img loading=\"lazy\" decoding=\"async\" width=\"1024\" height=\"1024\" src=\"https:\/\/arteconfort.com\/wp-content\/uploads\/2023\/10\/KORE-M-PERSPECTIVA.webp\" class=\"attachment-shop_catalog size-shop_catalog\" alt=\"KORE M perspectiva\" srcset=\"https:\/\/arteconfort.com\/wp-content\/uploads\/2023\/10\/KORE-M-PERSPECTIVA.webp 1024w, https:\/\/arteconfort.com\/wp-content\/uploads\/2023\/10\/KORE-M-PERSPECTIVA-768x768.webp 768w, https:\/\/arteconfort.com\/wp-content\/uploads\/2023\/10\/KORE-M-PERSPECTIVA-340x340.webp 340w, https:\/\/arteconfort.com\/wp-content\/uploads\/2023\/10\/KORE-M-PERSPECTIVA-640x640.webp 640w, https:\/\/arteconfort.com\/wp-content\/uploads\/2023\/10\/KORE-M-PERSPECTIVA-960x960.webp 960w, https:\/\/arteconfort.com\/wp-content\/uploads\/2023\/10\/KORE-M-PERSPECTIVA-133x133.webp 133w, https:\/\/arteconfort.com\/wp-content\/uploads\/2023\/10\/KORE-M-PERSPECTIVA-300x300.webp 300w, https:\/\/arteconfort.com\/wp-content\/uploads\/2023\/10\/KORE-M-PERSPECTIVA-600x600.webp 600w, https:\/\/arteconfort.com\/wp-content\/uploads\/2023\/10\/KORE-M-PERSPECTIVA-100x100.webp 100w\" sizes=\"auto, (max-width: 1024px) 100vw, 1024px\" \/><img loading=\"lazy\" decoding=\"async\" width=\"1024\" height=\"1024\" src=\"https:\/\/arteconfort.com\/wp-content\/uploads\/2023\/10\/KORE-M-PANEL.webp\" class=\"attachment-shop_catalog size-shop_catalog\" alt=\"KORE M panel\" srcset=\"https:\/\/arteconfort.com\/wp-content\/uploads\/2023\/10\/KORE-M-PANEL.webp 1024w, https:\/\/arteconfort.com\/wp-content\/uploads\/2023\/10\/KORE-M-PANEL-768x768.webp 768w, https:\/\/arteconfort.com\/wp-content\/uploads\/2023\/10\/KORE-M-PANEL-340x340.webp 340w, https:\/\/arteconfort.com\/wp-content\/uploads\/2023\/10\/KORE-M-PANEL-640x640.webp 640w, https:\/\/arteconfort.com\/wp-content\/uploads\/2023\/10\/KORE-M-PANEL-960x960.webp 960w, https:\/\/arteconfort.com\/wp-content\/uploads\/2023\/10\/KORE-M-PANEL-133x133.webp 133w, https:\/\/arteconfort.com\/wp-content\/uploads\/2023\/10\/KORE-M-PANEL-300x300.webp 300w, https:\/\/arteconfort.com\/wp-content\/uploads\/2023\/10\/KORE-M-PANEL-600x600.webp 600w, https:\/\/arteconfort.com\/wp-content\/uploads\/2023\/10\/KORE-M-PANEL-100x100.webp 100w\" sizes=\"auto, (max-width: 1024px) 100vw, 1024px\" \/><img loading=\"lazy\" decoding=\"async\" width=\"1024\" height=\"1024\" src=\"https:\/\/arteconfort.com\/wp-content\/uploads\/2023\/10\/KOME-M-detalle-panel.webp\" class=\"attachment-shop_catalog size-shop_catalog\" alt=\"KORE M detalle panel\" srcset=\"https:\/\/arteconfort.com\/wp-content\/uploads\/2023\/10\/KOME-M-detalle-panel.webp 1024w, https:\/\/arteconfort.com\/wp-content\/uploads\/2023\/10\/KOME-M-detalle-panel-768x768.webp 768w, https:\/\/arteconfort.com\/wp-content\/uploads\/2023\/10\/KOME-M-detalle-panel-340x340.webp 340w, https:\/\/arteconfort.com\/wp-content\/uploads\/2023\/10\/KOME-M-detalle-panel-640x640.webp 640w, https:\/\/arteconfort.com\/wp-content\/uploads\/2023\/10\/KOME-M-detalle-panel-960x960.webp 960w, https:\/\/arteconfort.com\/wp-content\/uploads\/2023\/10\/KOME-M-detalle-panel-133x133.webp 133w, https:\/\/arteconfort.com\/wp-content\/uploads\/2023\/10\/KOME-M-detalle-panel-300x300.webp 300w, https:\/\/arteconfort.com\/wp-content\/uploads\/2023\/10\/KOME-M-detalle-panel-600x600.webp 600w, https:\/\/arteconfort.com\/wp-content\/uploads\/2023\/10\/KOME-M-detalle-panel-100x100.webp 100w\" sizes=\"auto, (max-width: 1024px) 100vw, 1024px\" \/><img loading=\"lazy\" decoding=\"async\" width=\"1024\" height=\"1024\" src=\"https:\/\/arteconfort.com\/wp-content\/uploads\/2023\/10\/KORE-M-vista.webp\" class=\"attachment-shop_catalog size-shop_catalog\" alt=\"KORE M vista enganche\" srcset=\"https:\/\/arteconfort.com\/wp-content\/uploads\/2023\/10\/KORE-M-vista.webp 1024w, https:\/\/arteconfort.com\/wp-content\/uploads\/2023\/10\/KORE-M-vista-768x768.webp 768w, https:\/\/arteconfort.com\/wp-content\/uploads\/2023\/10\/KORE-M-vista-340x340.webp 340w, https:\/\/arteconfort.com\/wp-content\/uploads\/2023\/10\/KORE-M-vista-640x640.webp 640w, https:\/\/arteconfort.com\/wp-content\/uploads\/2023\/10\/KORE-M-vista-960x960.webp 960w, https:\/\/arteconfort.com\/wp-content\/uploads\/2023\/10\/KORE-M-vista-133x133.webp 133w, https:\/\/arteconfort.com\/wp-content\/uploads\/2023\/10\/KORE-M-vista-300x300.webp 300w, https:\/\/arteconfort.com\/wp-content\/uploads\/2023\/10\/KORE-M-vista-600x600.webp 600w, https:\/\/arteconfort.com\/wp-content\/uploads\/2023\/10\/KORE-M-vista-100x100.webp 100w\" sizes=\"auto, (max-width: 1024px) 100vw, 1024px\" \/><img loading=\"lazy\" decoding=\"async\" width=\"1024\" height=\"1024\" src=\"https:\/\/arteconfort.com\/wp-content\/uploads\/2023\/10\/KOME-M-detalle-trasera.webp\" class=\"attachment-shop_catalog size-shop_catalog\" alt=\"KORE M detalle trasera\" srcset=\"https:\/\/arteconfort.com\/wp-content\/uploads\/2023\/10\/KOME-M-detalle-trasera.webp 1024w, https:\/\/arteconfort.com\/wp-content\/uploads\/2023\/10\/KOME-M-detalle-trasera-768x768.webp 768w, https:\/\/arteconfort.com\/wp-content\/uploads\/2023\/10\/KOME-M-detalle-trasera-340x340.webp 340w, https:\/\/arteconfort.com\/wp-content\/uploads\/2023\/10\/KOME-M-detalle-trasera-640x640.webp 640w, https:\/\/arteconfort.com\/wp-content\/uploads\/2023\/10\/KOME-M-detalle-trasera-960x960.webp 960w, https:\/\/arteconfort.com\/wp-content\/uploads\/2023\/10\/KOME-M-detalle-trasera-133x133.webp 133w, https:\/\/arteconfort.com\/wp-content\/uploads\/2023\/10\/KOME-M-detalle-trasera-300x300.webp 300w, https:\/\/arteconfort.com\/wp-content\/uploads\/2023\/10\/KOME-M-detalle-trasera-600x600.webp 600w, https:\/\/arteconfort.com\/wp-content\/uploads\/2023\/10\/KOME-M-detalle-trasera-100x100.webp 100w\" sizes=\"auto, (max-width: 1024px) 100vw, 1024px\" \/><img loading=\"lazy\" decoding=\"async\" width=\"1024\" height=\"1024\" src=\"https:\/\/arteconfort.com\/wp-content\/uploads\/2023\/10\/KORE-M-detalle-botones.webp\" class=\"attachment-shop_catalog size-shop_catalog\" alt=\"KORE M detalle botones\" srcset=\"https:\/\/arteconfort.com\/wp-content\/uploads\/2023\/10\/KORE-M-detalle-botones.webp 1024w, https:\/\/arteconfort.com\/wp-content\/uploads\/2023\/10\/KORE-M-detalle-botones-768x768.webp 768w, https:\/\/arteconfort.com\/wp-content\/uploads\/2023\/10\/KORE-M-detalle-botones-340x340.webp 340w, https:\/\/arteconfort.com\/wp-content\/uploads\/2023\/10\/KORE-M-detalle-botones-640x640.webp 640w, https:\/\/arteconfort.com\/wp-content\/uploads\/2023\/10\/KORE-M-detalle-botones-960x960.webp 960w, https:\/\/arteconfort.com\/wp-content\/uploads\/2023\/10\/KORE-M-detalle-botones-133x133.webp 133w, https:\/\/arteconfort.com\/wp-content\/uploads\/2023\/10\/KORE-M-detalle-botones-300x300.webp 300w, https:\/\/arteconfort.com\/wp-content\/uploads\/2023\/10\/KORE-M-detalle-botones-600x600.webp 600w, https:\/\/arteconfort.com\/wp-content\/uploads\/2023\/10\/KORE-M-detalle-botones-100x100.webp 100w\" sizes=\"auto, (max-width: 1024px) 100vw, 1024px\" \/>\t<\/a>\n\t<div class=\"w-product-status\"><\/div>\t<span id=\"woocommerce_loop_add_to_cart_link_describedby_11135\" class=\"screen-reader-text\">\n\t\t\t<\/span>\n<\/div><figcaption><h2 class=\"woocommerce-loop-product__title\">KORE M<\/h2><div class=\"woocommerce-product-details__short-description\">\n\t<p>Applique solaire r\u00e9glable. Incorpore un panneau de haute qualit\u00e9 pour capter plus efficacement la lumi\u00e8re du soleil. Il<\/div>\n\n<\/figcaption><\/figure><\/li>\n<li class=\"product type-product post-11132 status-publish last instock product_cat-descatalogados-fr has-post-thumbnail shipping-taxable product-type-simple w-item five-cols\">\n\t<figure><div class=\"image-wrapper\">\t\t<a href=\"https:\/\/arteconfort.com\/fr\/producto\/jano\/\" class=\"w-fadeslider\">\n\t<img loading=\"lazy\" decoding=\"async\" width=\"1024\" height=\"1024\" src=\"https:\/\/arteconfort.com\/wp-content\/uploads\/2023\/10\/JANO.webp\" class=\"attachment-shop_catalog size-shop_catalog wp-post-image\" alt=\"Aplique de pared solar JANO panel\" srcset=\"https:\/\/arteconfort.com\/wp-content\/uploads\/2023\/10\/JANO.webp 1024w, https:\/\/arteconfort.com\/wp-content\/uploads\/2023\/10\/JANO-768x768.webp 768w, https:\/\/arteconfort.com\/wp-content\/uploads\/2023\/10\/JANO-340x340.webp 340w, https:\/\/arteconfort.com\/wp-content\/uploads\/2023\/10\/JANO-640x640.webp 640w, https:\/\/arteconfort.com\/wp-content\/uploads\/2023\/10\/JANO-960x960.webp 960w, https:\/\/arteconfort.com\/wp-content\/uploads\/2023\/10\/JANO-300x300.webp 300w, https:\/\/arteconfort.com\/wp-content\/uploads\/2023\/10\/JANO-600x600.webp 600w, https:\/\/arteconfort.com\/wp-content\/uploads\/2023\/10\/JANO-100x100.webp 100w, https:\/\/arteconfort.com\/wp-content\/uploads\/2023\/10\/JANO-133x133.webp 133w\" sizes=\"auto, (max-width: 1024px) 100vw, 1024px\" \/>\t<img loading=\"lazy\" decoding=\"async\" width=\"1024\" height=\"1024\" src=\"https:\/\/arteconfort.com\/wp-content\/uploads\/2023\/10\/JANO-pared-ambiente.webp\" class=\"attachment-shop_catalog size-shop_catalog\" alt=\"Foco solar JANO\" srcset=\"https:\/\/arteconfort.com\/wp-content\/uploads\/2023\/10\/JANO-pared-ambiente.webp 1024w, https:\/\/arteconfort.com\/wp-content\/uploads\/2023\/10\/JANO-pared-ambiente-768x768.webp 768w, https:\/\/arteconfort.com\/wp-content\/uploads\/2023\/10\/JANO-pared-ambiente-340x340.webp 340w, https:\/\/arteconfort.com\/wp-content\/uploads\/2023\/10\/JANO-pared-ambiente-640x640.webp 640w, https:\/\/arteconfort.com\/wp-content\/uploads\/2023\/10\/JANO-pared-ambiente-960x960.webp 960w, https:\/\/arteconfort.com\/wp-content\/uploads\/2023\/10\/JANO-pared-ambiente-133x133.webp 133w, https:\/\/arteconfort.com\/wp-content\/uploads\/2023\/10\/JANO-pared-ambiente-300x300.webp 300w, https:\/\/arteconfort.com\/wp-content\/uploads\/2023\/10\/JANO-pared-ambiente-600x600.webp 600w, https:\/\/arteconfort.com\/wp-content\/uploads\/2023\/10\/JANO-pared-ambiente-100x100.webp 100w\" sizes=\"auto, (max-width: 1024px) 100vw, 1024px\" \/><img loading=\"lazy\" decoding=\"async\" width=\"1024\" height=\"1024\" src=\"https:\/\/arteconfort.com\/wp-content\/uploads\/2023\/10\/JANO-VISTA-LATERAL-INFERIOR.webp\" class=\"attachment-shop_catalog size-shop_catalog\" alt=\"Aplique de pared solar JANO lateral\" srcset=\"https:\/\/arteconfort.com\/wp-content\/uploads\/2023\/10\/JANO-VISTA-LATERAL-INFERIOR.webp 1024w, https:\/\/arteconfort.com\/wp-content\/uploads\/2023\/10\/JANO-VISTA-LATERAL-INFERIOR-768x768.webp 768w, https:\/\/arteconfort.com\/wp-content\/uploads\/2023\/10\/JANO-VISTA-LATERAL-INFERIOR-340x340.webp 340w, https:\/\/arteconfort.com\/wp-content\/uploads\/2023\/10\/JANO-VISTA-LATERAL-INFERIOR-640x640.webp 640w, https:\/\/arteconfort.com\/wp-content\/uploads\/2023\/10\/JANO-VISTA-LATERAL-INFERIOR-960x960.webp 960w, https:\/\/arteconfort.com\/wp-content\/uploads\/2023\/10\/JANO-VISTA-LATERAL-INFERIOR-133x133.webp 133w, https:\/\/arteconfort.com\/wp-content\/uploads\/2023\/10\/JANO-VISTA-LATERAL-INFERIOR-300x300.webp 300w, https:\/\/arteconfort.com\/wp-content\/uploads\/2023\/10\/JANO-VISTA-LATERAL-INFERIOR-600x600.webp 600w, https:\/\/arteconfort.com\/wp-content\/uploads\/2023\/10\/JANO-VISTA-LATERAL-INFERIOR-100x100.webp 100w\" sizes=\"auto, (max-width: 1024px) 100vw, 1024px\" \/><img loading=\"lazy\" decoding=\"async\" width=\"1024\" height=\"1024\" src=\"https:\/\/arteconfort.com\/wp-content\/uploads\/2023\/10\/JANO-VISTA-LATERAL.webp\" class=\"attachment-shop_catalog size-shop_catalog\" alt=\"Aplique de pared solar JANO vista lateral\" srcset=\"https:\/\/arteconfort.com\/wp-content\/uploads\/2023\/10\/JANO-VISTA-LATERAL.webp 1024w, https:\/\/arteconfort.com\/wp-content\/uploads\/2023\/10\/JANO-VISTA-LATERAL-768x768.webp 768w, https:\/\/arteconfort.com\/wp-content\/uploads\/2023\/10\/JANO-VISTA-LATERAL-340x340.webp 340w, https:\/\/arteconfort.com\/wp-content\/uploads\/2023\/10\/JANO-VISTA-LATERAL-640x640.webp 640w, https:\/\/arteconfort.com\/wp-content\/uploads\/2023\/10\/JANO-VISTA-LATERAL-960x960.webp 960w, https:\/\/arteconfort.com\/wp-content\/uploads\/2023\/10\/JANO-VISTA-LATERAL-133x133.webp 133w, https:\/\/arteconfort.com\/wp-content\/uploads\/2023\/10\/JANO-VISTA-LATERAL-300x300.webp 300w, https:\/\/arteconfort.com\/wp-content\/uploads\/2023\/10\/JANO-VISTA-LATERAL-600x600.webp 600w, https:\/\/arteconfort.com\/wp-content\/uploads\/2023\/10\/JANO-VISTA-LATERAL-100x100.webp 100w\" sizes=\"auto, (max-width: 1024px) 100vw, 1024px\" \/><img loading=\"lazy\" decoding=\"async\" width=\"1024\" height=\"1024\" src=\"https:\/\/arteconfort.com\/wp-content\/uploads\/2023\/10\/JANO-VISTA-TRASERA.webp\" class=\"attachment-shop_catalog size-shop_catalog\" alt=\"Aplique de pared solar JANO vista trasera\" srcset=\"https:\/\/arteconfort.com\/wp-content\/uploads\/2023\/10\/JANO-VISTA-TRASERA.webp 1024w, https:\/\/arteconfort.com\/wp-content\/uploads\/2023\/10\/JANO-VISTA-TRASERA-768x768.webp 768w, https:\/\/arteconfort.com\/wp-content\/uploads\/2023\/10\/JANO-VISTA-TRASERA-340x340.webp 340w, https:\/\/arteconfort.com\/wp-content\/uploads\/2023\/10\/JANO-VISTA-TRASERA-640x640.webp 640w, https:\/\/arteconfort.com\/wp-content\/uploads\/2023\/10\/JANO-VISTA-TRASERA-960x960.webp 960w, https:\/\/arteconfort.com\/wp-content\/uploads\/2023\/10\/JANO-VISTA-TRASERA-133x133.webp 133w, https:\/\/arteconfort.com\/wp-content\/uploads\/2023\/10\/JANO-VISTA-TRASERA-300x300.webp 300w, https:\/\/arteconfort.com\/wp-content\/uploads\/2023\/10\/JANO-VISTA-TRASERA-600x600.webp 600w, https:\/\/arteconfort.com\/wp-content\/uploads\/2023\/10\/JANO-VISTA-TRASERA-100x100.webp 100w\" sizes=\"auto, (max-width: 1024px) 100vw, 1024px\" \/><img loading=\"lazy\" decoding=\"async\" width=\"1024\" height=\"1024\" src=\"https:\/\/arteconfort.com\/wp-content\/uploads\/2023\/10\/JANO-ENCENDIDO.webp\" class=\"attachment-shop_catalog size-shop_catalog\" alt=\"Aplique de pared solar JANO luz\" srcset=\"https:\/\/arteconfort.com\/wp-content\/uploads\/2023\/10\/JANO-ENCENDIDO.webp 1024w, https:\/\/arteconfort.com\/wp-content\/uploads\/2023\/10\/JANO-ENCENDIDO-768x768.webp 768w, https:\/\/arteconfort.com\/wp-content\/uploads\/2023\/10\/JANO-ENCENDIDO-340x340.webp 340w, https:\/\/arteconfort.com\/wp-content\/uploads\/2023\/10\/JANO-ENCENDIDO-640x640.webp 640w, https:\/\/arteconfort.com\/wp-content\/uploads\/2023\/10\/JANO-ENCENDIDO-960x960.webp 960w, https:\/\/arteconfort.com\/wp-content\/uploads\/2023\/10\/JANO-ENCENDIDO-133x133.webp 133w, https:\/\/arteconfort.com\/wp-content\/uploads\/2023\/10\/JANO-ENCENDIDO-300x300.webp 300w, https:\/\/arteconfort.com\/wp-content\/uploads\/2023\/10\/JANO-ENCENDIDO-600x600.webp 600w, https:\/\/arteconfort.com\/wp-content\/uploads\/2023\/10\/JANO-ENCENDIDO-100x100.webp 100w\" sizes=\"auto, (max-width: 1024px) 100vw, 1024px\" \/>\t<\/a>\n\t<div class=\"w-product-status\"><\/div>\t<span id=\"woocommerce_loop_add_to_cart_link_describedby_11132\" class=\"screen-reader-text\">\n\t\t\t<\/span>\n<\/div><figcaption><h2 class=\"woocommerce-loop-product__title\">JANO<\/h2><div class=\"woocommerce-product-details__short-description\">\n\t<p>Applique solaire discr\u00e8te et \u00e9l\u00e9gante, elle est le compl\u00e9ment id\u00e9al pour illuminer toute fa\u00e7ade ou ext\u00e9rieur. Il int\u00e8gre<\/div>\n\n<\/figcaption><\/figure><\/li>\n<\/ul>\n<\/div>[vc_empty_space height=&#8221;100px&#8221;][\/vc_column][\/vc_row][vc_row][vc_column][wyde_heading style=&#8221;2&#8243; text_align=&#8221;center&#8221; title=&#8221;Et l&#8217;Espagne ?&#8221;][vc_column_text]En Espagne, nous avons l&#8217;avantage de vivre sur une p\u00e9ninsule qui est une \u00eele \u00e9nerg\u00e9tique. Selon les mots de Roberto G\u00f3mez, expert en approvisionnement \u00e9nerg\u00e9tique, au journal <a href=\"https:\/\/www.elmundo.es\/economia\/2021\/10\/29\/617abee4fc6c83f01d8b460d.html\" target=\"_blank\" rel=\"noopener noreferrer\">ABC<\/a>, &#8220;nous avons une connexion qui fournit 3 ou 5 % de l&#8217;\u00e9nergie dont l&#8217;Espagne a besoin, qui vient de France&#8221;. Les 9<strong>5% restants sont de l&#8217;\u00e9nergie produite par l&#8217;Espagne elle-m\u00eame<\/strong>.<\/p>\n<p>Red El\u00e9ctrica Espa\u00f1ola (REE) assure que le mod\u00e8le espagnol est suivi par de nombreux pays pour sa s\u00e9curit\u00e9 et qu'&#8221;<a href=\"https:\/\/www.elperiodico.com\/es\/economia\/20211031\/red-electrica-hay-indicio-pueda-12544079\" target=\"_blank\" rel=\"noopener noreferrer\">il n&#8217;y a aucune indication objective<\/a>&#8221; que cela pourrait se produire.<\/p>\n<p>Nous savons combien il est difficile de ne pas s&#8217;alarmer de cette situation, surtout lorsqu&#8217;elle est \u00e0 l&#8217;ordre du jour des m\u00e9dias et dans les conversations quotidiennes. Il ne s&#8217;agit pas d&#8217;alarmer une soci\u00e9t\u00e9 enti\u00e8re, mais de se <strong>pr\u00e9parer \u00e0 ce qui peut arriver dans le futur<\/strong>.[\/vc_column_text][vc_empty_space height=&#8221;80px&#8221;][vc_single_image img_size=&#8221;medium&#8221; alignment=&#8221;center&#8221; image=&#8221;14950&#8243;][vc_empty_space height=&#8221;100px&#8221;][vc_row_inner][vc_column_inner][wyde_heading style=&#8221;2&#8243; text_align=&#8221;center&#8221; title=&#8221;Recommandations pour \u00e9conomiser l&#8217;\u00e9nergie&#8221;][vc_column_text]Bien qu&#8217;il s&#8217;agisse d&#8217;une panne hypoth\u00e9tique, il est pr\u00e9f\u00e9rable de pr\u00e9venir et de se pr\u00e9parer. Comment ? D&#8217;une part, il est conseill\u00e9 d&#8217;essayer de c<strong>onsommer moins d&#8217;\u00e9lectricit\u00e9<\/strong>, ce qui r\u00e9duit la probabilit\u00e9 de subir une panne en Espagne, bien que le r\u00e9seau \u00e9lectrique de la p\u00e9ninsule soit l&#8217;un des plus s\u00fbrs au monde. Pour ce faire, nous pouvons r\u00e9duire la t<strong>emp\u00e9rature de chauffage \u00e0 20\u00b0C<\/strong>, chaque degr\u00e9 de temp\u00e9rature en moins repr\u00e9sente une \u00e9conomie d&#8217;\u00e9nergie de 10%.<\/p>\n<p>Il est \u00e9galement utile d&#8217;utiliser des thermostats, de <strong>sceller les fen\u00eatres et les portes<\/strong> pour am\u00e9liorer l&#8217;isolation et emp\u00eacher la chaleur de s&#8217;\u00e9chapper de la maison vers l&#8217;ext\u00e9rieur. Il est \u00e9galement recommand\u00e9 de nettoyer les filtres de la chaudi\u00e8re et d&#8217;utiliser les appareils \u00e9lectriques dans les cr\u00e9neaux horaires les moins consommateurs d&#8217;\u00e9nergie.[\/vc_column_text][\/vc_column_inner][\/vc_row_inner][vc_empty_space height=&#8221;100px&#8221;][\/vc_column][\/vc_row][vc_row][vc_column width=&#8221;3\/4&#8243;][wyde_action_box style=&#8221;outline round&#8221; title=&#8221;D\u00e9couvrez nos produits solaires&#8221; button_text=&#8221;Voir les parcelles&#8221; link=&#8221;url:https%3A%2F%2Farteconfort.com%2Ffr%2Fsolar%2F|||&#8221; color=&#8221;#61b4e4&#8243; bg_color=&#8221;#f5f5f5&#8243; css=&#8221;.vc_custom_1636030326079{background-color: #f5f5f5 !important;}&#8221;]Consultez notre catalogue de produits solaires et illuminez vos espaces ext\u00e9rieurs sans avoir recours \u00e0 l&#8217;\u00e9lectricit\u00e9.[\/wyde_action_box][\/vc_column][vc_column width=&#8221;1\/4&#8243;][vc_single_image img_size=&#8221;medium&#8221; style=&#8221;circle&#8221; image=&#8221;9806&#8243;][\/vc_column][\/vc_row]<\/p>\n<\/div>","protected":false},"excerpt":{"rendered":"<p>[vc_row][vc_column][vc_column_text]Il semble que depuis quelques ann\u00e9es, nous soyons plong\u00e9s dans un film de fiction, dans le plus pur style Mad Max. En pleine crise sanitaire, face \u00e0 la hausse des prix de l&#8217;\u00e9lectricit\u00e9 et des mati\u00e8res premi\u00e8res et \u00e0 la p\u00e9nurie d&#8217;approvisionnement, l&#8217;Europe met en garde contre un possible black-out, c&#8217;est-\u00e0-dire une panne g\u00e9n\u00e9ralis\u00e9e qui [&hellip;]<\/p>\n","protected":false},"author":1,"featured_media":14932,"comment_status":"closed","ping_status":"open","sticky":false,"template":"","format":"standard","meta":{"footnotes":""},"categories":[358,306],"tags":[],"class_list":["post-14967","post","type-post","status-publish","format-standard","has-post-thumbnail","hentry","category-guias-solar-fr","category-iluminacion-solar-exterior-fr"],"yoast_head":"<!-- This site is optimized with the Yoast SEO plugin v26.5 - https:\/\/yoast.com\/wordpress\/plugins\/seo\/ -->\n<title>\u25b7 L&#039;\u00e9clairage solaire : un alli\u00e9 face \u00e0 une \u00e9ventuelle panne d&#039;\u00e9lectricit\u00e9 mondiale<\/title>\n<meta name=\"description\" content=\"Les produits solaires occupent le devant de la sc\u00e8ne apr\u00e8s la mise en garde de l&#039;Autriche contre une \u00e9ventuelle panne d&#039;\u00e9lectricit\u00e9 mondiale.\" \/>\n<meta name=\"robots\" content=\"index, follow, max-snippet:-1, max-image-preview:large, max-video-preview:-1\" \/>\n<link rel=\"canonical\" href=\"https:\/\/arteconfort.com\/fr\/iluminacion-solar-exterior-fr\/iluminacion-solar-aliada-apagon-electrico\/\" \/>\n<meta property=\"og:locale\" content=\"fr_FR\" \/>\n<meta property=\"og:type\" content=\"article\" \/>\n<meta property=\"og:title\" content=\"\u25b7 L&#039;\u00e9clairage solaire : un alli\u00e9 face \u00e0 une \u00e9ventuelle panne d&#039;\u00e9lectricit\u00e9 mondiale\" \/>\n<meta property=\"og:description\" content=\"Les produits solaires occupent le devant de la sc\u00e8ne apr\u00e8s la mise en garde de l&#039;Autriche contre une \u00e9ventuelle panne d&#039;\u00e9lectricit\u00e9 mondiale.\" \/>\n<meta property=\"og:url\" content=\"https:\/\/arteconfort.com\/fr\/iluminacion-solar-exterior-fr\/iluminacion-solar-aliada-apagon-electrico\/\" \/>\n<meta property=\"og:site_name\" content=\"Arteconfort\" \/>\n<meta property=\"article:published_time\" content=\"2021-11-04T11:40:15+00:00\" \/>\n<meta property=\"article:modified_time\" content=\"2021-11-10T13:05:17+00:00\" \/>\n<meta property=\"og:image\" content=\"https:\/\/arteconfort.com\/wp-content\/uploads\/2021\/11\/apagon.jpg\" \/>\n\t<meta property=\"og:image:width\" content=\"800\" \/>\n\t<meta property=\"og:image:height\" content=\"500\" \/>\n\t<meta property=\"og:image:type\" content=\"image\/jpeg\" \/>\n<meta name=\"author\" content=\"admin\" \/>\n<meta name=\"twitter:card\" content=\"summary_large_image\" \/>\n<meta name=\"twitter:label1\" content=\"\u00c9crit par\" \/>\n\t<meta name=\"twitter:data1\" content=\"admin\" \/>\n\t<meta name=\"twitter:label2\" content=\"Dur\u00e9e de lecture estim\u00e9e\" \/>\n\t<meta name=\"twitter:data2\" content=\"4 minutes\" \/>\n<!-- \/ Yoast SEO plugin. -->","yoast_head_json":{"title":"\u25b7 L'\u00e9clairage solaire : un alli\u00e9 face \u00e0 une \u00e9ventuelle panne d'\u00e9lectricit\u00e9 mondiale","description":"Les produits solaires occupent le devant de la sc\u00e8ne apr\u00e8s la mise en garde de l'Autriche contre une \u00e9ventuelle panne d'\u00e9lectricit\u00e9 mondiale.","robots":{"index":"index","follow":"follow","max-snippet":"max-snippet:-1","max-image-preview":"max-image-preview:large","max-video-preview":"max-video-preview:-1"},"canonical":"https:\/\/arteconfort.com\/fr\/iluminacion-solar-exterior-fr\/iluminacion-solar-aliada-apagon-electrico\/","og_locale":"fr_FR","og_type":"article","og_title":"\u25b7 L'\u00e9clairage solaire : un alli\u00e9 face \u00e0 une \u00e9ventuelle panne d'\u00e9lectricit\u00e9 mondiale","og_description":"Les produits solaires occupent le devant de la sc\u00e8ne apr\u00e8s la mise en garde de l'Autriche contre une \u00e9ventuelle panne d'\u00e9lectricit\u00e9 mondiale.","og_url":"https:\/\/arteconfort.com\/fr\/iluminacion-solar-exterior-fr\/iluminacion-solar-aliada-apagon-electrico\/","og_site_name":"Arteconfort","article_published_time":"2021-11-04T11:40:15+00:00","article_modified_time":"2021-11-10T13:05:17+00:00","og_image":[{"width":800,"height":500,"url":"https:\/\/arteconfort.com\/wp-content\/uploads\/2021\/11\/apagon.jpg","type":"image\/jpeg"}],"author":"admin","twitter_card":"summary_large_image","twitter_misc":{"\u00c9crit par":"admin","Dur\u00e9e de lecture estim\u00e9e":"4 minutes"},"schema":{"@context":"https:\/\/schema.org","@graph":[{"@type":"Article","@id":"https:\/\/arteconfort.com\/fr\/iluminacion-solar-exterior-fr\/iluminacion-solar-aliada-apagon-electrico\/#article","isPartOf":{"@id":"https:\/\/arteconfort.com\/fr\/iluminacion-solar-exterior-fr\/iluminacion-solar-aliada-apagon-electrico\/"},"author":{"name":"admin","@id":"https:\/\/arteconfort.com\/fr\/#\/schema\/person\/12aac2f47430580713e1f2cf74753f81"},"headline":"L&#8217;\u00e9clairage solaire : un alli\u00e9 face \u00e0 une \u00e9ventuelle panne d&#8217;\u00e9lectricit\u00e9 mondiale","datePublished":"2021-11-04T11:40:15+00:00","dateModified":"2021-11-10T13:05:17+00:00","mainEntityOfPage":{"@id":"https:\/\/arteconfort.com\/fr\/iluminacion-solar-exterior-fr\/iluminacion-solar-aliada-apagon-electrico\/"},"wordCount":889,"publisher":{"@id":"https:\/\/arteconfort.com\/fr\/#organization"},"image":{"@id":"https:\/\/arteconfort.com\/fr\/iluminacion-solar-exterior-fr\/iluminacion-solar-aliada-apagon-electrico\/#primaryimage"},"thumbnailUrl":"https:\/\/arteconfort.com\/wp-content\/uploads\/2021\/11\/apagon.jpg","articleSection":["Gu\u00edas de iluminaci\u00f3n solar","Iluminaci\u00f3n solar exterior"],"inLanguage":"fr-FR"},{"@type":"WebPage","@id":"https:\/\/arteconfort.com\/fr\/iluminacion-solar-exterior-fr\/iluminacion-solar-aliada-apagon-electrico\/","url":"https:\/\/arteconfort.com\/fr\/iluminacion-solar-exterior-fr\/iluminacion-solar-aliada-apagon-electrico\/","name":"\u25b7 L'\u00e9clairage solaire : un alli\u00e9 face \u00e0 une \u00e9ventuelle panne d'\u00e9lectricit\u00e9 mondiale","isPartOf":{"@id":"https:\/\/arteconfort.com\/fr\/#website"},"primaryImageOfPage":{"@id":"https:\/\/arteconfort.com\/fr\/iluminacion-solar-exterior-fr\/iluminacion-solar-aliada-apagon-electrico\/#primaryimage"},"image":{"@id":"https:\/\/arteconfort.com\/fr\/iluminacion-solar-exterior-fr\/iluminacion-solar-aliada-apagon-electrico\/#primaryimage"},"thumbnailUrl":"https:\/\/arteconfort.com\/wp-content\/uploads\/2021\/11\/apagon.jpg","datePublished":"2021-11-04T11:40:15+00:00","dateModified":"2021-11-10T13:05:17+00:00","description":"Les produits solaires occupent le devant de la sc\u00e8ne apr\u00e8s la mise en garde de l'Autriche contre une \u00e9ventuelle panne d'\u00e9lectricit\u00e9 mondiale.","breadcrumb":{"@id":"https:\/\/arteconfort.com\/fr\/iluminacion-solar-exterior-fr\/iluminacion-solar-aliada-apagon-electrico\/#breadcrumb"},"inLanguage":"fr-FR","potentialAction":[{"@type":"ReadAction","target":["https:\/\/arteconfort.com\/fr\/iluminacion-solar-exterior-fr\/iluminacion-solar-aliada-apagon-electrico\/"]}]},{"@type":"ImageObject","inLanguage":"fr-FR","@id":"https:\/\/arteconfort.com\/fr\/iluminacion-solar-exterior-fr\/iluminacion-solar-aliada-apagon-electrico\/#primaryimage","url":"https:\/\/arteconfort.com\/wp-content\/uploads\/2021\/11\/apagon.jpg","contentUrl":"https:\/\/arteconfort.com\/wp-content\/uploads\/2021\/11\/apagon.jpg","width":800,"height":500,"caption":"La Tierra iluminada desde la distancia"},{"@type":"BreadcrumbList","@id":"https:\/\/arteconfort.com\/fr\/iluminacion-solar-exterior-fr\/iluminacion-solar-aliada-apagon-electrico\/#breadcrumb","itemListElement":[{"@type":"ListItem","position":1,"name":"Inicio","item":"https:\/\/arteconfort.com\/fr\/"},{"@type":"ListItem","position":2,"name":"Iluminaci\u00f3n solar exterior","item":"https:\/\/arteconfort.com\/fr\/iluminacion-solar-exterior-fr\/"},{"@type":"ListItem","position":3,"name":"L&#8217;\u00e9clairage solaire : un alli\u00e9 face \u00e0 une \u00e9ventuelle panne d&#8217;\u00e9lectricit\u00e9 mondiale"}]},{"@type":"WebSite","@id":"https:\/\/arteconfort.com\/fr\/#website","url":"https:\/\/arteconfort.com\/fr\/","name":"Arteconfort","description":"Especialistas en productos del hogar","publisher":{"@id":"https:\/\/arteconfort.com\/fr\/#organization"},"potentialAction":[{"@type":"SearchAction","target":{"@type":"EntryPoint","urlTemplate":"https:\/\/arteconfort.com\/fr\/?s={search_term_string}"},"query-input":{"@type":"PropertyValueSpecification","valueRequired":true,"valueName":"search_term_string"}}],"inLanguage":"fr-FR"},{"@type":"Organization","@id":"https:\/\/arteconfort.com\/fr\/#organization","name":"Arteconfort","url":"https:\/\/arteconfort.com\/fr\/","logo":{"@type":"ImageObject","inLanguage":"fr-FR","@id":"https:\/\/arteconfort.com\/fr\/#\/schema\/logo\/image\/","url":"https:\/\/arteconfort.com\/wp-content\/uploads\/2019\/07\/logo-arteconfort.png","contentUrl":"https:\/\/arteconfort.com\/wp-content\/uploads\/2019\/07\/logo-arteconfort.png","width":230,"height":88,"caption":"Arteconfort"},"image":{"@id":"https:\/\/arteconfort.com\/fr\/#\/schema\/logo\/image\/"}},{"@type":"Person","@id":"https:\/\/arteconfort.com\/fr\/#\/schema\/person\/12aac2f47430580713e1f2cf74753f81","name":"admin"}]}},"_links":{"self":[{"href":"https:\/\/arteconfort.com\/fr\/wp-json\/wp\/v2\/posts\/14967","targetHints":{"allow":["GET"]}}],"collection":[{"href":"https:\/\/arteconfort.com\/fr\/wp-json\/wp\/v2\/posts"}],"about":[{"href":"https:\/\/arteconfort.com\/fr\/wp-json\/wp\/v2\/types\/post"}],"author":[{"embeddable":true,"href":"https:\/\/arteconfort.com\/fr\/wp-json\/wp\/v2\/users\/1"}],"replies":[{"embeddable":true,"href":"https:\/\/arteconfort.com\/fr\/wp-json\/wp\/v2\/comments?post=14967"}],"version-history":[{"count":0,"href":"https:\/\/arteconfort.com\/fr\/wp-json\/wp\/v2\/posts\/14967\/revisions"}],"wp:featuredmedia":[{"embeddable":true,"href":"https:\/\/arteconfort.com\/fr\/wp-json\/wp\/v2\/media\/14932"}],"wp:attachment":[{"href":"https:\/\/arteconfort.com\/fr\/wp-json\/wp\/v2\/media?parent=14967"}],"wp:term":[{"taxonomy":"category","embeddable":true,"href":"https:\/\/arteconfort.com\/fr\/wp-json\/wp\/v2\/categories?post=14967"},{"taxonomy":"post_tag","embeddable":true,"href":"https:\/\/arteconfort.com\/fr\/wp-json\/wp\/v2\/tags?post=14967"}],"curies":[{"name":"wp","href":"https:\/\/api.w.org\/{rel}","templated":true}]}}