{"id":10915,"date":"2021-02-10T18:05:50","date_gmt":"2021-02-10T17:05:50","guid":{"rendered":"https:\/\/arteconfort.com\/sem-categoria\/como-elegir-tu-ventilador-de-techo\/"},"modified":"2021-08-13T11:42:41","modified_gmt":"2021-08-13T09:42:41","slug":"como-elegir-tu-ventilador-de-techo","status":"publish","type":"post","link":"https:\/\/arteconfort.com\/pt-pt\/guias-ventiladores-pt-pt\/como-elegir-tu-ventilador-de-techo\/","title":{"rendered":"Como escolher o seu ventilador de tecto"},"content":{"rendered":"<div class=\"wpb-content-wrapper\"><p>[vc_row][vc_column][wyde_heading text_align=&#8221;center&#8221; title=&#8221;Todas as chaves que precisa de saber antes de comprar um ventilador de tecto&#8221;][vc_column_text]Ao decidirmos sobre um tipo de ventilador de tecto, podemos ter algumas d\u00favidas sobre qual escolher. Por este motivo, devemos ter em conta uma s\u00e9rie de aspectos fundamentais se quisermos adquirir o mais adequado para a nossa casa. Se ainda n\u00e3o sabe como escolher um ventilador de tecto, abaixo explicamos tudo o que <strong>precisa de ter em conta para escolher o ventilador que melhor se adequa a si<\/strong>.[\/vc_column_text][vc_empty_space height=&#8221;60px&#8221;][wyde_heading style=&#8221;5&#8243; title_tag=&#8221;h3&#8243; title=&#8221;Tamanho do ventilador&#8221; subheading=&#8221;1&#8243;][vc_column_text]O primeiro aspecto a ter em conta \u00e9 o tamanho do ventilador, uma vez que para um bom funcionamento e circula\u00e7\u00e3o de ar deve haver uma rela\u00e7\u00e3o correcta entre o tamanho do ventilador e a sala em que o queremos instalar. Um ventilador demasiado pequeno n\u00e3o mover\u00e1 ar suficiente para o ar condicionado da sala, enquanto que um ventilador demasiado grande bloquear\u00e1 a circula\u00e7\u00e3o correcta do ar, perdendo a utilidade do ventilador. Assim, a primeira coisa que precisa de saber \u00e9 o tamanho da superf\u00edcie da sala ou do espa\u00e7o que pretende ventilar.<\/p>\n<p>Para tal, se quisermos instalar um ventilador de tecto em <strong>salas pequenas<\/strong>, com 13m2 ou menos, recomenda-se que o di\u00e2metro do ventilador seja aproximadamente 106cm; para <strong>salas de tamanho m\u00e9dio<\/strong>, entre 13 e 40m2, o ventilador deve ter entre 106 e 132cm de di\u00e2metro e, finalmente, para<strong> salas grandes<\/strong>, com mais de 40m2, recomenda-se ventiladores com mais de 132cm de di\u00e2metro.[\/vc_column_text][vc_empty_space height=&#8221;50px&#8221;][vc_row_inner][vc_column_inner width=&#8221;1\/3&#8243;][vc_single_image alignment=&#8221;center&#8221; image=&#8221;9400&#8243;][\/vc_column_inner][vc_column_inner width=&#8221;1\/3&#8243;][vc_single_image alignment=&#8221;center&#8221; image=&#8221;9396&#8243;][\/vc_column_inner][vc_column_inner width=&#8221;1\/3&#8243;][vc_single_image alignment=&#8221;center&#8221; image=&#8221;9404&#8243;][\/vc_column_inner][\/vc_row_inner][vc_empty_space height=&#8221;50px&#8221;][vc_column_text]Idealmente, o ventilador deve ser colocado no centro da sala, mas se a sala for muito grande ou tiver uma planta alongada ou irregular, \u00e9 poss\u00edvel instalar <strong>v\u00e1rios ventiladores<\/strong> em pontos diferentes para cobrir toda a \u00e1rea.<\/p>\n<p>Al\u00e9m disso, deve ser deixada uma dist\u00e2ncia horizontal de pelo menos 50cm entre a ponta da l\u00e2mina do ventilador e qualquer objecto pr\u00f3ximo (parede, mobili\u00e1rio, portas, etc.); e uma dist\u00e2ncia vertical de 2,3m entre o ch\u00e3o e as l\u00e2minas do ventilador.[\/vc_column_text][vc_empty_space][vc_single_image alignment=&#8221;center&#8221; image=&#8221;9384&#8243;][vc_empty_space height=&#8221;60px&#8221;][\/vc_column][\/vc_row][vc_row row_style=&#8221;full-width&#8221; vertical_align=&#8221;middle&#8221; padding_size=&#8221;m-padding&#8221; background_mode=&#8221;color&#8221; background_color=&#8221;#f5f5f5&#8243;][vc_column][vc_row_inner][vc_column_inner width=&#8221;1\/4&#8243; offset=&#8221;vc_col-xs-12&#8243; el_class=&#8221;banner-home&#8221;][wyde_heading style=&#8221;3&#8243; title_tag=&#8221;h3&#8243; subheading_tag=&#8221;span&#8221; title=&#8221;Tamanho do quarto&#8221; subheading=&#8221;Escolha o seu ventilador de acordo com o tamanho do quarto&#8221;][\/vc_column_inner][vc_column_inner width=&#8221;1\/4&#8243; el_class=&#8221;banner-home&#8221; offset=&#8221;vc_col-xs-6&#8243;][wyde_banner title_tag=&#8221;h5&#8243; banner_style=&#8221;2&#8243; title=&#8221;Ventiladores de <strong>QUARTOS PEQUENOS<\/strong>&#8221; image=&#8221;4068&#8243; link=&#8221;url:https%3A%2F%2Farteconfort.com%2Fpt-pt%2Fclimatizacion%2Fventiladores-de-techo%2Fventiladores-de-techo-para-habitaciones-pequenas%2F|title:Pol%C3%ADtica%20de%20sostenibilidad||&#8221; heading_color=&#8221;#ffffff&#8221; subheading=&#8221;Menos de 13m<sup>2<\/sup>&#8221; subheading_color=&#8221;#ffffff&#8221;][\/vc_column_inner][vc_column_inner width=&#8221;1\/4&#8243; el_class=&#8221;banner-home&#8221; offset=&#8221;vc_col-xs-6&#8243;][wyde_banner title_tag=&#8221;h5&#8243; banner_style=&#8221;2&#8243; title=&#8221;Ventiladores de <strong>QUARTOS DE TAMANHO M\u00c9DIO<\/strong>&#8221; image=&#8221;4070&#8243; link=&#8221;url:https%3A%2F%2Farteconfort.com%2Fpt-pt%2Fclimatizacion%2Fventiladores-de-techo%2Fventiladores-de-techo-para-habitaciones-medianas%2F|title:Ventiladores%20de%20techo%20para%20habitaciones%20medianas||&#8221; heading_color=&#8221;#ffffff&#8221; subheading=&#8221;Entre 13 y 40m<sup>2<\/sup>&#8221; subheading_color=&#8221;#ffffff&#8221;][\/vc_column_inner][vc_column_inner width=&#8221;1\/4&#8243; offset=&#8221;vc_col-xs-6&#8243; el_class=&#8221;banner-home&#8221;][wyde_banner title_tag=&#8221;h5&#8243; banner_style=&#8221;2&#8243; title=&#8221;Ventiladores de <strong>GRANDES QUARTOS<\/strong>&#8221; image=&#8221;4067&#8243; link=&#8221;url:https%3A%2F%2Farteconfort.com%2Fpt-pt%2Fclimatizacion%2Fventiladores-de-techo%2Fventiladores-de-techo-para-habitaciones-grandes%2F|title:Ventiladores%20de%20techo%20para%20habitaciones%20grandes||&#8221; heading_color=&#8221;#ffffff&#8221; subheading=&#8221;Mais de 40m<sup>2<\/sup>&#8221; subheading_color=&#8221;#ffffff&#8221;][\/vc_column_inner][\/vc_row_inner][\/vc_column][\/vc_row][vc_row][vc_column][vc_empty_space height=&#8221;80px&#8221;][wyde_heading style=&#8221;5&#8243; title_tag=&#8221;h3&#8243; title=&#8221;Materiais&#8221; subheading=&#8221;2&#8243;][vc_column_text]Embora seja um factor que nem sempre \u00e9 tido em conta, \u00e9 aconselh\u00e1vel conhecer o material a partir do qual o ventilador \u00e9 fabricado, tanto o corpo como as l\u00e2minas. A maioria dos ventiladores s\u00e3o feitos de <strong>madeira, metal ou pl\u00e1stico<\/strong> ou uma combina\u00e7\u00e3o destes. Isto \u00e9 importante porque, ao instalar o nosso ventilador, devemos ter em conta as caracter\u00edsticas f\u00edsicas e as peculiaridades de cada material:[\/vc_column_text][vc_empty_space][vc_row_inner][vc_column_inner width=&#8221;1\/3&#8243;][wyde_heading style=&#8221;2&#8243; title_tag=&#8221;h4&#8243; subheading_tag=&#8221;span&#8221; text_align=&#8221;center&#8221; title=&#8221;Madeira&#8221;][vc_column_text]Um ventilador de tecto com l\u00e2minas de madeira mistura-se na perfei\u00e7\u00e3o com mobili\u00e1rio dom\u00e9stico. \u00c9 ideal para salas de estar ou quartos de dormir e d\u00e1 um aspecto mais quente e r\u00fastico \u00e0 sala. Por ser um material poroso, n\u00e3o \u00e9 recomendado para certos usos onde possa haver mudan\u00e7as bruscas de humidade ou temperatura, como por exemplo fora de casa.[\/vc_column_text][\/vc_column_inner][vc_column_inner width=&#8221;1\/3&#8243;][wyde_heading style=&#8221;2&#8243; title_tag=&#8221;h4&#8243; subheading_tag=&#8221;span&#8221; text_align=&#8221;center&#8221; title=&#8221;Pl\u00e1stico&#8221;][vc_column_text]O pl\u00e1stico \u00e9 um material leve e dur\u00e1vel que pode ser facilmente concebido e adaptado a diferentes formas e estilos. Al\u00e9m disso, \u00e9 importante n\u00e3o os instalar perto de fontes de calor, pois o pl\u00e1stico das p\u00e1s dos ventiladores pode ficar deformado e desequilibrado.[\/vc_column_text][\/vc_column_inner][vc_column_inner width=&#8221;1\/3&#8243;][wyde_heading style=&#8221;2&#8243; title_tag=&#8221;h4&#8243; subheading_tag=&#8221;span&#8221; text_align=&#8221;center&#8221; title=&#8221;Metal&#8221;][vc_column_text]O metal \u00e9 um material muito resistente e dur\u00e1vel que d\u00e1 \u00e0s nossas salas um estilo industrial. Mas \u00e9 tamb\u00e9m o material mais pesado, pelo que ter\u00e1 de ter em conta o peso do ventilador quando o instalar.[\/vc_column_text][\/vc_column_inner][\/vc_row_inner][vc_empty_space height=&#8221;80px&#8221;][wyde_heading style=&#8221;5&#8243; title_tag=&#8221;h3&#8243; title=&#8221;Tecnologia do motor&#8221; subheading=&#8221;3&#8243;][vc_column_text]Hoje, mais do que nunca, estamos \u00e0 procura de poupan\u00e7a e efici\u00eancia energ\u00e9tica nas nossas casas: queremos aparelhos que consumam menos energia el\u00e9ctrica com maior desempenho. No caso dos ventiladores de tecto, s\u00e3o por vezes instalados nos quartos e utilizados enquanto dormimos, raz\u00e3o pela qual queremos que sejam o mais silenciosos poss\u00edvel. Estes dois factores est\u00e3o directamente relacionados com o tipo de motor utilizado pelo ventilador. Abaixo, detalhamos os dois tipos de motores que se podem encontrar:[\/vc_column_text][vc_empty_space][vc_row_inner][vc_column_inner width=&#8221;1\/2&#8243;][vc_single_image img_size=&#8221;medium&#8221; style=&#8221;circle&#8221; alignment=&#8221;center&#8221; image=&#8221;5036&#8243;][vc_empty_space height=&#8221;20px&#8221;][wyde_heading style=&#8221;2&#8243; title_tag=&#8221;h4&#8243; subheading_tag=&#8221;span&#8221; text_align=&#8221;center&#8221; title=&#8221;Ventiladores com <strong>motor AC<\/strong>&#8221; subheading=&#8221;ou corrente alternada&#8221;][vc_column_text]Os <strong>motores AC<\/strong> ou de corrente alternada convertem electricidade em movimento rotativo que move as p\u00e1s para gerar fluxo de ar. Caracterizam-se por serem motores muito silenciosos e eficientes.[\/vc_column_text][\/vc_column_inner][vc_column_inner width=&#8221;1\/2&#8243;][vc_single_image img_size=&#8221;medium&#8221; style=&#8221;circle&#8221; alignment=&#8221;center&#8221; image=&#8221;6712&#8243;][vc_empty_space height=&#8221;20px&#8221;][wyde_heading style=&#8221;2&#8243; title_tag=&#8221;h4&#8243; subheading_tag=&#8221;span&#8221; text_align=&#8221;center&#8221; title=&#8221;Ventiladores com <strong>motor DC<\/strong>&#8221; subheading=&#8221;o de corrente cont\u00ednua&#8221;][vc_column_text]Os <strong>motores de corrente cont\u00ednua<\/strong> ou cont\u00ednua convertem energia el\u00e9ctrica em energia mec\u00e2nica, devido ao campo magn\u00e9tico criado pelos \u00edmanes no seu interior, tornando poss\u00edvel gerar movimento. Gra\u00e7as a estes \u00edmanes, n\u00e3o h\u00e1 fric\u00e7\u00e3o entre os componentes motores, melhorando a efici\u00eancia energ\u00e9tica e prolongando a vida \u00fatil do ventilador. Al\u00e9m disso, como n\u00e3o h\u00e1 fric\u00e7\u00e3o, os <strong>ventiladores com este tipo de motor<\/strong> s\u00e3o ultra-silenciosos e consomem menos energia, poupando at\u00e9 70% do consumo de electricidade em compara\u00e7\u00e3o com um motor CA.[\/vc_column_text][\/vc_column_inner][\/vc_row_inner][vc_empty_space height=&#8221;80px&#8221;][wyde_heading style=&#8221;5&#8243; title_tag=&#8221;h3&#8243; title=&#8221;Tipo de ilumina\u00e7\u00e3o&#8221; subheading=&#8221;4&#8243;][vc_column_text]Outra quest\u00e3o que deve colocar a si mesmo \u00e9 se quer um <strong>ventilador de tecto com ou sem luz<\/strong>, pois em muitos casos o ventilador substitui a l\u00e2mpada de tecto, portanto, a menos que tenha outra fonte de luz, recomendamos que opte por um ventilador com luz. Se escolher um ventilador com luz tamb\u00e9m pode escolher o tipo de ilumina\u00e7\u00e3o que prefere:<\/p>\n<ul>\n<li><strong>Ventilador com luz LED integrada<\/strong>. Gra\u00e7as aos avan\u00e7os na tecnologia LED, os ventiladores com este tipo de ilumina\u00e7\u00e3o permitem alterar a temperatura da cor (entre luz quente, neutra ou fria) ou regular a intensidade da luz. Alguns modelos tamb\u00e9m permitem alterar a cor da luz (RGB).<\/li>\n<li><strong>Ventilador com tomadas de bulbo<\/strong>. Ao escolher a l\u00e2mpada, deve ter em conta a pot\u00eancia m\u00e1xima permitida pelo ventilador e o tipo de tomada.<\/li>\n<\/ul>\n<p>[\/vc_column_text][vc_empty_space][\/vc_column][\/vc_row][vc_row row_style=&#8221;full-width&#8221; vertical_align=&#8221;middle&#8221; padding_size=&#8221;m-padding&#8221; background_mode=&#8221;color&#8221; background_color=&#8221;#f5f5f5&#8243;][vc_column][vc_row_inner][vc_column_inner width=&#8221;1\/4&#8243; offset=&#8221;vc_col-xs-12&#8243; el_class=&#8221;banner-home&#8221;][wyde_heading style=&#8221;3&#8243; title_tag=&#8221;h3&#8243; subheading_tag=&#8221;span&#8221; title=&#8221;Tipo de ilumina\u00e7\u00e3o&#8221; subheading=&#8221;O seu ventilador de tecto com ou sem luz&#8221;][\/vc_column_inner][vc_column_inner width=&#8221;1\/4&#8243; el_class=&#8221;banner-home&#8221; offset=&#8221;vc_col-xs-6&#8243;][wyde_banner title_tag=&#8221;h5&#8243; banner_style=&#8221;2&#8243; title=&#8221;Ventiladores com <strong>LUZ LED INTEGRADA<\/strong>&#8221; image=&#8221;4116&#8243; link=&#8221;url:https%3A%2F%2Farteconfort.com%2Fclimatizacion%2Fventiladores-de-techo%2Fventiladores-de-techo-con-luz-led-integrada%2F|title:Pol%C3%ADtica%20de%20sostenibilidad||&#8221; heading_color=&#8221;#ffffff&#8221;][\/vc_column_inner][vc_column_inner width=&#8221;1\/4&#8243; el_class=&#8221;banner-home&#8221; offset=&#8221;vc_col-xs-6&#8243;][wyde_banner title_tag=&#8221;h5&#8243; banner_style=&#8221;2&#8243; title=&#8221;Ventiladores com <strong>CASQUILHO<\/strong>&#8221; image=&#8221;4112&#8243; link=&#8221;url:https%3A%2F%2Farteconfort.com%2Fpt-pt%2Fclimatizacion%2Fventiladores-de-techo%2Fventiladores-de-techo-con-casquillo%2F|title:Ventiladores%20de%20techo%20con%20casquillo||&#8221; heading_color=&#8221;#ffffff&#8221;][\/vc_column_inner][vc_column_inner width=&#8221;1\/4&#8243; offset=&#8221;vc_col-xs-6&#8243; el_class=&#8221;banner-home&#8221;][wyde_banner title_tag=&#8221;h5&#8243; banner_style=&#8221;2&#8243; title=&#8221;Ventiladores <strong>SEM LUZ<\/strong>&#8221; image=&#8221;4115&#8243; link=&#8221;url:https%3A%2F%2Farteconfort.com%2Fpt-pt%2Fclimatizacion%2Fventiladores-de-techo%2Fventiladores-de-techo-sin-luz%2F|title:Ventiladores%20de%20techo%20sin%20luz||&#8221; heading_color=&#8221;#ffffff&#8221;][\/vc_column_inner][\/vc_row_inner][\/vc_column][\/vc_row][vc_row][vc_column][vc_empty_space height=&#8221;80px&#8221;][wyde_heading style=&#8221;5&#8243; title_tag=&#8221;h3&#8243; title=&#8221;Utiliza\u00e7\u00e3o interior ou exterior&#8221; subheading=&#8221;5&#8243;][vc_column_text]Estamos habituados a ver ventiladores de tecto dentro de casa, mas os ventiladores de exterior est\u00e3o a tornar-se cada vez mais comuns, especialmente em zonas mais quentes ou costeiras. Se quiser instalar um <strong>ventilador de tecto numa \u00e1rea exterior<\/strong> (como o telhado de um alpendre ou terra\u00e7o, uma p\u00e9rgula ou um telhado aberto), deve escolher um ventilador especificamente para uso exterior. Tais ventiladores s\u00e3o normalmente indicados com <strong>uma classifica\u00e7\u00e3o de protec\u00e7\u00e3o IP44<\/strong>.[\/vc_column_text][vc_empty_space][vc_single_image alignment=&#8221;center&#8221; image=&#8221;9392&#8243;][\/vc_column][\/vc_row][vc_row][vc_column][vc_empty_space height=&#8221;80px&#8221;][wyde_heading style=&#8221;5&#8243; title_tag=&#8221;h3&#8243; title=&#8221;Modo de activa\u00e7\u00e3o&#8221; subheading=&#8221;6&#8243;][vc_column_text]Por outro lado, uma das principais caracter\u00edsticas que diferencia os ventiladores de tecto \u00e9 a forma como s\u00e3o ligados. H\u00e1 tr\u00eas formas principais de operar um ventilador e a sua luz, se tiver uma: por corrente, controlo remoto ou dispositivos inteligentes ou aplica\u00e7\u00e3o. Todos eles, compat\u00edveis com o interruptor de parede, se o ventilador substituir a l\u00e2mpada.[\/vc_column_text][vc_empty_space][vc_row_inner][vc_column_inner width=&#8221;1\/3&#8243;][wyde_heading style=&#8221;2&#8243; title_tag=&#8221;h4&#8243; subheading_tag=&#8221;span&#8221; text_align=&#8221;center&#8221; title=&#8221;Controlo por voz ou aplica\u00e7\u00e3o&#8221;][vc_column_text]Esta \u00e9 a vers\u00e3o mais recente no mercado e a automa\u00e7\u00e3o dom\u00e9stica est\u00e1 a tornar-se cada vez mais f\u00e1cil e mais acess\u00edvel. Os novos<strong> ventiladores de tecto inteligentes<\/strong> podem ser ligados ao nosso smartphone ou altifalante inteligente atrav\u00e9s de uma aplica\u00e7\u00e3o. Isto permitir-nos-\u00e1 control\u00e1-lo por voz ou aplica\u00e7\u00e3o m\u00f3vel.[\/vc_column_text][\/vc_column_inner][vc_column_inner width=&#8221;1\/3&#8243;][wyde_heading style=&#8221;2&#8243; title_tag=&#8221;h4&#8243; subheading_tag=&#8221;span&#8221; text_align=&#8221;center&#8221; title=&#8221;Controlo remoto&#8221;][vc_column_text]Sem d\u00favida, proporciona-nos um grande conforto, pois permite-nos controlar tanto o ventilador como a luz independentemente. Os ventiladores com controlo remoto podem ser controlados a uma grande dist\u00e2ncia, uma vez que t\u00eam uma gama de ac\u00e7\u00e3o muito ampla. Al\u00e9m disso, oferece outras vantagens como a possibilidade de programar o ventilador ou activar o modo de Inverno.[\/vc_column_text][\/vc_column_inner][vc_column_inner width=&#8221;1\/3&#8243;][wyde_heading style=&#8221;2&#8243; title_tag=&#8221;h4&#8243; subheading_tag=&#8221;span&#8221; text_align=&#8221;center&#8221; title=&#8221;Cadeina&#8221;][vc_column_text]Os ventiladores de tecto com um estilo cl\u00e1ssico ser\u00e3o operados por uma corrente (duas se houver uma luz).[\/vc_column_text][\/vc_column_inner][\/vc_row_inner][vc_empty_space][\/vc_column][\/vc_row][vc_row row_style=&#8221;full-width&#8221; vertical_align=&#8221;middle&#8221; padding_size=&#8221;m-padding&#8221; background_mode=&#8221;color&#8221; background_color=&#8221;#f5f5f5&#8243;][vc_column][vc_row_inner][vc_column_inner width=&#8221;1\/4&#8243; offset=&#8221;vc_col-xs-12&#8243; el_class=&#8221;banner-home&#8221;][wyde_heading style=&#8221;3&#8243; title_tag=&#8221;h3&#8243; subheading_tag=&#8221;span&#8221; title=&#8221;Modo de activa\u00e7\u00e3o&#8221; subheading=&#8221;H\u00e1 diferentes maneiras de operar o seu ventilador&#8221;][\/vc_column_inner][vc_column_inner width=&#8221;1\/4&#8243; el_class=&#8221;banner-home&#8221; offset=&#8221;vc_col-xs-6&#8243;][wyde_banner title_tag=&#8221;h5&#8243; banner_style=&#8221;2&#8243; title=&#8221;Ventiladores com <strong>VOZ OU CONTROLO DE APLICA\u00c7\u00c3O<\/strong>&#8221; image=&#8221;4072&#8243; link=&#8221;url:https%3A%2F%2Farteconfort.com%2Fpt-pt%2Fclimatizacion%2Fventiladores-de-techo%2Fventiladores-de-techo-con-control-por-voz-o-app%2F|title:Pol%C3%ADtica%20de%20sostenibilidad||&#8221; heading_color=&#8221;#ffffff&#8221;][\/vc_column_inner][vc_column_inner width=&#8221;1\/4&#8243; el_class=&#8221;banner-home&#8221; offset=&#8221;vc_col-xs-6&#8243;][wyde_banner title_tag=&#8221;h5&#8243; banner_style=&#8221;2&#8243; title=&#8221;Ventiladores com <strong>CONTROLO REMOTO<\/strong>&#8221; image=&#8221;4077&#8243; link=&#8221;url:https%3A%2F%2Farteconfort.com%2Fclimatizacion%2Fventiladores-de-techo%2Fventiladores-de-techo-con-mando-a-distancia%2F|title:Ventiladores%20de%20techo%20con%20mando%20a%20distancia||&#8221; heading_color=&#8221;#ffffff&#8221;][\/vc_column_inner][vc_column_inner width=&#8221;1\/4&#8243; offset=&#8221;vc_col-xs-6&#8243; el_class=&#8221;banner-home&#8221;][wyde_banner title_tag=&#8221;h5&#8243; banner_style=&#8221;2&#8243; title=&#8221;Ventiladores com <strong>CADEINA<\/strong>&#8221; image=&#8221;4075&#8243; link=&#8221;url:https%3A%2F%2Farteconfort.com%2Fpt-pt%2Fclimatizacion%2Fventiladores-de-techo%2Fventiladores-de-techo-con-cadena%2F|title:Ventiladores%20de%20techo%20con%20cadena||&#8221; heading_color=&#8221;#ffffff&#8221;][\/vc_column_inner][\/vc_row_inner][\/vc_column][\/vc_row][vc_row][vc_column][vc_empty_space height=&#8221;80px&#8221;][wyde_heading style=&#8221;5&#8243; title_tag=&#8221;h3&#8243; title=&#8221;Fun\u00e7\u00f5es especiais&#8221; subheading=&#8221;7&#8243;][vc_column_text]Com o avan\u00e7o e desenvolvimento de novas tecnologias, novas caracter\u00edsticas e fun\u00e7\u00f5es foram implementadas em ventiladores de tecto para oferecer o melhor conforto e experi\u00eancia ao utilizador. Se desejar caracter\u00edsticas extra, pode encontrar modelos com as seguintes caracter\u00edsticas:<\/p>\n<ul>\n<li><strong>Modo brisa<\/strong>. O ventilador funciona automaticamente alternando suavemente entre v\u00e1rias velocidades, criando uma sensa\u00e7\u00e3o de uma brisa natural suave.<\/li>\n<li><strong>Modo de Inverno<\/strong>. Permite alterar o sentido de rota\u00e7\u00e3o das l\u00e2minas para distribuir e aproveitar o calor acumulado na parte mais alta da sala. Aprenda a poupar no aquecimento com o modo de Inverno.<\/li>\n<li><strong>uSense termostato<\/strong>. Quando se activa a fun\u00e7\u00e3o uSense, o ventilador detectar\u00e1 a temperatura ambiente e ajustar\u00e1 automaticamente a velocidade de rota\u00e7\u00e3o.<\/li>\n<li><strong>Sistema Fast Fan System<\/strong>. O sistema de instala\u00e7\u00e3o r\u00e1pida do ventilador Fast Fan da Arteconfort \u00e9 \u00fanico no mercado. Os ventiladores com este sistema s\u00e3o os mais f\u00e1ceis de instalar, evitando a necessidade de instalar e ligar controladores.<\/li>\n<li><strong>Altifalante bluetooth integrado<\/strong>. Ou\u00e7a a m\u00fasica do seu f\u00e3 sincronizando-a com o seu smartphone e experimente momentos \u00fanicos.<\/li>\n<li><strong>Intensidade luminosa ajust\u00e1vel<\/strong>. Pode criar a atmosfera ideal para cada momento, regulando a quantidade de luz emitida pelo ventilador.<\/li>\n<li><strong>Mudan\u00e7a de temperatura de cor<\/strong>. Ajuda a regular os ciclos circadianos do seu corpo, escolhendo a temperatura de cor clara mais adequada para cada momento do dia. Vai melhorar o seu descanso.<\/li>\n<li><strong>Programa\u00e7\u00e3o do tempo de utiliza\u00e7\u00e3o<\/strong>. \u00c9 poss\u00edvel programar quanto tempo o ventilador permanece ligado. \u00c9 perfeito para usar enquanto dorme, o ventilador desliga-se automaticamente quando atinge o tempo programado.<\/li>\n<\/ul>\n<p>[\/vc_column_text][vc_empty_space height=&#8221;80px&#8221;][\/vc_column][\/vc_row][vc_row][vc_column][wyde_heading style=&#8221;5&#8243; title_tag=&#8221;h3&#8243; title=&#8221;Aspecto decorativo&#8221; subheading=&#8221;8&#8243;][vc_column_text]N\u00e3o devemos esquecer o papel fundamental que os ventiladores de tecto desempenham quando se trata de decorar a sua casa. Pode encontrar uma multiplicidade de formas e cores que se adaptam a diferentes tipos de estilos dom\u00e9sticos: modernos, cl\u00e1ssicos, r\u00fasticos, minimalistas, e at\u00e9 mesmo para quartos de crian\u00e7a coloridos. Alguns ventiladores t\u00eam caracter\u00edsticas especiais em termos de l\u00e2minas:[\/vc_column_text][vc_row_inner vertical_align=&#8221;middle&#8221;][vc_column_inner width=&#8221;1\/4&#8243;][vc_single_image img_size=&#8221;medium&#8221; style=&#8221;circle&#8221; image=&#8221;9032&#8243;][\/vc_column_inner][vc_column_inner width=&#8221;3\/4&#8243;][vc_column_text]<\/p>\n<ul>\n<li><strong>L\u00e2minas retr\u00e1cteis ou ocultas<\/strong>. As p\u00e1s do ventilador n\u00e3o s\u00e3o vis\u00edveis quando o ventilador \u00e9 desligado. Isto ir\u00e1 disfar\u00e7ar o facto de ser um ventilador, fazendo-o parecer uma luz de tecto.<\/li>\n<li><strong>L\u00e2minas revers\u00edveis<\/strong>. Os modelos com l\u00e2minas revers\u00edveis permitem-lhe escolher a cor de que mais gosta e adapt\u00e1-las ao seu quarto, tornando-as mais vers\u00e1teis. Esta caracter\u00edstica \u00e9 mais comum nos adeptos destinados aos quartos das crian\u00e7as, pois por um lado pode-se exibir cores brilhantes quando a crian\u00e7a \u00e9 jovem, e por outro lado cores mais neutras quando crescem.<\/li>\n<\/ul>\n<p>[\/vc_column_text][\/vc_column_inner][\/vc_row_inner][\/vc_column][\/vc_row]<\/p>\n<\/div>","protected":false},"excerpt":{"rendered":"<p>[vc_row][vc_column][wyde_heading text_align=&#8221;center&#8221; title=&#8221;Todas as chaves que precisa de saber antes de comprar um ventilador de tecto&#8221;][vc_column_text]Ao decidirmos sobre um tipo de ventilador de tecto, podemos ter algumas d\u00favidas sobre qual escolher. Por este motivo, devemos ter em conta uma s\u00e9rie de aspectos fundamentais se quisermos adquirir o mais adequado para a nossa casa. Se ainda [&hellip;]<\/p>\n","protected":false},"author":1,"featured_media":9388,"comment_status":"closed","ping_status":"open","sticky":false,"template":"","format":"standard","meta":{"footnotes":""},"categories":[293,316],"tags":[],"class_list":["post-10915","post","type-post","status-publish","format-standard","has-post-thumbnail","hentry","category-guias-ventiladores-pt-pt","category-ventilador-de-techo-pt-pt"],"yoast_head":"<!-- This site is optimized with the Yoast SEO plugin v26.5 - https:\/\/yoast.com\/wordpress\/plugins\/seo\/ -->\n<title>Como escolher o seu ventilador de tecto - Arteconfort<\/title>\n<meta name=\"description\" content=\"Ao decidirmos sobre um tipo de ventilador de tecto, podemos ter algumas d\u00favidas sobre qual escolher. Por este motivo, devemos ter em conta uma s\u00e9rie de\" \/>\n<meta name=\"robots\" content=\"index, follow, max-snippet:-1, max-image-preview:large, max-video-preview:-1\" \/>\n<link rel=\"canonical\" href=\"https:\/\/arteconfort.com\/pt-pt\/guias-ventiladores-pt-pt\/como-elegir-tu-ventilador-de-techo\/\" \/>\n<meta property=\"og:locale\" content=\"pt_PT\" \/>\n<meta property=\"og:type\" content=\"article\" \/>\n<meta property=\"og:title\" content=\"Como escolher o seu ventilador de tecto - Arteconfort\" \/>\n<meta property=\"og:description\" content=\"Ao decidirmos sobre um tipo de ventilador de tecto, podemos ter algumas d\u00favidas sobre qual escolher. Por este motivo, devemos ter em conta uma s\u00e9rie de\" \/>\n<meta property=\"og:url\" content=\"https:\/\/arteconfort.com\/pt-pt\/guias-ventiladores-pt-pt\/como-elegir-tu-ventilador-de-techo\/\" \/>\n<meta property=\"og:site_name\" content=\"Arteconfort\" \/>\n<meta property=\"article:published_time\" content=\"2021-02-10T17:05:50+00:00\" \/>\n<meta property=\"article:modified_time\" content=\"2021-08-13T09:42:41+00:00\" \/>\n<meta property=\"og:image\" content=\"https:\/\/arteconfort.com\/wp-content\/uploads\/2021\/02\/como-elegir-tu-ventilador-de-techo.jpg\" \/>\n\t<meta property=\"og:image:width\" content=\"700\" \/>\n\t<meta property=\"og:image:height\" content=\"500\" \/>\n\t<meta property=\"og:image:type\" content=\"image\/jpeg\" \/>\n<meta name=\"author\" content=\"admin\" \/>\n<meta name=\"twitter:card\" content=\"summary_large_image\" \/>\n<meta name=\"twitter:label1\" content=\"Escrito por\" \/>\n\t<meta name=\"twitter:data1\" content=\"admin\" \/>\n\t<meta name=\"twitter:label2\" content=\"Tempo estimado de leitura\" \/>\n\t<meta name=\"twitter:data2\" content=\"15 minutos\" \/>\n<!-- \/ Yoast SEO plugin. -->","yoast_head_json":{"title":"Como escolher o seu ventilador de tecto - Arteconfort","description":"Ao decidirmos sobre um tipo de ventilador de tecto, podemos ter algumas d\u00favidas sobre qual escolher. Por este motivo, devemos ter em conta uma s\u00e9rie de","robots":{"index":"index","follow":"follow","max-snippet":"max-snippet:-1","max-image-preview":"max-image-preview:large","max-video-preview":"max-video-preview:-1"},"canonical":"https:\/\/arteconfort.com\/pt-pt\/guias-ventiladores-pt-pt\/como-elegir-tu-ventilador-de-techo\/","og_locale":"pt_PT","og_type":"article","og_title":"Como escolher o seu ventilador de tecto - Arteconfort","og_description":"Ao decidirmos sobre um tipo de ventilador de tecto, podemos ter algumas d\u00favidas sobre qual escolher. Por este motivo, devemos ter em conta uma s\u00e9rie de","og_url":"https:\/\/arteconfort.com\/pt-pt\/guias-ventiladores-pt-pt\/como-elegir-tu-ventilador-de-techo\/","og_site_name":"Arteconfort","article_published_time":"2021-02-10T17:05:50+00:00","article_modified_time":"2021-08-13T09:42:41+00:00","og_image":[{"width":700,"height":500,"url":"https:\/\/arteconfort.com\/wp-content\/uploads\/2021\/02\/como-elegir-tu-ventilador-de-techo.jpg","type":"image\/jpeg"}],"author":"admin","twitter_card":"summary_large_image","twitter_misc":{"Escrito por":"admin","Tempo estimado de leitura":"15 minutos"},"schema":{"@context":"https:\/\/schema.org","@graph":[{"@type":"Article","@id":"https:\/\/arteconfort.com\/pt-pt\/guias-ventiladores-pt-pt\/como-elegir-tu-ventilador-de-techo\/#article","isPartOf":{"@id":"https:\/\/arteconfort.com\/pt-pt\/guias-ventiladores-pt-pt\/como-elegir-tu-ventilador-de-techo\/"},"author":{"name":"admin","@id":"https:\/\/arteconfort.com\/pt-pt\/#\/schema\/person\/12aac2f47430580713e1f2cf74753f81"},"headline":"Como escolher o seu ventilador de tecto","datePublished":"2021-02-10T17:05:50+00:00","dateModified":"2021-08-13T09:42:41+00:00","mainEntityOfPage":{"@id":"https:\/\/arteconfort.com\/pt-pt\/guias-ventiladores-pt-pt\/como-elegir-tu-ventilador-de-techo\/"},"wordCount":2943,"publisher":{"@id":"https:\/\/arteconfort.com\/pt-pt\/#organization"},"image":{"@id":"https:\/\/arteconfort.com\/pt-pt\/guias-ventiladores-pt-pt\/como-elegir-tu-ventilador-de-techo\/#primaryimage"},"thumbnailUrl":"https:\/\/arteconfort.com\/wp-content\/uploads\/2021\/02\/como-elegir-tu-ventilador-de-techo.jpg","articleSection":["Gu\u00edas de ventiladores de techo","Ventilador de techo"],"inLanguage":"pt-PT"},{"@type":"WebPage","@id":"https:\/\/arteconfort.com\/pt-pt\/guias-ventiladores-pt-pt\/como-elegir-tu-ventilador-de-techo\/","url":"https:\/\/arteconfort.com\/pt-pt\/guias-ventiladores-pt-pt\/como-elegir-tu-ventilador-de-techo\/","name":"Como escolher o seu ventilador de tecto - Arteconfort","isPartOf":{"@id":"https:\/\/arteconfort.com\/pt-pt\/#website"},"primaryImageOfPage":{"@id":"https:\/\/arteconfort.com\/pt-pt\/guias-ventiladores-pt-pt\/como-elegir-tu-ventilador-de-techo\/#primaryimage"},"image":{"@id":"https:\/\/arteconfort.com\/pt-pt\/guias-ventiladores-pt-pt\/como-elegir-tu-ventilador-de-techo\/#primaryimage"},"thumbnailUrl":"https:\/\/arteconfort.com\/wp-content\/uploads\/2021\/02\/como-elegir-tu-ventilador-de-techo.jpg","datePublished":"2021-02-10T17:05:50+00:00","dateModified":"2021-08-13T09:42:41+00:00","description":"Ao decidirmos sobre um tipo de ventilador de tecto, podemos ter algumas d\u00favidas sobre qual escolher. Por este motivo, devemos ter em conta uma s\u00e9rie de","breadcrumb":{"@id":"https:\/\/arteconfort.com\/pt-pt\/guias-ventiladores-pt-pt\/como-elegir-tu-ventilador-de-techo\/#breadcrumb"},"inLanguage":"pt-PT","potentialAction":[{"@type":"ReadAction","target":["https:\/\/arteconfort.com\/pt-pt\/guias-ventiladores-pt-pt\/como-elegir-tu-ventilador-de-techo\/"]}]},{"@type":"ImageObject","inLanguage":"pt-PT","@id":"https:\/\/arteconfort.com\/pt-pt\/guias-ventiladores-pt-pt\/como-elegir-tu-ventilador-de-techo\/#primaryimage","url":"https:\/\/arteconfort.com\/wp-content\/uploads\/2021\/02\/como-elegir-tu-ventilador-de-techo.jpg","contentUrl":"https:\/\/arteconfort.com\/wp-content\/uploads\/2021\/02\/como-elegir-tu-ventilador-de-techo.jpg","width":700,"height":500},{"@type":"BreadcrumbList","@id":"https:\/\/arteconfort.com\/pt-pt\/guias-ventiladores-pt-pt\/como-elegir-tu-ventilador-de-techo\/#breadcrumb","itemListElement":[{"@type":"ListItem","position":1,"name":"Inicio","item":"https:\/\/arteconfort.com\/pt-pt\/"},{"@type":"ListItem","position":2,"name":"Gu\u00edas de ventiladores de techo","item":"https:\/\/arteconfort.com\/pt-pt\/guias-ventiladores-pt-pt\/"},{"@type":"ListItem","position":3,"name":"Como escolher o seu ventilador de tecto"}]},{"@type":"WebSite","@id":"https:\/\/arteconfort.com\/pt-pt\/#website","url":"https:\/\/arteconfort.com\/pt-pt\/","name":"Arteconfort","description":"Especialistas en productos del hogar","publisher":{"@id":"https:\/\/arteconfort.com\/pt-pt\/#organization"},"potentialAction":[{"@type":"SearchAction","target":{"@type":"EntryPoint","urlTemplate":"https:\/\/arteconfort.com\/pt-pt\/?s={search_term_string}"},"query-input":{"@type":"PropertyValueSpecification","valueRequired":true,"valueName":"search_term_string"}}],"inLanguage":"pt-PT"},{"@type":"Organization","@id":"https:\/\/arteconfort.com\/pt-pt\/#organization","name":"Arteconfort","url":"https:\/\/arteconfort.com\/pt-pt\/","logo":{"@type":"ImageObject","inLanguage":"pt-PT","@id":"https:\/\/arteconfort.com\/pt-pt\/#\/schema\/logo\/image\/","url":"https:\/\/arteconfort.com\/wp-content\/uploads\/2019\/07\/logo-arteconfort.png","contentUrl":"https:\/\/arteconfort.com\/wp-content\/uploads\/2019\/07\/logo-arteconfort.png","width":230,"height":88,"caption":"Arteconfort"},"image":{"@id":"https:\/\/arteconfort.com\/pt-pt\/#\/schema\/logo\/image\/"}},{"@type":"Person","@id":"https:\/\/arteconfort.com\/pt-pt\/#\/schema\/person\/12aac2f47430580713e1f2cf74753f81","name":"admin"}]}},"_links":{"self":[{"href":"https:\/\/arteconfort.com\/pt-pt\/wp-json\/wp\/v2\/posts\/10915","targetHints":{"allow":["GET"]}}],"collection":[{"href":"https:\/\/arteconfort.com\/pt-pt\/wp-json\/wp\/v2\/posts"}],"about":[{"href":"https:\/\/arteconfort.com\/pt-pt\/wp-json\/wp\/v2\/types\/post"}],"author":[{"embeddable":true,"href":"https:\/\/arteconfort.com\/pt-pt\/wp-json\/wp\/v2\/users\/1"}],"replies":[{"embeddable":true,"href":"https:\/\/arteconfort.com\/pt-pt\/wp-json\/wp\/v2\/comments?post=10915"}],"version-history":[{"count":0,"href":"https:\/\/arteconfort.com\/pt-pt\/wp-json\/wp\/v2\/posts\/10915\/revisions"}],"wp:featuredmedia":[{"embeddable":true,"href":"https:\/\/arteconfort.com\/pt-pt\/wp-json\/wp\/v2\/media\/9388"}],"wp:attachment":[{"href":"https:\/\/arteconfort.com\/pt-pt\/wp-json\/wp\/v2\/media?parent=10915"}],"wp:term":[{"taxonomy":"category","embeddable":true,"href":"https:\/\/arteconfort.com\/pt-pt\/wp-json\/wp\/v2\/categories?post=10915"},{"taxonomy":"post_tag","embeddable":true,"href":"https:\/\/arteconfort.com\/pt-pt\/wp-json\/wp\/v2\/tags?post=10915"}],"curies":[{"name":"wp","href":"https:\/\/api.w.org\/{rel}","templated":true}]}}