{"id":12443,"date":"2021-06-28T10:03:09","date_gmt":"2021-06-28T08:03:09","guid":{"rendered":"https:\/\/arteconfort.com\/sem-categoria\/ahuyentar-mosquitos-con-ventiladores-de-techo\/"},"modified":"2021-08-04T08:21:19","modified_gmt":"2021-08-04T06:21:19","slug":"ahuyentar-mosquitos-con-ventiladores-de-techo","status":"publish","type":"post","link":"https:\/\/arteconfort.com\/pt-pt\/ventilador-de-techo-pt-pt\/ahuyentar-mosquitos-con-ventiladores-de-techo\/","title":{"rendered":"Como repelir mosquitos com ventiladores de tecto"},"content":{"rendered":"<div class=\"wpb-content-wrapper\"><p>[vc_row][vc_column][vc_empty_space][vc_column_text]Com a chegada do tempo quente, acolhemos a esta\u00e7\u00e3o dos mosquitos e, portanto, a esta\u00e7\u00e3o das picadas. O final da Primavera e o in\u00edcio do Ver\u00e3o s\u00e3o os meses em que estes insectos come\u00e7am a reproduzir-se, da\u00ed o maior n\u00famero de mosquitos que podemos encontrar.<\/p>\n<p>Em v\u00e1rias ocasi\u00f5es, provavelmente j\u00e1 ouviu dizer que os ventiladores de tecto t\u00eam uma fun\u00e7\u00e3o anti-mosquito, sendo esta uma caracter\u00edstica dos pr\u00f3prios ventiladores, pois \u00e9 o pr\u00f3prio funcionamento do ventilador de tecto que dificulta o voo destes insectos.[\/vc_column_text][vc_empty_space height=&#8221;60px&#8221;][\/vc_column][\/vc_row][vc_row][vc_column][wyde_heading title=&#8221;Como os mosquitos encontram os seus hospedeiros&#8221;][vc_column_text]Os mosquitos dependem do di\u00f3xido de carbono (CO2) que exalamos para nos localizar. Quando o fazemos, o di\u00f3xido de carbono nos nossos pulm\u00f5es n\u00e3o se mistura directamente com o ar, mas permanece durante algum tempo em plumas que os mosquitos seguem at\u00e9 chegarem ao seu hospedeiro. Por outras palavras, o ar que expelimos quando respiramos \u00e9 o guia dos mosquitos para n\u00f3s.<\/p>\n<p>Assim, quando ligamos o nosso ventilador, conseguimos dispersar o di\u00f3xido de carbono nas nossas salas, gra\u00e7as ao movimento das suas l\u00e2minas, e conseguimos quebrar o roteiro destes insectos.<\/p>\n<p>A utiliza\u00e7\u00e3o de ventiladores de tecto nas nossas salas torna mais dif\u00edcil para os mosquitos voarem e dispersa o CO2, o que \u00e9 um benef\u00edcio essencial para a nossa sa\u00fade, uma vez que uma sala mal ventilada pode afectar o nosso desempenho. O n\u00edvel recomendado de di\u00f3xido de carbono nas salas deve situar-se entre 400 partes por milh\u00e3o (ppm) e 800 ppm.[\/vc_column_text][vc_empty_space height=&#8221;60px&#8221;][\/vc_column][\/vc_row][vc_row][vc_column width=&#8221;3\/4&#8243;][wyde_action_box style=&#8221;outline round&#8221; title=&#8221;Descubra todos os nossos ventiladores de tecto&#8221; button_text=&#8221;Ver ventiladores de techo&#8221; link=&#8221;url:https%3A%2F%2Farteconfort.com%2Fclimatizacion%2Fventiladores-de-techo%2F|||&#8221; hover_color=&#8221;#61b4e4&#8243; bg_color=&#8221;#f5f5f5&#8243; css=&#8221;.vc_custom_1628057980476{background-color: #f5f5f5 !important;}&#8221;]D\u00ea uma olhada na nossa gama de modelos de ventiladores de tecto[\/wyde_action_box][\/vc_column][vc_column width=&#8221;1\/4&#8243;][vc_single_image img_size=&#8221;medium&#8221; style=&#8221;circle&#8221; image=&#8221;9672&#8243;][\/vc_column][\/vc_row][vc_row][vc_column][wyde_heading title=&#8221;Uma solu\u00e7\u00e3o amiga do ambiente para repelir os mosquitos&#8221;][vc_empty_space][vc_column_text]N\u00e3o \u00e9 um m\u00e9todo que faz milagres e elimina mosquitos do nosso meio, simplesmente afugenta-os, mas est\u00e1 provado que repele a sua presen\u00e7a, segundo a Associa\u00e7\u00e3o Americana de Controlo de Mosquitos.<\/p>\n<p>Lembre-se que existem tamb\u00e9m ventiladores de tecto ao ar livre que conseguem dispersar estes insectos voadores do nosso ambiente quando estamos no nosso terra\u00e7o ou no nosso jardim.<\/p>\n<p>Esta \u00e9 uma excelente op\u00e7\u00e3o para estes meses quentes, sem esquecer que o funcionamento destes dispositivos \u00e9 mais ecol\u00f3gico do que o ar condicionado e consome menos energia, gra\u00e7as aos motores CC.[\/vc_column_text][vc_empty_space][\/vc_column][\/vc_row][vc_row][vc_column width=&#8221;3\/4&#8243;][wyde_action_box style=&#8221;outline round&#8221; title=&#8221;Conhe\u00e7a os nossos ventiladores de tecto exterior&#8221; button_text=&#8221;Ver ventiladores de tecto&#8221; link=&#8221;url:https%3A%2F%2Farteconfort.com%2Fclimatizacion%2Fventiladores-de-techo%2Fventiladores-de-techo-para-uso-exterior%2F|||&#8221; hover_color=&#8221;#61b4e4&#8243; bg_color=&#8221;#f5f5f5&#8243; css=&#8221;.vc_custom_1628058106315{background-color: #f5f5f5 !important;}&#8221;]N\u00e3o perca os nossos modelos de ventiladores de tecto para uso exterior.[\/wyde_action_box][\/vc_column][vc_column width=&#8221;1\/4&#8243;][vc_single_image img_size=&#8221;medium&#8221; style=&#8221;circle&#8221; image=&#8221;10809&#8243;][\/vc_column][\/vc_row]<\/p>\n<\/div>","protected":false},"excerpt":{"rendered":"<p>[vc_row][vc_column][vc_empty_space][vc_column_text]Com a chegada do tempo quente, acolhemos a esta\u00e7\u00e3o dos mosquitos e, portanto, a esta\u00e7\u00e3o das picadas. O final da Primavera e o in\u00edcio do Ver\u00e3o s\u00e3o os meses em que estes insectos come\u00e7am a reproduzir-se, da\u00ed o maior n\u00famero de mosquitos que podemos encontrar. Em v\u00e1rias ocasi\u00f5es, provavelmente j\u00e1 ouviu dizer que os ventiladores [&hellip;]<\/p>\n","protected":false},"author":1,"featured_media":10831,"comment_status":"closed","ping_status":"open","sticky":false,"template":"","format":"standard","meta":{"footnotes":""},"categories":[293,316],"tags":[],"class_list":["post-12443","post","type-post","status-publish","format-standard","has-post-thumbnail","hentry","category-guias-ventiladores-pt-pt","category-ventilador-de-techo-pt-pt"],"yoast_head":"<!-- This site is optimized with the Yoast SEO plugin v26.5 - https:\/\/yoast.com\/wordpress\/plugins\/seo\/ -->\n<title>\u25b7 C\u00f3mo ahuyentar mosquitos con ventiladores de techo<\/title>\n<meta name=\"description\" content=\"El calor trae consigo la llegada de un mayor n\u00famero de mosquitos a nuestro alrededor. Con los ventiladores de techo podemos ahuyentar mosquitos.\" \/>\n<meta name=\"robots\" content=\"index, follow, max-snippet:-1, max-image-preview:large, max-video-preview:-1\" \/>\n<link rel=\"canonical\" href=\"https:\/\/arteconfort.com\/pt-pt\/ventilador-de-techo-pt-pt\/ahuyentar-mosquitos-con-ventiladores-de-techo\/\" \/>\n<meta property=\"og:locale\" content=\"pt_PT\" \/>\n<meta property=\"og:type\" content=\"article\" \/>\n<meta property=\"og:title\" content=\"\u25b7 C\u00f3mo ahuyentar mosquitos con ventiladores de techo\" \/>\n<meta property=\"og:description\" content=\"El calor trae consigo la llegada de un mayor n\u00famero de mosquitos a nuestro alrededor. Con los ventiladores de techo podemos ahuyentar mosquitos.\" \/>\n<meta property=\"og:url\" content=\"https:\/\/arteconfort.com\/pt-pt\/ventilador-de-techo-pt-pt\/ahuyentar-mosquitos-con-ventiladores-de-techo\/\" \/>\n<meta property=\"og:site_name\" content=\"Arteconfort\" \/>\n<meta property=\"article:published_time\" content=\"2021-06-28T08:03:09+00:00\" \/>\n<meta property=\"article:modified_time\" content=\"2021-08-04T06:21:19+00:00\" \/>\n<meta property=\"og:image\" content=\"https:\/\/arteconfort.com\/wp-content\/uploads\/2021\/06\/picadura-mosquito-1.jpg\" \/>\n\t<meta property=\"og:image:width\" content=\"800\" \/>\n\t<meta property=\"og:image:height\" content=\"533\" \/>\n\t<meta property=\"og:image:type\" content=\"image\/jpeg\" \/>\n<meta name=\"author\" content=\"admin\" \/>\n<meta name=\"twitter:card\" content=\"summary_large_image\" \/>\n<meta name=\"twitter:label1\" content=\"Escrito por\" \/>\n\t<meta name=\"twitter:data1\" content=\"admin\" \/>\n\t<meta name=\"twitter:label2\" content=\"Tempo estimado de leitura\" \/>\n\t<meta name=\"twitter:data2\" content=\"3 minutos\" \/>\n<!-- \/ Yoast SEO plugin. -->","yoast_head_json":{"title":"\u25b7 C\u00f3mo ahuyentar mosquitos con ventiladores de techo","description":"El calor trae consigo la llegada de un mayor n\u00famero de mosquitos a nuestro alrededor. Con los ventiladores de techo podemos ahuyentar mosquitos.","robots":{"index":"index","follow":"follow","max-snippet":"max-snippet:-1","max-image-preview":"max-image-preview:large","max-video-preview":"max-video-preview:-1"},"canonical":"https:\/\/arteconfort.com\/pt-pt\/ventilador-de-techo-pt-pt\/ahuyentar-mosquitos-con-ventiladores-de-techo\/","og_locale":"pt_PT","og_type":"article","og_title":"\u25b7 C\u00f3mo ahuyentar mosquitos con ventiladores de techo","og_description":"El calor trae consigo la llegada de un mayor n\u00famero de mosquitos a nuestro alrededor. Con los ventiladores de techo podemos ahuyentar mosquitos.","og_url":"https:\/\/arteconfort.com\/pt-pt\/ventilador-de-techo-pt-pt\/ahuyentar-mosquitos-con-ventiladores-de-techo\/","og_site_name":"Arteconfort","article_published_time":"2021-06-28T08:03:09+00:00","article_modified_time":"2021-08-04T06:21:19+00:00","og_image":[{"width":800,"height":533,"url":"https:\/\/arteconfort.com\/wp-content\/uploads\/2021\/06\/picadura-mosquito-1.jpg","type":"image\/jpeg"}],"author":"admin","twitter_card":"summary_large_image","twitter_misc":{"Escrito por":"admin","Tempo estimado de leitura":"3 minutos"},"schema":{"@context":"https:\/\/schema.org","@graph":[{"@type":"Article","@id":"https:\/\/arteconfort.com\/pt-pt\/ventilador-de-techo-pt-pt\/ahuyentar-mosquitos-con-ventiladores-de-techo\/#article","isPartOf":{"@id":"https:\/\/arteconfort.com\/pt-pt\/ventilador-de-techo-pt-pt\/ahuyentar-mosquitos-con-ventiladores-de-techo\/"},"author":{"name":"admin","@id":"https:\/\/arteconfort.com\/pt-pt\/#\/schema\/person\/12aac2f47430580713e1f2cf74753f81"},"headline":"Como repelir mosquitos com ventiladores de tecto","datePublished":"2021-06-28T08:03:09+00:00","dateModified":"2021-08-04T06:21:19+00:00","mainEntityOfPage":{"@id":"https:\/\/arteconfort.com\/pt-pt\/ventilador-de-techo-pt-pt\/ahuyentar-mosquitos-con-ventiladores-de-techo\/"},"wordCount":620,"publisher":{"@id":"https:\/\/arteconfort.com\/pt-pt\/#organization"},"image":{"@id":"https:\/\/arteconfort.com\/pt-pt\/ventilador-de-techo-pt-pt\/ahuyentar-mosquitos-con-ventiladores-de-techo\/#primaryimage"},"thumbnailUrl":"https:\/\/arteconfort.com\/wp-content\/uploads\/2021\/06\/picadura-mosquito-1.jpg","articleSection":["Gu\u00edas de ventiladores de techo","Ventilador de techo"],"inLanguage":"pt-PT"},{"@type":"WebPage","@id":"https:\/\/arteconfort.com\/pt-pt\/ventilador-de-techo-pt-pt\/ahuyentar-mosquitos-con-ventiladores-de-techo\/","url":"https:\/\/arteconfort.com\/pt-pt\/ventilador-de-techo-pt-pt\/ahuyentar-mosquitos-con-ventiladores-de-techo\/","name":"\u25b7 C\u00f3mo ahuyentar mosquitos con ventiladores de techo","isPartOf":{"@id":"https:\/\/arteconfort.com\/pt-pt\/#website"},"primaryImageOfPage":{"@id":"https:\/\/arteconfort.com\/pt-pt\/ventilador-de-techo-pt-pt\/ahuyentar-mosquitos-con-ventiladores-de-techo\/#primaryimage"},"image":{"@id":"https:\/\/arteconfort.com\/pt-pt\/ventilador-de-techo-pt-pt\/ahuyentar-mosquitos-con-ventiladores-de-techo\/#primaryimage"},"thumbnailUrl":"https:\/\/arteconfort.com\/wp-content\/uploads\/2021\/06\/picadura-mosquito-1.jpg","datePublished":"2021-06-28T08:03:09+00:00","dateModified":"2021-08-04T06:21:19+00:00","description":"El calor trae consigo la llegada de un mayor n\u00famero de mosquitos a nuestro alrededor. Con los ventiladores de techo podemos ahuyentar mosquitos.","breadcrumb":{"@id":"https:\/\/arteconfort.com\/pt-pt\/ventilador-de-techo-pt-pt\/ahuyentar-mosquitos-con-ventiladores-de-techo\/#breadcrumb"},"inLanguage":"pt-PT","potentialAction":[{"@type":"ReadAction","target":["https:\/\/arteconfort.com\/pt-pt\/ventilador-de-techo-pt-pt\/ahuyentar-mosquitos-con-ventiladores-de-techo\/"]}]},{"@type":"ImageObject","inLanguage":"pt-PT","@id":"https:\/\/arteconfort.com\/pt-pt\/ventilador-de-techo-pt-pt\/ahuyentar-mosquitos-con-ventiladores-de-techo\/#primaryimage","url":"https:\/\/arteconfort.com\/wp-content\/uploads\/2021\/06\/picadura-mosquito-1.jpg","contentUrl":"https:\/\/arteconfort.com\/wp-content\/uploads\/2021\/06\/picadura-mosquito-1.jpg","width":800,"height":533,"caption":"Mosquito sobre un dedo de persona"},{"@type":"BreadcrumbList","@id":"https:\/\/arteconfort.com\/pt-pt\/ventilador-de-techo-pt-pt\/ahuyentar-mosquitos-con-ventiladores-de-techo\/#breadcrumb","itemListElement":[{"@type":"ListItem","position":1,"name":"Inicio","item":"https:\/\/arteconfort.com\/pt-pt\/"},{"@type":"ListItem","position":2,"name":"Ventilador de techo","item":"https:\/\/arteconfort.com\/pt-pt\/ventilador-de-techo-pt-pt\/"},{"@type":"ListItem","position":3,"name":"Como repelir mosquitos com ventiladores de tecto"}]},{"@type":"WebSite","@id":"https:\/\/arteconfort.com\/pt-pt\/#website","url":"https:\/\/arteconfort.com\/pt-pt\/","name":"Arteconfort","description":"Especialistas en productos del hogar","publisher":{"@id":"https:\/\/arteconfort.com\/pt-pt\/#organization"},"potentialAction":[{"@type":"SearchAction","target":{"@type":"EntryPoint","urlTemplate":"https:\/\/arteconfort.com\/pt-pt\/?s={search_term_string}"},"query-input":{"@type":"PropertyValueSpecification","valueRequired":true,"valueName":"search_term_string"}}],"inLanguage":"pt-PT"},{"@type":"Organization","@id":"https:\/\/arteconfort.com\/pt-pt\/#organization","name":"Arteconfort","url":"https:\/\/arteconfort.com\/pt-pt\/","logo":{"@type":"ImageObject","inLanguage":"pt-PT","@id":"https:\/\/arteconfort.com\/pt-pt\/#\/schema\/logo\/image\/","url":"https:\/\/arteconfort.com\/wp-content\/uploads\/2019\/07\/logo-arteconfort.png","contentUrl":"https:\/\/arteconfort.com\/wp-content\/uploads\/2019\/07\/logo-arteconfort.png","width":230,"height":88,"caption":"Arteconfort"},"image":{"@id":"https:\/\/arteconfort.com\/pt-pt\/#\/schema\/logo\/image\/"}},{"@type":"Person","@id":"https:\/\/arteconfort.com\/pt-pt\/#\/schema\/person\/12aac2f47430580713e1f2cf74753f81","name":"admin"}]}},"_links":{"self":[{"href":"https:\/\/arteconfort.com\/pt-pt\/wp-json\/wp\/v2\/posts\/12443","targetHints":{"allow":["GET"]}}],"collection":[{"href":"https:\/\/arteconfort.com\/pt-pt\/wp-json\/wp\/v2\/posts"}],"about":[{"href":"https:\/\/arteconfort.com\/pt-pt\/wp-json\/wp\/v2\/types\/post"}],"author":[{"embeddable":true,"href":"https:\/\/arteconfort.com\/pt-pt\/wp-json\/wp\/v2\/users\/1"}],"replies":[{"embeddable":true,"href":"https:\/\/arteconfort.com\/pt-pt\/wp-json\/wp\/v2\/comments?post=12443"}],"version-history":[{"count":0,"href":"https:\/\/arteconfort.com\/pt-pt\/wp-json\/wp\/v2\/posts\/12443\/revisions"}],"wp:featuredmedia":[{"embeddable":true,"href":"https:\/\/arteconfort.com\/pt-pt\/wp-json\/wp\/v2\/media\/10831"}],"wp:attachment":[{"href":"https:\/\/arteconfort.com\/pt-pt\/wp-json\/wp\/v2\/media?parent=12443"}],"wp:term":[{"taxonomy":"category","embeddable":true,"href":"https:\/\/arteconfort.com\/pt-pt\/wp-json\/wp\/v2\/categories?post=12443"},{"taxonomy":"post_tag","embeddable":true,"href":"https:\/\/arteconfort.com\/pt-pt\/wp-json\/wp\/v2\/tags?post=12443"}],"curies":[{"name":"wp","href":"https:\/\/api.w.org\/{rel}","templated":true}]}}