{"id":13450,"date":"2021-09-06T13:39:24","date_gmt":"2021-09-06T11:39:24","guid":{"rendered":"https:\/\/arteconfort.com\/?p=13450"},"modified":"2021-11-10T15:54:37","modified_gmt":"2021-11-10T14:54:37","slug":"nueva-etiqueta-energetica-para-iluminacion","status":"publish","type":"post","link":"https:\/\/arteconfort.com\/pt-pt\/iluminacion-solar-exterior-pt-pt\/nueva-etiqueta-energetica-para-iluminacion\/","title":{"rendered":"Novo r\u00f3tulo energ\u00e9tico para l\u00e2mpadas e l\u00e2mpadas el\u00e9ctricas"},"content":{"rendered":"<div class=\"wpb-content-wrapper\"><p>[vc_row][vc_column][vc_empty_space][vc_column_text]A 1 de Setembro, o <strong>novo r\u00f3tulo energ\u00e9tico para fontes de ilumina\u00e7\u00e3o<\/strong> recebeu a luz verde. Esta altera\u00e7\u00e3o vem depois da aplicada \u00e0s m\u00e1quinas de lavar roupa, secadores de roupa, m\u00e1quinas de lavar lou\u00e7a, frigor\u00edficos, televisores e monitores a 1 de Mar\u00e7o.<\/p>\n<p>O que significa que os aparelhos el\u00e9ctricos s\u00e3o reconhecidos por esta etiqueta? Em 1995, esta norma come\u00e7ou a ser utilizada para <strong>agrupar aparelhos electrodom\u00e9sticos de acordo com a sua efici\u00eancia energ\u00e9tica<\/strong>. Desta forma, o consumidor pode saber se o aparelho a adquirir consome mais ou menos energia e, com base nisso, tomar uma decis\u00e3o.<\/p>\n<p>Desde esta primeira rotulagem, temos assistido a muitas mudan\u00e7as na sociedade. Entre eles est\u00e1 uma maior consci\u00eancia da protec\u00e7\u00e3o ambiental. O objectivo da UE com esta legisla\u00e7\u00e3o \u00e9 deixar claro <strong>aos consumidores qual \u00e9 a op\u00e7\u00e3o mais eficiente<\/strong>, &#8220;que os ajudar\u00e1 a poupar energia e dinheiro nas suas contas&#8221;, explicou <a href=\"https:\/\/euroefe.euractiv.es\/section\/economia-y-empleo\/news\/la-ue-estrena-este-miercoles-una-etiqueta-energetica-mas-estricta-para-los-productos-de-iluminacion\/\" target=\"_blank\" rel=\"noopener noreferrer\">Kadri Simon<\/a>, Comiss\u00e1rio Europeu para a Energia.[\/vc_column_text][vc_empty_space height=&#8221;60px&#8221;][\/vc_column][\/vc_row][vc_row][vc_column][wyde_heading style=&#8221;2&#8243; text_align=&#8221;center&#8221; title=&#8221;Diferen\u00e7as entre a antiga e a nova rotulagem energ\u00e9tica&#8221;][vc_empty_space][vc_column_text]Como se podia ver, a antiga rotulagem A+, A++ e A++++ deu pouca <strong>motiva\u00e7\u00e3o para comprar produtos eficientes<\/strong> em compara\u00e7\u00e3o com os que s\u00e3o classificados numa escala A (mais eficientes) e G (menos eficientes).<\/p>\n<p>A fim de encorajar os consumidores a comprar produtos de lumin\u00e1rias ambientalmente respons\u00e1veis com menor consumo de energia, os r\u00f3tulos do novo regulamento incorporam 7 classes, de A a G, <strong>onde A \u00e9 reservado para melhorias tecnol\u00f3gicas<\/strong>. Assim, os produtos mais bem classificados que encontraremos ser\u00e3o de classe B, enquanto que os r\u00f3tulos mais comuns que veremos ser\u00e3o de classe D e abaixo.<\/p>\n<p>Outra novidade do r\u00f3tulo \u00e9 o <strong>c\u00f3digo QR<\/strong>, que os consumidores podem digitalizar com os seus telem\u00f3veis para obterem informa\u00e7\u00f5es extra sobre o produto.[\/vc_column_text][vc_empty_space][vc_single_image img_size=&#8221;medium&#8221; alignment=&#8221;center&#8221; image=&#8221;13387&#8243;][vc_empty_space height=&#8221;60px&#8221;][\/vc_column][\/vc_row][vc_row][vc_column][wyde_heading text_align=&#8221;center&#8221; title=&#8221;O r\u00f3tulo energ\u00e9tico: uma necessidade da sociedade&#8221;][vc_column_text]Aproximadamente<strong> 12% do consumo de energia de uma fam\u00edlia \u00e9 gasto em ilumina\u00e7\u00e3o<\/strong>. Por esta raz\u00e3o, o novo r\u00f3tulo energ\u00e9tico \u00e9 uma das mudan\u00e7as mais significativas em termos de efici\u00eancia energ\u00e9tica, n\u00e3o s\u00f3 para as nossas casas, mas tamb\u00e9m para o ambiente.<\/p>\n<p>O r\u00f3tulo energ\u00e9tico n\u00e3o \u00e9 uma fun\u00e7\u00e3o suplementar na embalagem, \u00e9 uma necessidade para o futuro de todos n\u00f3s habituarmo-nos a olhar para a efici\u00eancia do produto antes de o comprarmos, uma vez que \u00e9 o factor mais importante. Neste artigo, recomendamos que <strong>verifique a sua tarifa de electricidade para que n\u00e3o gaste em excesso<\/strong>, mas que gaste a quantia necess\u00e1ria. O mesmo se aplica quando vamos comprar uma l\u00e2mpada ou l\u00e2mpada, pois devemos verificar se o poder do artigo \u00e9 o que precisamos.<\/p>\n<p>Se tudo correr como planeado, a Comiss\u00e3o Europeia espera que estas altera\u00e7\u00f5es poupem 7 milh\u00f5es de toneladas de di\u00f3xido de carbono (CO2) por ano daqui at\u00e9 2030. Isto \u00e9 importante porque ainda <strong>h\u00e1 tempo para salvar o planeta<\/strong>, como explicado num relat\u00f3rio da <a href=\"https:\/\/eur-lex.europa.eu\/legal-content\/ES\/TXT\/PDF\/?uri=CELEX:52020DC0562&amp;from=EN\" target=\"_blank\" rel=\"noopener noreferrer\">Comiss\u00e3o Europeia de 2020<\/a>: &#8220;as mudan\u00e7as necess\u00e1rias ap\u00f3s 2030 ter\u00e3o de acontecer a uma velocidade impratic\u00e1vel&#8221;.[\/vc_column_text][vc_empty_space height=&#8221;60px&#8221;][\/vc_column][\/vc_row][vc_row][vc_column width=&#8221;3\/4&#8243;][wyde_action_box title=&#8221;Descubra os nossos produtos de ilumina\u00e7\u00e3o LED&#8221; bg_color=&#8221;#f5f5f5&#8243; button_text=&#8221;Ver ilumina\u00e7\u00e3o&#8221; link=&#8221;url:https%3A%2F%2Farteconfort.com%2Fpt-pt%2Filuminacion%2F||target:%20_blank|&#8221; button_color=&#8221;#61b4e4&#8243; css=&#8221;.vc_custom_1634711382788{background-color: #f5f5f5 !important;}&#8221;]Ilumine a sua casa com os nossos produtos de ilumina\u00e7\u00e3o, desde flexos, l\u00e2mpadas de n\u00e9on, pingentes, etc.[\/wyde_action_box][\/vc_column][vc_column width=&#8221;1\/4&#8243;][vc_single_image img_size=&#8221;medium&#8221; alignment=&#8221;center&#8221; image=&#8221;10067&#8243;][\/vc_column][\/vc_row]<\/p>\n<\/div>","protected":false},"excerpt":{"rendered":"<p>[vc_row][vc_column][vc_empty_space][vc_column_text]A 1 de Setembro, o novo r\u00f3tulo energ\u00e9tico para fontes de ilumina\u00e7\u00e3o recebeu a luz verde. Esta altera\u00e7\u00e3o vem depois da aplicada \u00e0s m\u00e1quinas de lavar roupa, secadores de roupa, m\u00e1quinas de lavar lou\u00e7a, frigor\u00edficos, televisores e monitores a 1 de Mar\u00e7o. O que significa que os aparelhos el\u00e9ctricos s\u00e3o reconhecidos por esta etiqueta? Em [&hellip;]<\/p>\n","protected":false},"author":1,"featured_media":13446,"comment_status":"closed","ping_status":"open","sticky":false,"template":"","format":"standard","meta":{"footnotes":""},"categories":[314],"tags":[436,442,437,443,646,647,837,838,430,431],"class_list":["post-13450","post","type-post","status-publish","format-standard","has-post-thumbnail","hentry","category-iluminacion-solar-exterior-pt-pt","tag-436","tag-430-pt-pt","tag-437","tag-431-pt-pt","tag-646","tag-647","tag-837","tag-838","tag-etiqueta-energetica-pt-pt","tag-luz-led-pt-pt"],"yoast_head":"<!-- This site is optimized with the Yoast SEO plugin v26.5 - https:\/\/yoast.com\/wordpress\/plugins\/seo\/ -->\n<title>\u25b7 Novo r\u00f3tulo energ\u00e9tico para l\u00e2mpadas e l\u00e2mpadas el\u00e9ctricas<\/title>\n<meta name=\"description\" content=\"O novo r\u00f3tulo energ\u00e9tico para ilumina\u00e7\u00e3o (l\u00e2mpadas e l\u00e2mpadas) recebeu a luz verde a 1 de Setembro.\" \/>\n<meta name=\"robots\" content=\"index, follow, max-snippet:-1, max-image-preview:large, max-video-preview:-1\" \/>\n<link rel=\"canonical\" href=\"https:\/\/arteconfort.com\/pt-pt\/iluminacion-solar-exterior-pt-pt\/nueva-etiqueta-energetica-para-iluminacion\/\" \/>\n<meta property=\"og:locale\" content=\"pt_PT\" \/>\n<meta property=\"og:type\" content=\"article\" \/>\n<meta property=\"og:title\" content=\"\u25b7 Novo r\u00f3tulo energ\u00e9tico para l\u00e2mpadas e l\u00e2mpadas el\u00e9ctricas\" \/>\n<meta property=\"og:description\" content=\"O novo r\u00f3tulo energ\u00e9tico para ilumina\u00e7\u00e3o (l\u00e2mpadas e l\u00e2mpadas) recebeu a luz verde a 1 de Setembro.\" \/>\n<meta property=\"og:url\" content=\"https:\/\/arteconfort.com\/pt-pt\/iluminacion-solar-exterior-pt-pt\/nueva-etiqueta-energetica-para-iluminacion\/\" \/>\n<meta property=\"og:site_name\" content=\"Arteconfort\" \/>\n<meta property=\"article:published_time\" content=\"2021-09-06T11:39:24+00:00\" \/>\n<meta property=\"article:modified_time\" content=\"2021-11-10T14:54:37+00:00\" \/>\n<meta property=\"og:image\" content=\"https:\/\/arteconfort.com\/wp-content\/uploads\/2021\/09\/foto-principal-etiquetado-1.jpg\" \/>\n\t<meta property=\"og:image:width\" content=\"800\" \/>\n\t<meta property=\"og:image:height\" content=\"500\" \/>\n\t<meta property=\"og:image:type\" content=\"image\/jpeg\" \/>\n<meta name=\"author\" content=\"admin\" \/>\n<meta name=\"twitter:card\" content=\"summary_large_image\" \/>\n<meta name=\"twitter:label1\" content=\"Escrito por\" \/>\n\t<meta name=\"twitter:data1\" content=\"admin\" \/>\n\t<meta name=\"twitter:label2\" content=\"Tempo estimado de leitura\" \/>\n\t<meta name=\"twitter:data2\" content=\"4 minutos\" \/>\n<!-- \/ Yoast SEO plugin. -->","yoast_head_json":{"title":"\u25b7 Novo r\u00f3tulo energ\u00e9tico para l\u00e2mpadas e l\u00e2mpadas el\u00e9ctricas","description":"O novo r\u00f3tulo energ\u00e9tico para ilumina\u00e7\u00e3o (l\u00e2mpadas e l\u00e2mpadas) recebeu a luz verde a 1 de Setembro.","robots":{"index":"index","follow":"follow","max-snippet":"max-snippet:-1","max-image-preview":"max-image-preview:large","max-video-preview":"max-video-preview:-1"},"canonical":"https:\/\/arteconfort.com\/pt-pt\/iluminacion-solar-exterior-pt-pt\/nueva-etiqueta-energetica-para-iluminacion\/","og_locale":"pt_PT","og_type":"article","og_title":"\u25b7 Novo r\u00f3tulo energ\u00e9tico para l\u00e2mpadas e l\u00e2mpadas el\u00e9ctricas","og_description":"O novo r\u00f3tulo energ\u00e9tico para ilumina\u00e7\u00e3o (l\u00e2mpadas e l\u00e2mpadas) recebeu a luz verde a 1 de Setembro.","og_url":"https:\/\/arteconfort.com\/pt-pt\/iluminacion-solar-exterior-pt-pt\/nueva-etiqueta-energetica-para-iluminacion\/","og_site_name":"Arteconfort","article_published_time":"2021-09-06T11:39:24+00:00","article_modified_time":"2021-11-10T14:54:37+00:00","og_image":[{"width":800,"height":500,"url":"https:\/\/arteconfort.com\/wp-content\/uploads\/2021\/09\/foto-principal-etiquetado-1.jpg","type":"image\/jpeg"}],"author":"admin","twitter_card":"summary_large_image","twitter_misc":{"Escrito por":"admin","Tempo estimado de leitura":"4 minutos"},"schema":{"@context":"https:\/\/schema.org","@graph":[{"@type":"Article","@id":"https:\/\/arteconfort.com\/pt-pt\/iluminacion-solar-exterior-pt-pt\/nueva-etiqueta-energetica-para-iluminacion\/#article","isPartOf":{"@id":"https:\/\/arteconfort.com\/pt-pt\/iluminacion-solar-exterior-pt-pt\/nueva-etiqueta-energetica-para-iluminacion\/"},"author":{"name":"admin","@id":"https:\/\/arteconfort.com\/pt-pt\/#\/schema\/person\/12aac2f47430580713e1f2cf74753f81"},"headline":"Novo r\u00f3tulo energ\u00e9tico para l\u00e2mpadas e l\u00e2mpadas el\u00e9ctricas","datePublished":"2021-09-06T11:39:24+00:00","dateModified":"2021-11-10T14:54:37+00:00","mainEntityOfPage":{"@id":"https:\/\/arteconfort.com\/pt-pt\/iluminacion-solar-exterior-pt-pt\/nueva-etiqueta-energetica-para-iluminacion\/"},"wordCount":719,"publisher":{"@id":"https:\/\/arteconfort.com\/pt-pt\/#organization"},"image":{"@id":"https:\/\/arteconfort.com\/pt-pt\/iluminacion-solar-exterior-pt-pt\/nueva-etiqueta-energetica-para-iluminacion\/#primaryimage"},"thumbnailUrl":"https:\/\/arteconfort.com\/wp-content\/uploads\/2021\/09\/foto-principal-etiquetado-1.jpg","keywords":["430","430","431","431","442","443","646","647","Etiqueta Energ\u00e9tica","Luz LED"],"articleSection":["Iluminaci\u00f3n solar exterior"],"inLanguage":"pt-PT"},{"@type":"WebPage","@id":"https:\/\/arteconfort.com\/pt-pt\/iluminacion-solar-exterior-pt-pt\/nueva-etiqueta-energetica-para-iluminacion\/","url":"https:\/\/arteconfort.com\/pt-pt\/iluminacion-solar-exterior-pt-pt\/nueva-etiqueta-energetica-para-iluminacion\/","name":"\u25b7 Novo r\u00f3tulo energ\u00e9tico para l\u00e2mpadas e l\u00e2mpadas el\u00e9ctricas","isPartOf":{"@id":"https:\/\/arteconfort.com\/pt-pt\/#website"},"primaryImageOfPage":{"@id":"https:\/\/arteconfort.com\/pt-pt\/iluminacion-solar-exterior-pt-pt\/nueva-etiqueta-energetica-para-iluminacion\/#primaryimage"},"image":{"@id":"https:\/\/arteconfort.com\/pt-pt\/iluminacion-solar-exterior-pt-pt\/nueva-etiqueta-energetica-para-iluminacion\/#primaryimage"},"thumbnailUrl":"https:\/\/arteconfort.com\/wp-content\/uploads\/2021\/09\/foto-principal-etiquetado-1.jpg","datePublished":"2021-09-06T11:39:24+00:00","dateModified":"2021-11-10T14:54:37+00:00","description":"O novo r\u00f3tulo energ\u00e9tico para ilumina\u00e7\u00e3o (l\u00e2mpadas e l\u00e2mpadas) recebeu a luz verde a 1 de Setembro.","breadcrumb":{"@id":"https:\/\/arteconfort.com\/pt-pt\/iluminacion-solar-exterior-pt-pt\/nueva-etiqueta-energetica-para-iluminacion\/#breadcrumb"},"inLanguage":"pt-PT","potentialAction":[{"@type":"ReadAction","target":["https:\/\/arteconfort.com\/pt-pt\/iluminacion-solar-exterior-pt-pt\/nueva-etiqueta-energetica-para-iluminacion\/"]}]},{"@type":"ImageObject","inLanguage":"pt-PT","@id":"https:\/\/arteconfort.com\/pt-pt\/iluminacion-solar-exterior-pt-pt\/nueva-etiqueta-energetica-para-iluminacion\/#primaryimage","url":"https:\/\/arteconfort.com\/wp-content\/uploads\/2021\/09\/foto-principal-etiquetado-1.jpg","contentUrl":"https:\/\/arteconfort.com\/wp-content\/uploads\/2021\/09\/foto-principal-etiquetado-1.jpg","width":800,"height":500,"caption":"Tarjeta energ\u00e9tica nueva y antigua"},{"@type":"BreadcrumbList","@id":"https:\/\/arteconfort.com\/pt-pt\/iluminacion-solar-exterior-pt-pt\/nueva-etiqueta-energetica-para-iluminacion\/#breadcrumb","itemListElement":[{"@type":"ListItem","position":1,"name":"Inicio","item":"https:\/\/arteconfort.com\/pt-pt\/"},{"@type":"ListItem","position":2,"name":"Iluminaci\u00f3n solar exterior","item":"https:\/\/arteconfort.com\/pt-pt\/iluminacion-solar-exterior-pt-pt\/"},{"@type":"ListItem","position":3,"name":"Novo r\u00f3tulo energ\u00e9tico para l\u00e2mpadas e l\u00e2mpadas el\u00e9ctricas"}]},{"@type":"WebSite","@id":"https:\/\/arteconfort.com\/pt-pt\/#website","url":"https:\/\/arteconfort.com\/pt-pt\/","name":"Arteconfort","description":"Especialistas en productos del hogar","publisher":{"@id":"https:\/\/arteconfort.com\/pt-pt\/#organization"},"potentialAction":[{"@type":"SearchAction","target":{"@type":"EntryPoint","urlTemplate":"https:\/\/arteconfort.com\/pt-pt\/?s={search_term_string}"},"query-input":{"@type":"PropertyValueSpecification","valueRequired":true,"valueName":"search_term_string"}}],"inLanguage":"pt-PT"},{"@type":"Organization","@id":"https:\/\/arteconfort.com\/pt-pt\/#organization","name":"Arteconfort","url":"https:\/\/arteconfort.com\/pt-pt\/","logo":{"@type":"ImageObject","inLanguage":"pt-PT","@id":"https:\/\/arteconfort.com\/pt-pt\/#\/schema\/logo\/image\/","url":"https:\/\/arteconfort.com\/wp-content\/uploads\/2019\/07\/logo-arteconfort.png","contentUrl":"https:\/\/arteconfort.com\/wp-content\/uploads\/2019\/07\/logo-arteconfort.png","width":230,"height":88,"caption":"Arteconfort"},"image":{"@id":"https:\/\/arteconfort.com\/pt-pt\/#\/schema\/logo\/image\/"}},{"@type":"Person","@id":"https:\/\/arteconfort.com\/pt-pt\/#\/schema\/person\/12aac2f47430580713e1f2cf74753f81","name":"admin"}]}},"_links":{"self":[{"href":"https:\/\/arteconfort.com\/pt-pt\/wp-json\/wp\/v2\/posts\/13450","targetHints":{"allow":["GET"]}}],"collection":[{"href":"https:\/\/arteconfort.com\/pt-pt\/wp-json\/wp\/v2\/posts"}],"about":[{"href":"https:\/\/arteconfort.com\/pt-pt\/wp-json\/wp\/v2\/types\/post"}],"author":[{"embeddable":true,"href":"https:\/\/arteconfort.com\/pt-pt\/wp-json\/wp\/v2\/users\/1"}],"replies":[{"embeddable":true,"href":"https:\/\/arteconfort.com\/pt-pt\/wp-json\/wp\/v2\/comments?post=13450"}],"version-history":[{"count":0,"href":"https:\/\/arteconfort.com\/pt-pt\/wp-json\/wp\/v2\/posts\/13450\/revisions"}],"wp:featuredmedia":[{"embeddable":true,"href":"https:\/\/arteconfort.com\/pt-pt\/wp-json\/wp\/v2\/media\/13446"}],"wp:attachment":[{"href":"https:\/\/arteconfort.com\/pt-pt\/wp-json\/wp\/v2\/media?parent=13450"}],"wp:term":[{"taxonomy":"category","embeddable":true,"href":"https:\/\/arteconfort.com\/pt-pt\/wp-json\/wp\/v2\/categories?post=13450"},{"taxonomy":"post_tag","embeddable":true,"href":"https:\/\/arteconfort.com\/pt-pt\/wp-json\/wp\/v2\/tags?post=13450"}],"curies":[{"name":"wp","href":"https:\/\/api.w.org\/{rel}","templated":true}]}}