{"id":14872,"date":"2021-10-28T10:10:27","date_gmt":"2021-10-28T08:10:27","guid":{"rendered":"https:\/\/arteconfort.com\/?p=14872"},"modified":"2023-07-17T11:47:36","modified_gmt":"2023-07-17T09:47:36","slug":"funcionamiento-de-los-paneles-solares","status":"publish","type":"post","link":"https:\/\/arteconfort.com\/pt-pt\/iluminacion-solar-exterior-pt-pt\/funcionamiento-de-los-paneles-solares\/","title":{"rendered":"Hist\u00f3ria e funcionamento dos pain\u00e9is solares"},"content":{"rendered":"<div class=\"wpb-content-wrapper\"><p>[vc_row][vc_column][vc_empty_space][wyde_heading style=&#8221;2&#8243; text_align=&#8221;center&#8221; title=&#8221;Todos n\u00f3s podemos ser geradores da nossa pr\u00f3pria energia&#8221;][vc_column_text]Nos \u00faltimos anos, a produ\u00e7\u00e3o de electricidade solar subiu nas fileiras de outros tipos de produ\u00e7\u00e3o de electricidade. H\u00e1 dez anos, os <strong>pain\u00e9is solares<\/strong> eram utilizados exclusivamente por empresas ou lares com uma economia dom\u00e9stica elevada. Actualmente, cada vez mais pessoas optam por este tipo de ilumina\u00e7\u00e3o nas suas casas.<\/p>\n<p>A utiliza\u00e7\u00e3o de energias renov\u00e1veis \u00e9 uma necessidade se quisermos cumprir os Objectivos de Desenvolvimento Sustent\u00e1vel (ODS) da Agenda 2030 e atingir emiss\u00f5es zero at\u00e9 2050. Tudo isto, com o objectivo de <strong>abrandar o avan\u00e7o das altera\u00e7\u00f5es clim\u00e1ticas<\/strong> e, como consequ\u00eancia, o aumento da temperatura global da Terra.<\/p>\n<p>De acordo com a Bloomerang New Energy Finance (BNFE) New Energy Outlook (<a href=\"https:\/\/about.bnef.com\/new-energy-outlook\/#toc-download\" target=\"_blank\" rel=\"noopener noreferrer\">NEO<\/a>) 2018, o papel da energia e\u00f3lica e solar est\u00e1 a tornar-se cada vez mais importante. &#8220;At\u00e9 2050, as tecnologias e\u00f3licas e solares<strong> fornecer\u00e3o 48%<\/strong> da electricidade total. Enquanto que as energias h\u00eddrica, nuclear e outras renov\u00e1veis fornecer\u00e3o 23% da electricidade com emiss\u00f5es zero&#8221;, explicam eles.[\/vc_column_text][vc_empty_space][vc_column_text]Mas n\u00e3o s\u00f3 isso, a Espanha ocupa o terceiro lugar entre os principais mercados solares, atr\u00e1s da Alemanha e dos Pa\u00edses Baixos, como relatado pela <a href=\"https:\/\/www.solarpowereurope.org\/european-market-outlook-for-solar-power-2020-2024\/\" target=\"_blank\" rel=\"noopener noreferrer\">Solar Power Europe<\/a>. Al\u00e9m disso, apesar da pandemia COVID-19, 596 megawatts (MW) de capacidade fotovoltaica para auto-consumo foram instalados em 2020, representando um aumento de 30% em rela\u00e7\u00e3o a 2019.<\/p>\n<p>A sociedade est\u00e1 cada vez mais consciente da <strong>import\u00e2ncia de gerar energia limpa e verde<\/strong> para o nosso futuro e o das gera\u00e7\u00f5es futuras. A ilumina\u00e7\u00e3o solar est\u00e1 ao alcance de todos, &#8220;as pessoas est\u00e3o cada vez mais a optar por produtos solares para iluminar e decorar os seus exteriores&#8221;, diz Javier Zorrilla, CEO da Arteconfort. Segundo n\u00fameros compilados pela empresa, mais de 330.000 unidades das l\u00e2mpadas solares da marca foram vendidas em 2020.<\/p>\n<p>Neste artigo explicamos tudo o que precisa de saber para come\u00e7ar no <strong>mundo da energia solar<\/strong>.[\/vc_column_text][vc_empty_space height=&#8221;100px&#8221;][\/vc_column][\/vc_row][vc_row][vc_column][wyde_heading style=&#8221;2&#8243; title_tag=&#8221;h3&#8243; text_align=&#8221;center&#8221; title=&#8221;O surgimento do primeiro painel solar&#8221;][vc_column_text]Foi-nos ensinado na escola que uma das principais caracter\u00edsticas da ci\u00eancia \u00e9 a colabora\u00e7\u00e3o, e o surgimento de pain\u00e9is solares \u00e9 um exemplo disso mesmo. O primeiro a aparecer em cena foi Edmund Becquerel, em 1839, com a descoberta do <strong>efeito fotovoltaico<\/strong>, enquanto experimentava com uma c\u00e9lula feita de el\u00e9ctrodos met\u00e1licos numa solu\u00e7\u00e3o condutora. Ele percebeu que a c\u00e9lula produzia mais energia quando exposta \u00e0 luz solar.<\/p>\n<p>Seguindo-o, em 1873, Willoughby descobriu que o sel\u00e9nio poderia funcionar como um fotocondutor. Tr\u00eas anos mais tarde, William Grylls e Richad Evans aplicaram o princ\u00edpio fotovoltaico encontrado por Becquerel ao sel\u00e9nio. Os dois perceberam que o elemento qu\u00edmico tinha a capacidade de<strong> gerar electricidade<\/strong> quando exposto \u00e0 luz.[\/vc_column_text][vc_empty_space height=&#8221;80px&#8221;][vc_single_image img_size=&#8221;medium&#8221; alignment=&#8221;center&#8221; image=&#8221;14775&#8243;][vc_empty_space height=&#8221;80px&#8221;][vc_column_text]Foi apenas cinquenta anos mais tarde que Charles Fritz criou a<strong> primeira c\u00e9lula solar<\/strong> de sel\u00e9nio funcional. Este seria o principal precursor das c\u00e9lulas solares actuais, uma vez que as c\u00e9lulas dos pain\u00e9is solares actuais s\u00e3o feitas de sil\u00edcio. Um avan\u00e7o foi desenvolvido nos Laborat\u00f3rios Bell em 1954, onde Daryl Chapin, Calvin Fuller e Gerald Pearson fizeram uma c\u00e9lula solar a partir de silicone.<\/p>\n<p>A primeira utiliza\u00e7\u00e3o pr\u00e1tica desta descoberta de<strong> c\u00e9lulas fotovoltaicas<\/strong> foi nos dois primeiros sat\u00e9lites geoestacion\u00e1rios da Uni\u00e3o Sovi\u00e9tica (URSS) e dos Estados Unidos da Am\u00e9rica (EUA).[\/vc_column_text][vc_empty_space height=&#8221;100px&#8221;][\/vc_column][\/vc_row][vc_row][vc_column][wyde_heading style=&#8221;2&#8243; title_tag=&#8221;h3&#8243; text_align=&#8221;center&#8221; title=&#8221;Tipos e caracter\u00edsticas dos pain\u00e9is solares&#8221;][vc_column_text]Voltando \u00e0 actualidade, a utiliza\u00e7\u00e3o de pain\u00e9is solares atingiu n\u00edveis recorde na Europa neste Ver\u00e3o. Pela primeira vez, a <strong>produ\u00e7\u00e3o de energia solar<\/strong> atingiu em m\u00e9dia 10% nos pa\u00edses da Uni\u00e3o Europeia (UE) em Junho e Julho, de acordo com o <a href=\"https:\/\/ember-climate.org\/commentary\/2021\/08\/18\/eu-solar-power-hits-new-record-peak-this-summer\/\" target=\"_blank\" rel=\"noopener noreferrer\">think tank Ember<\/a>.<\/p>\n<p>Antes de comprar um produto solar, \u00e9 aconselh\u00e1vel conhecer os <strong>tipos de pain\u00e9is solares<\/strong> que existem hoje em dia, a fim de fazer uma boa escolha. Como mencionado acima, os pain\u00e9is solares actuais s\u00e3o feitos de sil\u00edcio, o segundo elemento mais abundante na crosta terrestre, que \u00e9 extra\u00eddo. O processo de transforma\u00e7\u00e3o do mineral d\u00e1 origem ao sil\u00edcio monocristalino e policristalino.[\/vc_column_text][vc_empty_space height=&#8221;80px&#8221;][vc_single_image img_size=&#8221;medium&#8221; alignment=&#8221;center&#8221; image=&#8221;14780&#8243;][vc_empty_space height=&#8221;100px&#8221;][\/vc_column][\/vc_row][vc_row][vc_column][wyde_heading style=&#8221;2&#8243; title_tag=&#8221;h4&#8243; text_align=&#8221;center&#8221; title=&#8221;Fases que transformam o sil\u00edcio num m\u00f3dulo solar&#8221;][vc_column_text]Para compreender como funcionam os pain\u00e9is solares, a primeira coisa a saber \u00e9 como eles s\u00e3o feitos:<\/p>\n<ol>\n<li>O passo chave \u00e9 <strong>recolher o sil\u00edcio<\/strong> de uma mina e depois purific\u00e1-lo.<\/li>\n<li>Uma vez purificado, o material \u00e9 <strong>derretido em cadinhos e s\u00e3o obtidos lingotes<\/strong>, que podem ser quadrados, se quisermos sil\u00edcio policristalino, ou cil\u00edndricos, se quisermos sil\u00edcio monocristalino.<\/li>\n<li>Estes lingotes <strong>s\u00e3o cortados em folhas finas<\/strong>, obtendo-se as bolachas, o substrato onde os v\u00e1rios processos qu\u00edmicos s\u00e3o realizados at\u00e9 \u00e0 obten\u00e7\u00e3o das c\u00e9lulas.<\/li>\n<li>Uma vez que tenhamos a c\u00e9lula solar, caracterizada por ser mais fina que uma casca de ovo, a<strong> sua montagem deve<\/strong> ser efectuada por m\u00e1quinas muito espec\u00edficas que tratem o material com a delicadeza de que necessita.<\/li>\n<li>Finalmente,<strong> obtemos o m\u00f3dulo solar<\/strong>, que \u00e9 um conjunto de c\u00e9lulas montadas e ligadas umas \u00e0s outras.<\/li>\n<\/ol>\n<p>[\/vc_column_text][vc_empty_space height=&#8221;100px&#8221;][\/vc_column][\/vc_row][vc_row][vc_column][wyde_heading style=&#8221;2&#8243; title_tag=&#8221;h4&#8243; text_align=&#8221;center&#8221; title=&#8221;Diferen\u00e7as entre pain\u00e9is monocristalinos e policristalinos&#8221;][vc_column_text]A este respeito, os <strong>pain\u00e9is monocristalinos<\/strong> caracterizam-se por uma elevada efici\u00eancia energ\u00e9tica com uma efici\u00eancia de at\u00e9 24%. S\u00e3o mais lentos de fabricar e ligeiramente mais eficientes. Podemos distinguir este tipo de painel pela sua cor preta e os cantos biselados. Por ser um painel mais caro, destina-se geralmente a uso profissional.<\/p>\n<p>Os <strong>pain\u00e9is policristalinos<\/strong>, por outro lado, s\u00e3o mais r\u00e1pidos de aquecer e s\u00e3o mais baratos e mais r\u00e1pidos de fabricar, tornando-os um tipo de painel destinado a uso dom\u00e9stico. Caracteriza-se pela sua elevada efici\u00eancia, atingindo 19% de efici\u00eancia e distingue-se pelos seus cantos em \u00e2ngulo recto e pela sua cor azul.<\/p>\n<p>Al\u00e9m disso, ao escolher um painel solar, o tipo de encapsulamento do painel, ou seja, o s<a href=\"https:\/\/arteconfort.com\/pt-pt\/iluminacion-solar-exterior-pt-pt\/como-funciona-la-iluminacion-solar-de-jardin\/\" target=\"_blank\" rel=\"noopener noreferrer\">eu revestimento, e as baterias a serem alimentadas devem ser levados em conta<\/a>.[\/vc_column_text][vc_empty_space height=&#8221;40px&#8221;][vc_row_inner][vc_column_inner width=&#8221;1\/2&#8243;][wyde_heading title_tag=&#8221;h5&#8243; text_align=&#8221;center&#8221; title=&#8221;Painel monocristalino&#8221;][vc_single_image img_size=&#8221;medium&#8221; alignment=&#8221;center&#8221; image=&#8221;8376&#8243;][\/vc_column_inner][vc_column_inner width=&#8221;1\/2&#8243;][wyde_heading title_tag=&#8221;h5&#8243; text_align=&#8221;center&#8221; title=&#8221;Painel policristalino&#8221;][vc_single_image img_size=&#8221;medium&#8221; alignment=&#8221;center&#8221; image=&#8221;8380&#8243;][\/vc_column_inner][\/vc_row_inner][\/vc_column][\/vc_row][vc_row][vc_column][vc_empty_space height=&#8221;100px&#8221;][wyde_heading style=&#8221;2&#8243; title_tag=&#8221;h3&#8243; text_align=&#8221;center&#8221; title=&#8221;Como funcionam os pain\u00e9is solares&#8221;][vc_column_text]O<strong> funcionamento de um painel solar<\/strong> gera frequentemente curiosidade entre a popula\u00e7\u00e3o, e \u00e9 por isso que explicamos de forma simplificada em que consiste. Primeiro, quando os raios solares atingem a placa, as c\u00e9lulas solares s\u00e3o respons\u00e1veis por transformar a luz solar em electricidade.<\/p>\n<p>Para tal, estas c\u00e9lulas s\u00e3o misturadas com materiais tais como boro ou f\u00f3sforo para formar duas partes: uma com electr\u00f5es positivos e outra com electr\u00f5es negativos. Uma vez a c\u00e9lula exposta ao sol, os fot\u00f5es, part\u00edculas que transportam a luz vis\u00edvel, deslocam os <strong>electr\u00f5es<\/strong> da \u00e1rea onde existe um excesso de carga negativa para a parte onde existe uma falta.<\/p>\n<p>\u00c0 medida que os fot\u00f5es libertam electr\u00f5es, mais electricidade \u00e9 gerada. Os electr\u00f5es que n\u00e3o foram utilizados s\u00e3o devolvidos ao painel, resultando num processo intermin\u00e1vel.[\/vc_column_text][vc_empty_space height=&#8221;100px&#8221;][\/vc_column][\/vc_row][vc_row][vc_column][wyde_heading style=&#8221;2&#8243; title_tag=&#8221;h3&#8243; text_align=&#8221;center&#8221; title=&#8221;Poupar energia com produtos solares&#8221;][vc_column_text]Os produtos solares Arteconfort incorporam um painel policristalino ou monocristalino com um encapsulamento de vidro ou PET. Estes tipos de encapsulamento caracterizam-se pela sua elevada efici\u00eancia e pelo facto de serem um <strong>material anti-corrosivo<\/strong>.<\/p>\n<p>&#8220;Optamos por estes dois tipos de encapsulamento porque s\u00e3o os que oferecem <strong>maior durabilidade ao longo do tempo<\/strong>. A utiliza\u00e7\u00e3o de uma ou outra depende do tipo de ilumina\u00e7\u00e3o que queremos para um produto&#8221;, explica Javier Zorilla. Por exemplo, o encapsulamento de vidro \u00e9 utilizado para ilumina\u00e7\u00e3o mais exigente, como \u00e9 o caso da s\u00e9rie PEGASO de candeeiros de rua.<\/p>\n<p>Mas quanto \u00e9 que posso poupar na minha conta se <strong>utilizar lumin\u00e1rias solares<\/strong>? Imagine uma casa unifamiliar que quer iluminar o seu jardim ou terra\u00e7o durante 8 horas todas as noites do ano. Como ponto not\u00e1vel, este tipo de lumin\u00e1ria n\u00e3o \u00e9 exclusivamente para o ver\u00e3o, mas pode <strong>ser usada 365 dias por ano<\/strong>. Para este efeito, tivemos em conta duas possibilidades de ilumina\u00e7\u00e3o diferentes:[\/vc_column_text][\/vc_column][\/vc_row][vc_row][vc_column width=&#8221;1\/2&#8243;][vc_empty_space][wyde_heading title_tag=&#8221;h5&#8243; text_align=&#8221;center&#8221; title=&#8221;Estudo de caso 1&#8243;][vc_column_text]Compre duas <strong>luzes LED<\/strong> de parede ligadas \u00e0 rede (16W e 800lm), o custo das duas unidades \u00e9 de aproximadamente 40 euros, ambas. Deve ter-se em conta que esta op\u00e7\u00e3o exige a realiza\u00e7\u00e3o de trabalhos de constru\u00e7\u00e3o se n\u00e3o houver instala\u00e7\u00e3o el\u00e9ctrica pr\u00e9via no exterior, mais o aumento da conta de electricidade, o que, tendo em conta o tempo de liga\u00e7\u00e3o (8 horas por dia), a pot\u00eancia (16W) e o custo da electricidade (0,17 euros\/kWh), o custo ascende a <strong>15,67 euros por ano<\/strong> (impostos n\u00e3o inclu\u00eddos) para as duas luzes de parede.[\/vc_column_text][\/vc_column][vc_column width=&#8221;1\/2&#8243;][vc_empty_space][wyde_heading title_tag=&#8221;h5&#8243; text_align=&#8221;center&#8221; title=&#8221;Estudo de caso 2&#8243;][vc_column_text]Por outro lado, podemos optar pela instala\u00e7\u00e3o de duas <strong>luzes solares de parede<\/strong> que n\u00e3o necessitam de liga\u00e7\u00e3o \u00e0 rede el\u00e9ctrica, porque recarregam a sua bateria com luz solar (800 lm). O custo das duas unidades ascenderia<strong> a cerca de 70 euros<\/strong>, embora requeira um custo inicial mais elevado (70 solar &#8211; 40 luzes de parede el\u00e9ctricas = 30 euros) seria amortizado em menos de 2 anos pelo custo da electricidade da op\u00e7\u00e3o tradicional (15,67 X 2 = 31,34 euros). Esta escolha poupa, portanto, dinheiro e energia para al\u00e9m desses dois anos.<\/p>\n<p>Al\u00e9m disso, deve ser tido em conta que a poupan\u00e7a pode ser maior, uma vez que normalmente n\u00e3o s\u00e3o instaladas apenas duas l\u00e2mpadas, mas mais. Assim, a <strong>poupan\u00e7a gerada pela utiliza\u00e7\u00e3o de lumin\u00e1rias solares<\/strong> no nosso exterior ser\u00e1 maior com a vantagem de que este tipo de produto pode ser colocado em qualquer lugar, desde que o sol brilhe directamente sobre o painel solar.[\/vc_column_text][\/vc_column][\/vc_row][vc_row][vc_column][vc_empty_space height=&#8221;40px&#8221;][vc_single_image img_size=&#8221;medium&#8221; alignment=&#8221;center&#8221; image=&#8221;28120&#8243;][vc_empty_space height=&#8221;100px&#8221;][\/vc_column][\/vc_row][vc_row][vc_column][wyde_heading style=&#8221;2&#8243; text_align=&#8221;center&#8221; title=&#8221;Luces para jard\u00edn solares&#8221;][vc_column_text]Quando tivermos toda a informa\u00e7\u00e3o necess\u00e1ria sobre pain\u00e9is solares, \u00e9 altura de comprar o produto. Na Arteconfort somos <strong>l\u00edderes na venda de produtos solares<\/strong>, pode comprar os nossos artigos em Leroy Merlin ou Bauhaus, escolhendo os que melhor se adaptam \u00e0s suas necessidades.[\/vc_column_text][vc_empty_space height=&#8221;80px&#8221;][\/vc_column][\/vc_row][vc_row][vc_column width=&#8221;1\/3&#8243;][wyde_heading style=&#8221;3&#8243; title_tag=&#8221;h5&#8243; subheading_tag=&#8221;span&#8221; text_align=&#8221;center&#8221; title=&#8221;As grinaldas solares mais vendidas&#8221;][\/vc_column][vc_column width=&#8221;1\/6&#8243;][wyde_banner title_tag=&#8221;h5&#8243; banner_style=&#8221;2&#8243; title=&#8221;Grinalda solar <strong>BOREALIS<\/strong>&#8221; heading_color=&#8221;#ffffff&#8221; image=&#8221;1295&#8243; link=&#8221;url:https%3A%2F%2Farteconfort.com%2Fproducto%2Fsolar%2Filuminacion-solar-de-pared-pr%2Fborealis%2F|||&#8221;][\/vc_column][vc_column width=&#8221;1\/6&#8243;][wyde_banner title_tag=&#8221;h5&#8243; banner_style=&#8221;2&#8243; title=&#8221;Grinalda solar <strong>ENIF<\/strong>&#8221; heading_color=&#8221;#ffffff&#8221; image=&#8221;2644&#8243; link=&#8221;url:https%3A%2F%2Farteconfort.com%2Fproducto%2Fsolar%2Filuminacion-solar-de-pared-pr%2Fenif%2F|||&#8221;][\/vc_column][vc_column width=&#8221;1\/6&#8243;][wyde_banner title_tag=&#8221;h5&#8243; banner_style=&#8221;2&#8243; title=&#8221;Grinalda solar <strong>LIRA<\/strong>&#8221; heading_color=&#8221;#ffffff&#8221; image=&#8221;3926&#8243; link=&#8221;url:https%3A%2F%2Farteconfort.com%2Fproducto%2Fsolar%2Filuminacion-solar-de-pared-pr%2Flira%2F|||&#8221;][\/vc_column][vc_column width=&#8221;1\/6&#8243;][wyde_banner title_tag=&#8221;h5&#8243; banner_style=&#8221;2&#8243; title=&#8221;Grinalda solar <strong>STELLA<\/strong>&#8221; heading_color=&#8221;#ffffff&#8221; image=&#8221;3909&#8243; link=&#8221;url:https%3A%2F%2Farteconfort.com%2Fproducto%2Fsolar%2Filuminacion-solar-de-pared-pr%2Fstella%2F|||&#8221;][\/vc_column][\/vc_row][vc_row][vc_column][vc_empty_space height=&#8221;40px&#8221;][\/vc_column][\/vc_row][vc_row][vc_column width=&#8221;1\/3&#8243;][wyde_heading style=&#8221;3&#8243; title_tag=&#8221;h5&#8243; subheading_tag=&#8221;span&#8221; text_align=&#8221;center&#8221; title=&#8221;As luzes da parede solar que vai querer no seu terra\u00e7o&#8221;][\/vc_column][vc_column width=&#8221;1\/6&#8243;][wyde_banner title_tag=&#8221;h5&#8243; banner_style=&#8221;2&#8243; title=&#8221;Luz da parede solar <strong>JANO<\/strong>&#8221; heading_color=&#8221;#ffffff&#8221; image=&#8221;9759&#8243; link=&#8221;url:https%3A%2F%2Farteconfort.com%2Fproducto%2Fsolar%2Filuminacion-solar-de-pared-pr%2Fjano%2F|||&#8221;][\/vc_column][vc_column width=&#8221;1\/6&#8243;][wyde_banner title_tag=&#8221;h5&#8243; banner_style=&#8221;2&#8243; title=&#8221;Luz da parede solar <strong>DRACO<\/strong>&#8221; heading_color=&#8221;#ffffff&#8221; image=&#8221;9835&#8243; link=&#8221;url:https%3A%2F%2Farteconfort.com%2Fproducto%2Fsolar%2Filuminacion-solar-de-suelo-pr%2Fdraco%2F|||&#8221;][\/vc_column][vc_column width=&#8221;1\/6&#8243;][wyde_banner title_tag=&#8221;h5&#8243; banner_style=&#8221;2&#8243; title=&#8221;Luz da parede solar <strong>ACRUX DUO<\/strong>&#8221; heading_color=&#8221;#ffffff&#8221; image=&#8221;9774&#8243; link=&#8221;url:https%3A%2F%2Farteconfort.com%2Fproducto%2Fsolar%2Filuminacion-solar-de-suelo-pr%2Fdraco%2F|||&#8221;][\/vc_column][vc_column width=&#8221;1\/6&#8243;][wyde_banner title_tag=&#8221;h5&#8243; banner_style=&#8221;2&#8243; title=&#8221;Luz da parede solar <strong>ERA<\/strong>&#8221; heading_color=&#8221;#ffffff&#8221; image=&#8221;1813&#8243; link=&#8221;url:https%3A%2F%2Farteconfort.com%2Fproducto%2Fsolar%2Filuminacion-solar-de-pared-pr%2Fera%2F|||&#8221;][\/vc_column][\/vc_row][vc_row][vc_column][vc_empty_space height=&#8221;40px&#8221;][\/vc_column][\/vc_row][vc_row][vc_column width=&#8221;1\/3&#8243;][wyde_heading style=&#8221;3&#8243; title_tag=&#8221;h5&#8243; subheading_tag=&#8221;span&#8221; text_align=&#8221;center&#8221; title=&#8221;Candeeiros solares de mesa para dar um toque de personalidade ao seu espa\u00e7o exterior&#8221;][\/vc_column][vc_column width=&#8221;1\/6&#8243;][wyde_banner title_tag=&#8221;h5&#8243; banner_style=&#8221;2&#8243; title=&#8221;L\u00e2mpada solar <strong>CERES<\/strong>&#8221; heading_color=&#8221;#ffffff&#8221; image=&#8221;4307&#8243; link=&#8221;url:https%3A%2F%2Farteconfort.com%2Fproducto%2Fsolar%2Filuminacion-solar-sobre-mesa-pr%2Fceres%2F|||&#8221;][\/vc_column][vc_column width=&#8221;1\/6&#8243;][wyde_banner title_tag=&#8221;h5&#8243; banner_style=&#8221;2&#8243; title=&#8221;L\u00e2mpada solar <strong>METEOR<\/strong>&#8221; heading_color=&#8221;#ffffff&#8221; image=&#8221;3912&#8243; link=&#8221;url:https%3A%2F%2Farteconfort.com%2Fproducto%2Fsolar%2Filuminacion-solar-sobre-mesa-pr%2Fmeteor%2F|||&#8221;][\/vc_column][\/vc_row][vc_row][vc_column][vc_empty_space height=&#8221;40px&#8221;][\/vc_column][\/vc_row][vc_row][vc_column width=&#8221;1\/3&#8243;][wyde_heading style=&#8221;3&#8243; title_tag=&#8221;h5&#8243; subheading_tag=&#8221;span&#8221; text_align=&#8221;center&#8221; title=&#8221;As l\u00e2mpadas solares montadas na parede s\u00e3o uma tend\u00eancia na decora\u00e7\u00e3o&#8221;][\/vc_column][vc_column width=&#8221;1\/6&#8243;][wyde_banner title_tag=&#8221;h5&#8243; banner_style=&#8221;2&#8243; title=&#8221;L\u00e2mpada solar para exterior montada na parede <strong>PEGASO<\/strong>&#8221; heading_color=&#8221;#ffffff&#8221; image=&#8221;2008&#8243; link=&#8221;url:https%3A%2F%2Farteconfort.com%2Fproducto%2Fsolar%2Filuminacion-solar-de-sobremuro-pr%2Fpegaso-sobremuro%2F|||&#8221;][\/vc_column][vc_column width=&#8221;1\/6&#8243;][wyde_banner title_tag=&#8221;h5&#8243; banner_style=&#8221;2&#8243; title=&#8221;L\u00e2mpada solar para exterior montada na parede <strong>PEGASO BLANCO<\/strong>&#8221; heading_color=&#8221;#ffffff&#8221; image=&#8221;3914&#8243; link=&#8221;url:https%3A%2F%2Farteconfort.com%2Fproducto%2Fsolar%2Filuminacion-solar-de-sobremuro-pr%2Fpegaso-sobremuro-blanco%2F|||&#8221;][\/vc_column][vc_column width=&#8221;1\/6&#8243;][wyde_banner title_tag=&#8221;h5&#8243; banner_style=&#8221;2&#8243; title=&#8221;L\u00e2mpada solar para exterior montada na parede <strong>TEMPEL<\/strong>&#8221; heading_color=&#8221;#ffffff&#8221; image=&#8221;1310&#8243; link=&#8221;url:https%3A%2F%2Farteconfort.com%2Fproducto%2Fsolar%2Filuminacion-solar-de-sobremuro-pr%2Ftempel-sobremuro%2F|||&#8221;][\/vc_column][\/vc_row]<\/p>\n<\/div>","protected":false},"excerpt":{"rendered":"<p>[vc_row][vc_column][vc_empty_space][wyde_heading style=&#8221;2&#8243; text_align=&#8221;center&#8221; title=&#8221;Todos n\u00f3s podemos ser geradores da nossa pr\u00f3pria energia&#8221;][vc_column_text]Nos \u00faltimos anos, a produ\u00e7\u00e3o de electricidade solar subiu nas fileiras de outros tipos de produ\u00e7\u00e3o de electricidade. H\u00e1 dez anos, os pain\u00e9is solares eram utilizados exclusivamente por empresas ou lares com uma economia dom\u00e9stica elevada. Actualmente, cada vez mais pessoas optam por este [&hellip;]<\/p>\n","protected":false},"author":1,"featured_media":14792,"comment_status":"closed","ping_status":"open","sticky":false,"template":"","format":"standard","meta":{"footnotes":""},"categories":[388,314],"tags":[1164,1165,1166,1167,720,726,721,727,799,800,1162,1163,714,715],"class_list":["post-14872","post","type-post","status-publish","format-standard","has-post-thumbnail","hentry","category-guias-solar-pt-pt","category-iluminacion-solar-exterior-pt-pt","tag-1164","tag-1165","tag-1166","tag-1167","tag-720","tag-714-pt-pt","tag-721","tag-715-pt-pt","tag-799","tag-800","tag-1162","tag-1163","tag-energia-solar-pt-pt","tag-paneles-solares-pt-pt"],"yoast_head":"<!-- This site is optimized with the Yoast SEO plugin v26.5 - https:\/\/yoast.com\/wordpress\/plugins\/seo\/ -->\n<title>\u25b7 Hist\u00f3ria e funcionamento dos pain\u00e9is solares<\/title>\n<meta name=\"description\" content=\"A ilumina\u00e7\u00e3o solar permite-nos tomar conta do planeta, gra\u00e7as ao trabalho dos pain\u00e9is solares. Neste artigo, contamos-lhe tudo o que precisa de saber.\" \/>\n<meta name=\"robots\" content=\"index, follow, max-snippet:-1, max-image-preview:large, max-video-preview:-1\" \/>\n<link rel=\"canonical\" href=\"https:\/\/arteconfort.com\/pt-pt\/iluminacion-solar-exterior-pt-pt\/funcionamiento-de-los-paneles-solares\/\" \/>\n<meta property=\"og:locale\" content=\"pt_PT\" \/>\n<meta property=\"og:type\" content=\"article\" \/>\n<meta property=\"og:title\" content=\"\u25b7 Hist\u00f3ria e funcionamento dos pain\u00e9is solares\" \/>\n<meta property=\"og:description\" content=\"A ilumina\u00e7\u00e3o solar permite-nos tomar conta do planeta, gra\u00e7as ao trabalho dos pain\u00e9is solares. Neste artigo, contamos-lhe tudo o que precisa de saber.\" \/>\n<meta property=\"og:url\" content=\"https:\/\/arteconfort.com\/pt-pt\/iluminacion-solar-exterior-pt-pt\/funcionamiento-de-los-paneles-solares\/\" \/>\n<meta property=\"og:site_name\" content=\"Arteconfort\" \/>\n<meta property=\"article:published_time\" content=\"2021-10-28T08:10:27+00:00\" \/>\n<meta property=\"article:modified_time\" content=\"2023-07-17T09:47:36+00:00\" \/>\n<meta property=\"og:image\" content=\"https:\/\/arteconfort.com\/wp-content\/uploads\/2021\/10\/111.jpg\" \/>\n\t<meta property=\"og:image:width\" content=\"800\" \/>\n\t<meta property=\"og:image:height\" content=\"500\" \/>\n\t<meta property=\"og:image:type\" content=\"image\/jpeg\" \/>\n<meta name=\"author\" content=\"admin\" \/>\n<meta name=\"twitter:card\" content=\"summary_large_image\" \/>\n<meta name=\"twitter:label1\" content=\"Escrito por\" \/>\n\t<meta name=\"twitter:data1\" content=\"admin\" \/>\n\t<meta name=\"twitter:label2\" content=\"Tempo estimado de leitura\" \/>\n\t<meta name=\"twitter:data2\" content=\"13 minutos\" \/>\n<!-- \/ Yoast SEO plugin. -->","yoast_head_json":{"title":"\u25b7 Hist\u00f3ria e funcionamento dos pain\u00e9is solares","description":"A ilumina\u00e7\u00e3o solar permite-nos tomar conta do planeta, gra\u00e7as ao trabalho dos pain\u00e9is solares. Neste artigo, contamos-lhe tudo o que precisa de saber.","robots":{"index":"index","follow":"follow","max-snippet":"max-snippet:-1","max-image-preview":"max-image-preview:large","max-video-preview":"max-video-preview:-1"},"canonical":"https:\/\/arteconfort.com\/pt-pt\/iluminacion-solar-exterior-pt-pt\/funcionamiento-de-los-paneles-solares\/","og_locale":"pt_PT","og_type":"article","og_title":"\u25b7 Hist\u00f3ria e funcionamento dos pain\u00e9is solares","og_description":"A ilumina\u00e7\u00e3o solar permite-nos tomar conta do planeta, gra\u00e7as ao trabalho dos pain\u00e9is solares. Neste artigo, contamos-lhe tudo o que precisa de saber.","og_url":"https:\/\/arteconfort.com\/pt-pt\/iluminacion-solar-exterior-pt-pt\/funcionamiento-de-los-paneles-solares\/","og_site_name":"Arteconfort","article_published_time":"2021-10-28T08:10:27+00:00","article_modified_time":"2023-07-17T09:47:36+00:00","og_image":[{"width":800,"height":500,"url":"https:\/\/arteconfort.com\/wp-content\/uploads\/2021\/10\/111.jpg","type":"image\/jpeg"}],"author":"admin","twitter_card":"summary_large_image","twitter_misc":{"Escrito por":"admin","Tempo estimado de leitura":"13 minutos"},"schema":{"@context":"https:\/\/schema.org","@graph":[{"@type":"Article","@id":"https:\/\/arteconfort.com\/pt-pt\/iluminacion-solar-exterior-pt-pt\/funcionamiento-de-los-paneles-solares\/#article","isPartOf":{"@id":"https:\/\/arteconfort.com\/pt-pt\/iluminacion-solar-exterior-pt-pt\/funcionamiento-de-los-paneles-solares\/"},"author":{"name":"admin","@id":"https:\/\/arteconfort.com\/pt-pt\/#\/schema\/person\/12aac2f47430580713e1f2cf74753f81"},"headline":"Hist\u00f3ria e funcionamento dos pain\u00e9is solares","datePublished":"2021-10-28T08:10:27+00:00","dateModified":"2023-07-17T09:47:36+00:00","mainEntityOfPage":{"@id":"https:\/\/arteconfort.com\/pt-pt\/iluminacion-solar-exterior-pt-pt\/funcionamiento-de-los-paneles-solares\/"},"wordCount":2682,"publisher":{"@id":"https:\/\/arteconfort.com\/pt-pt\/#organization"},"image":{"@id":"https:\/\/arteconfort.com\/pt-pt\/iluminacion-solar-exterior-pt-pt\/funcionamiento-de-los-paneles-solares\/#primaryimage"},"thumbnailUrl":"https:\/\/arteconfort.com\/wp-content\/uploads\/2021\/10\/111.jpg","keywords":["1162","1163","1164","1165","714","714","715","715","726","727","799","800","Energ\u00eda solar","Paneles solares"],"articleSection":["Gu\u00edas de iluminaci\u00f3n solar","Iluminaci\u00f3n solar exterior"],"inLanguage":"pt-PT"},{"@type":"WebPage","@id":"https:\/\/arteconfort.com\/pt-pt\/iluminacion-solar-exterior-pt-pt\/funcionamiento-de-los-paneles-solares\/","url":"https:\/\/arteconfort.com\/pt-pt\/iluminacion-solar-exterior-pt-pt\/funcionamiento-de-los-paneles-solares\/","name":"\u25b7 Hist\u00f3ria e funcionamento dos pain\u00e9is solares","isPartOf":{"@id":"https:\/\/arteconfort.com\/pt-pt\/#website"},"primaryImageOfPage":{"@id":"https:\/\/arteconfort.com\/pt-pt\/iluminacion-solar-exterior-pt-pt\/funcionamiento-de-los-paneles-solares\/#primaryimage"},"image":{"@id":"https:\/\/arteconfort.com\/pt-pt\/iluminacion-solar-exterior-pt-pt\/funcionamiento-de-los-paneles-solares\/#primaryimage"},"thumbnailUrl":"https:\/\/arteconfort.com\/wp-content\/uploads\/2021\/10\/111.jpg","datePublished":"2021-10-28T08:10:27+00:00","dateModified":"2023-07-17T09:47:36+00:00","description":"A ilumina\u00e7\u00e3o solar permite-nos tomar conta do planeta, gra\u00e7as ao trabalho dos pain\u00e9is solares. Neste artigo, contamos-lhe tudo o que precisa de saber.","breadcrumb":{"@id":"https:\/\/arteconfort.com\/pt-pt\/iluminacion-solar-exterior-pt-pt\/funcionamiento-de-los-paneles-solares\/#breadcrumb"},"inLanguage":"pt-PT","potentialAction":[{"@type":"ReadAction","target":["https:\/\/arteconfort.com\/pt-pt\/iluminacion-solar-exterior-pt-pt\/funcionamiento-de-los-paneles-solares\/"]}]},{"@type":"ImageObject","inLanguage":"pt-PT","@id":"https:\/\/arteconfort.com\/pt-pt\/iluminacion-solar-exterior-pt-pt\/funcionamiento-de-los-paneles-solares\/#primaryimage","url":"https:\/\/arteconfort.com\/wp-content\/uploads\/2021\/10\/111.jpg","contentUrl":"https:\/\/arteconfort.com\/wp-content\/uploads\/2021\/10\/111.jpg","width":800,"height":500,"caption":"Grupo de paneles solares art\u00edculo"},{"@type":"BreadcrumbList","@id":"https:\/\/arteconfort.com\/pt-pt\/iluminacion-solar-exterior-pt-pt\/funcionamiento-de-los-paneles-solares\/#breadcrumb","itemListElement":[{"@type":"ListItem","position":1,"name":"Inicio","item":"https:\/\/arteconfort.com\/pt-pt\/"},{"@type":"ListItem","position":2,"name":"Iluminaci\u00f3n solar exterior","item":"https:\/\/arteconfort.com\/pt-pt\/iluminacion-solar-exterior-pt-pt\/"},{"@type":"ListItem","position":3,"name":"Hist\u00f3ria e funcionamento dos pain\u00e9is solares"}]},{"@type":"WebSite","@id":"https:\/\/arteconfort.com\/pt-pt\/#website","url":"https:\/\/arteconfort.com\/pt-pt\/","name":"Arteconfort","description":"Especialistas en productos del hogar","publisher":{"@id":"https:\/\/arteconfort.com\/pt-pt\/#organization"},"potentialAction":[{"@type":"SearchAction","target":{"@type":"EntryPoint","urlTemplate":"https:\/\/arteconfort.com\/pt-pt\/?s={search_term_string}"},"query-input":{"@type":"PropertyValueSpecification","valueRequired":true,"valueName":"search_term_string"}}],"inLanguage":"pt-PT"},{"@type":"Organization","@id":"https:\/\/arteconfort.com\/pt-pt\/#organization","name":"Arteconfort","url":"https:\/\/arteconfort.com\/pt-pt\/","logo":{"@type":"ImageObject","inLanguage":"pt-PT","@id":"https:\/\/arteconfort.com\/pt-pt\/#\/schema\/logo\/image\/","url":"https:\/\/arteconfort.com\/wp-content\/uploads\/2019\/07\/logo-arteconfort.png","contentUrl":"https:\/\/arteconfort.com\/wp-content\/uploads\/2019\/07\/logo-arteconfort.png","width":230,"height":88,"caption":"Arteconfort"},"image":{"@id":"https:\/\/arteconfort.com\/pt-pt\/#\/schema\/logo\/image\/"}},{"@type":"Person","@id":"https:\/\/arteconfort.com\/pt-pt\/#\/schema\/person\/12aac2f47430580713e1f2cf74753f81","name":"admin"}]}},"_links":{"self":[{"href":"https:\/\/arteconfort.com\/pt-pt\/wp-json\/wp\/v2\/posts\/14872","targetHints":{"allow":["GET"]}}],"collection":[{"href":"https:\/\/arteconfort.com\/pt-pt\/wp-json\/wp\/v2\/posts"}],"about":[{"href":"https:\/\/arteconfort.com\/pt-pt\/wp-json\/wp\/v2\/types\/post"}],"author":[{"embeddable":true,"href":"https:\/\/arteconfort.com\/pt-pt\/wp-json\/wp\/v2\/users\/1"}],"replies":[{"embeddable":true,"href":"https:\/\/arteconfort.com\/pt-pt\/wp-json\/wp\/v2\/comments?post=14872"}],"version-history":[{"count":0,"href":"https:\/\/arteconfort.com\/pt-pt\/wp-json\/wp\/v2\/posts\/14872\/revisions"}],"wp:featuredmedia":[{"embeddable":true,"href":"https:\/\/arteconfort.com\/pt-pt\/wp-json\/wp\/v2\/media\/14792"}],"wp:attachment":[{"href":"https:\/\/arteconfort.com\/pt-pt\/wp-json\/wp\/v2\/media?parent=14872"}],"wp:term":[{"taxonomy":"category","embeddable":true,"href":"https:\/\/arteconfort.com\/pt-pt\/wp-json\/wp\/v2\/categories?post=14872"},{"taxonomy":"post_tag","embeddable":true,"href":"https:\/\/arteconfort.com\/pt-pt\/wp-json\/wp\/v2\/tags?post=14872"}],"curies":[{"name":"wp","href":"https:\/\/api.w.org\/{rel}","templated":true}]}}