{"id":14968,"date":"2021-11-04T12:40:30","date_gmt":"2021-11-04T11:40:30","guid":{"rendered":"https:\/\/arteconfort.com\/?p=14968"},"modified":"2021-11-10T14:06:21","modified_gmt":"2021-11-10T13:06:21","slug":"iluminacion-solar-aliada-apagon-electrico","status":"publish","type":"post","link":"https:\/\/arteconfort.com\/pt-pt\/iluminacion-solar-exterior-pt-pt\/iluminacion-solar-aliada-apagon-electrico\/","title":{"rendered":"Ilumina\u00e7\u00e3o solar: um aliado face a um poss\u00edvel apag\u00e3o de energia global"},"content":{"rendered":"<div class=\"wpb-content-wrapper\"><p>[vc_row][vc_column][vc_column_text]Parece que nos \u00faltimos anos temos estado imersos num filme de fic\u00e7\u00e3o, no mais puro estilo Mad Max. No meio de uma crise sanit\u00e1ria, do <a href=\"https:\/\/arteconfort.com\/pt-pt\/ventilador-de-techo-pt-pt\/subida-luz-como-ahorrar-en-tu-factura\/\">aumento dos pre\u00e7os da electricidade<\/a> e das mat\u00e9rias-primas e da escassez de oferta, a Europa alerta para um <strong>poss\u00edvel apag\u00e3o<\/strong>, ou seja, um apag\u00e3o generalizado que ir\u00e1 afectar toda a Europa.<\/p>\n<p>Quem fez soar o alarme? H\u00e1 algumas semanas, a \u00c1ustria come\u00e7ou a aconselhar os seus cidad\u00e3os a prepararem-se para o hipot\u00e9tico &#8220;grande apag\u00e3o&#8221; que, segundo consta, <strong>ter\u00e1 lugar nos pr\u00f3ximos 5 anos<\/strong>.<\/p>\n<p>Face a todo o alarmismo que est\u00e1 a varrer as ruas das cidades europeias, \u00e9 preciso lembrar que, se isto acontecer, n\u00e3o ser\u00e1 a primeira vez que teremos experimentado algo semelhante. No caso de Espanha, durante a<strong> tempestade Filomena<\/strong>, muitas casas ficaram sem \u00e1gua ou electricidade, ou mesmo ambas. Entretanto, no resto da Europa, a <strong>It\u00e1lia sofreu um blackout em 2003<\/strong> que durou 24 horas e Londres e Alemanha em 2006, em Outubro e Novembro, respectivamente.[\/vc_column_text][vc_empty_space height=&#8221;100px&#8221;][\/vc_column][\/vc_row][vc_row][vc_column][wyde_heading style=&#8221;2&#8243; text_align=&#8221;center&#8221; title=&#8221;Ilumina\u00e7\u00e3o solar para fazer face ao blackout previsto pela \u00c1ustria&#8221;][vc_column_text]Nos \u00faltimos dois anos aprendemos a viver no dia-a-dia e a <strong>preparar-nos para o que o futuro nos pode trazer<\/strong>. Portanto, enquanto a Europa alerta para um poss\u00edvel apag\u00e3o energ\u00e9tico, os produtos solares est\u00e3o a tornar-se os protagonistas e os nossos grandes aliados, uma vez que n\u00e3o requerem a rede el\u00e9ctrica para gerar luz, simplesmente que os <a href=\"https:\/\/arteconfort.com\/pt-pt\/iluminacion-solar-exterior-pt-pt\/funcionamiento-de-los-paneles-solares\/\" target=\"_blank\" rel=\"noopener noreferrer\">pain\u00e9is solares<\/a> s\u00e3o expostos aos raios solares.<\/p>\n<p>Um dos produtos mais populares \u00e9 o <a href=\"https:\/\/arteconfort.com\/pt-pt\/producto\/solar-pt-pt\/iluminacion-solar-de-pared-pt-pt\/set-hidra\/\">SET HIDRA<\/a>, um kit solar de l\u00e2mpadas e bateria com v\u00e1rias portas de carregamento. Assim como o projector solar <a href=\"https:\/\/arteconfort.com\/pt-pt\/producto\/solar-pt-pt\/iluminacion-solar-de-pared-pt-pt\/kore-m\/\">KORE M<\/a> ajust\u00e1vel ou as luzes solares de parede <a href=\"https:\/\/arteconfort.com\/pt-pt\/producto\/solar-pt-pt\/iluminacion-solar-de-pared-pt-pt\/nizar\/\">NIZAR<\/a>.[\/vc_column_text][vc_empty_space height=&#8221;40px&#8221;]<div class=\"woocommerce columns-5 \"><ul class=\"products w-grid-space clear columns-5\">\r\n<li class=\"product type-product post-11161 status-publish first instock product_cat-descatalogados-pt-pt product_cat-iluminacion-pt-pt has-post-thumbnail shipping-taxable product-type-external w-item five-cols\">\n\t<figure><div class=\"image-wrapper\">\t\t<a href=\"https:\/\/arteconfort.com\/pt-pt\/producto\/nizar\/\" class=\"w-fadeslider\">\n\t<img loading=\"lazy\" decoding=\"async\" width=\"1024\" height=\"1024\" src=\"https:\/\/arteconfort.com\/wp-content\/uploads\/2023\/10\/NIZAR.webp\" class=\"attachment-shop_catalog size-shop_catalog wp-post-image\" alt=\"Foco solar de pared NIZAR\" srcset=\"https:\/\/arteconfort.com\/wp-content\/uploads\/2023\/10\/NIZAR.webp 1024w, https:\/\/arteconfort.com\/wp-content\/uploads\/2023\/10\/NIZAR-768x768.webp 768w, https:\/\/arteconfort.com\/wp-content\/uploads\/2023\/10\/NIZAR-340x340.webp 340w, https:\/\/arteconfort.com\/wp-content\/uploads\/2023\/10\/NIZAR-640x640.webp 640w, https:\/\/arteconfort.com\/wp-content\/uploads\/2023\/10\/NIZAR-960x960.webp 960w, https:\/\/arteconfort.com\/wp-content\/uploads\/2023\/10\/NIZAR-300x300.webp 300w, https:\/\/arteconfort.com\/wp-content\/uploads\/2023\/10\/NIZAR-600x600.webp 600w, https:\/\/arteconfort.com\/wp-content\/uploads\/2023\/10\/NIZAR-100x100.webp 100w, https:\/\/arteconfort.com\/wp-content\/uploads\/2023\/10\/NIZAR-133x133.webp 133w\" sizes=\"auto, (max-width: 1024px) 100vw, 1024px\" \/>\t<img loading=\"lazy\" decoding=\"async\" width=\"1024\" height=\"1024\" src=\"https:\/\/arteconfort.com\/wp-content\/uploads\/2023\/10\/NIZAR-blanco-ambiente.webp\" class=\"attachment-shop_catalog size-shop_catalog\" alt=\"Solar NIZAR ambiente\" srcset=\"https:\/\/arteconfort.com\/wp-content\/uploads\/2023\/10\/NIZAR-blanco-ambiente.webp 1024w, https:\/\/arteconfort.com\/wp-content\/uploads\/2023\/10\/NIZAR-blanco-ambiente-768x768.webp 768w, https:\/\/arteconfort.com\/wp-content\/uploads\/2023\/10\/NIZAR-blanco-ambiente-340x340.webp 340w, https:\/\/arteconfort.com\/wp-content\/uploads\/2023\/10\/NIZAR-blanco-ambiente-640x640.webp 640w, https:\/\/arteconfort.com\/wp-content\/uploads\/2023\/10\/NIZAR-blanco-ambiente-960x960.webp 960w, https:\/\/arteconfort.com\/wp-content\/uploads\/2023\/10\/NIZAR-blanco-ambiente-133x133.webp 133w, https:\/\/arteconfort.com\/wp-content\/uploads\/2023\/10\/NIZAR-blanco-ambiente-300x300.webp 300w, https:\/\/arteconfort.com\/wp-content\/uploads\/2023\/10\/NIZAR-blanco-ambiente-600x600.webp 600w, https:\/\/arteconfort.com\/wp-content\/uploads\/2023\/10\/NIZAR-blanco-ambiente-100x100.webp 100w\" sizes=\"auto, (max-width: 1024px) 100vw, 1024px\" \/><img loading=\"lazy\" decoding=\"async\" width=\"1024\" height=\"1024\" src=\"https:\/\/arteconfort.com\/wp-content\/uploads\/2023\/10\/NIZAR-3.webp\" class=\"attachment-shop_catalog size-shop_catalog\" alt=\"Foco solar de pared NIZAR\" srcset=\"https:\/\/arteconfort.com\/wp-content\/uploads\/2023\/10\/NIZAR-3.webp 1024w, https:\/\/arteconfort.com\/wp-content\/uploads\/2023\/10\/NIZAR-3-768x768.webp 768w, https:\/\/arteconfort.com\/wp-content\/uploads\/2023\/10\/NIZAR-3-340x340.webp 340w, https:\/\/arteconfort.com\/wp-content\/uploads\/2023\/10\/NIZAR-3-640x640.webp 640w, https:\/\/arteconfort.com\/wp-content\/uploads\/2023\/10\/NIZAR-3-960x960.webp 960w, https:\/\/arteconfort.com\/wp-content\/uploads\/2023\/10\/NIZAR-3-133x133.webp 133w, https:\/\/arteconfort.com\/wp-content\/uploads\/2023\/10\/NIZAR-3-300x300.webp 300w, https:\/\/arteconfort.com\/wp-content\/uploads\/2023\/10\/NIZAR-3-600x600.webp 600w, https:\/\/arteconfort.com\/wp-content\/uploads\/2023\/10\/NIZAR-3-100x100.webp 100w\" sizes=\"auto, (max-width: 1024px) 100vw, 1024px\" \/><img loading=\"lazy\" decoding=\"async\" width=\"1024\" height=\"1024\" src=\"https:\/\/arteconfort.com\/wp-content\/uploads\/2023\/10\/NIZAR-5.webp\" class=\"attachment-shop_catalog size-shop_catalog\" alt=\"Foco solar de pared NIZAR\" srcset=\"https:\/\/arteconfort.com\/wp-content\/uploads\/2023\/10\/NIZAR-5.webp 1024w, https:\/\/arteconfort.com\/wp-content\/uploads\/2023\/10\/NIZAR-5-768x768.webp 768w, https:\/\/arteconfort.com\/wp-content\/uploads\/2023\/10\/NIZAR-5-340x340.webp 340w, https:\/\/arteconfort.com\/wp-content\/uploads\/2023\/10\/NIZAR-5-640x640.webp 640w, https:\/\/arteconfort.com\/wp-content\/uploads\/2023\/10\/NIZAR-5-960x960.webp 960w, https:\/\/arteconfort.com\/wp-content\/uploads\/2023\/10\/NIZAR-5-133x133.webp 133w, https:\/\/arteconfort.com\/wp-content\/uploads\/2023\/10\/NIZAR-5-300x300.webp 300w, https:\/\/arteconfort.com\/wp-content\/uploads\/2023\/10\/NIZAR-5-600x600.webp 600w, https:\/\/arteconfort.com\/wp-content\/uploads\/2023\/10\/NIZAR-5-100x100.webp 100w\" sizes=\"auto, (max-width: 1024px) 100vw, 1024px\" \/><img loading=\"lazy\" decoding=\"async\" width=\"1024\" height=\"1024\" src=\"https:\/\/arteconfort.com\/wp-content\/uploads\/2023\/10\/NIZAR-4.webp\" class=\"attachment-shop_catalog size-shop_catalog\" alt=\"Foco solar de pared NIZAR\" srcset=\"https:\/\/arteconfort.com\/wp-content\/uploads\/2023\/10\/NIZAR-4.webp 1024w, https:\/\/arteconfort.com\/wp-content\/uploads\/2023\/10\/NIZAR-4-768x768.webp 768w, https:\/\/arteconfort.com\/wp-content\/uploads\/2023\/10\/NIZAR-4-340x340.webp 340w, https:\/\/arteconfort.com\/wp-content\/uploads\/2023\/10\/NIZAR-4-640x640.webp 640w, https:\/\/arteconfort.com\/wp-content\/uploads\/2023\/10\/NIZAR-4-960x960.webp 960w, https:\/\/arteconfort.com\/wp-content\/uploads\/2023\/10\/NIZAR-4-133x133.webp 133w, https:\/\/arteconfort.com\/wp-content\/uploads\/2023\/10\/NIZAR-4-300x300.webp 300w, https:\/\/arteconfort.com\/wp-content\/uploads\/2023\/10\/NIZAR-4-600x600.webp 600w, https:\/\/arteconfort.com\/wp-content\/uploads\/2023\/10\/NIZAR-4-100x100.webp 100w\" sizes=\"auto, (max-width: 1024px) 100vw, 1024px\" \/><img loading=\"lazy\" decoding=\"async\" width=\"1024\" height=\"1024\" src=\"https:\/\/arteconfort.com\/wp-content\/uploads\/2023\/10\/NIZAR-NEGRO-3.webp\" class=\"attachment-shop_catalog size-shop_catalog\" alt=\"Solar NIZAR negro\" srcset=\"https:\/\/arteconfort.com\/wp-content\/uploads\/2023\/10\/NIZAR-NEGRO-3.webp 1024w, https:\/\/arteconfort.com\/wp-content\/uploads\/2023\/10\/NIZAR-NEGRO-3-768x768.webp 768w, https:\/\/arteconfort.com\/wp-content\/uploads\/2023\/10\/NIZAR-NEGRO-3-340x340.webp 340w, https:\/\/arteconfort.com\/wp-content\/uploads\/2023\/10\/NIZAR-NEGRO-3-640x640.webp 640w, https:\/\/arteconfort.com\/wp-content\/uploads\/2023\/10\/NIZAR-NEGRO-3-960x960.webp 960w, https:\/\/arteconfort.com\/wp-content\/uploads\/2023\/10\/NIZAR-NEGRO-3-133x133.webp 133w, https:\/\/arteconfort.com\/wp-content\/uploads\/2023\/10\/NIZAR-NEGRO-3-300x300.webp 300w, https:\/\/arteconfort.com\/wp-content\/uploads\/2023\/10\/NIZAR-NEGRO-3-600x600.webp 600w, https:\/\/arteconfort.com\/wp-content\/uploads\/2023\/10\/NIZAR-NEGRO-3-100x100.webp 100w\" sizes=\"auto, (max-width: 1024px) 100vw, 1024px\" \/><img loading=\"lazy\" decoding=\"async\" width=\"1024\" height=\"1024\" src=\"https:\/\/arteconfort.com\/wp-content\/uploads\/2023\/10\/NIZAR-NEGRO.webp\" class=\"attachment-shop_catalog size-shop_catalog\" alt=\"Solar NIZAR negro\" srcset=\"https:\/\/arteconfort.com\/wp-content\/uploads\/2023\/10\/NIZAR-NEGRO.webp 1024w, https:\/\/arteconfort.com\/wp-content\/uploads\/2023\/10\/NIZAR-NEGRO-768x768.webp 768w, https:\/\/arteconfort.com\/wp-content\/uploads\/2023\/10\/NIZAR-NEGRO-340x340.webp 340w, https:\/\/arteconfort.com\/wp-content\/uploads\/2023\/10\/NIZAR-NEGRO-640x640.webp 640w, https:\/\/arteconfort.com\/wp-content\/uploads\/2023\/10\/NIZAR-NEGRO-960x960.webp 960w, https:\/\/arteconfort.com\/wp-content\/uploads\/2023\/10\/NIZAR-NEGRO-133x133.webp 133w, https:\/\/arteconfort.com\/wp-content\/uploads\/2023\/10\/NIZAR-NEGRO-300x300.webp 300w, https:\/\/arteconfort.com\/wp-content\/uploads\/2023\/10\/NIZAR-NEGRO-600x600.webp 600w, https:\/\/arteconfort.com\/wp-content\/uploads\/2023\/10\/NIZAR-NEGRO-100x100.webp 100w\" sizes=\"auto, (max-width: 1024px) 100vw, 1024px\" \/><img loading=\"lazy\" decoding=\"async\" width=\"1024\" height=\"1024\" src=\"https:\/\/arteconfort.com\/wp-content\/uploads\/2023\/10\/NIZAR-NEGRO-6.webp\" class=\"attachment-shop_catalog size-shop_catalog\" alt=\"Solar NIZAR sensor\" srcset=\"https:\/\/arteconfort.com\/wp-content\/uploads\/2023\/10\/NIZAR-NEGRO-6.webp 1024w, https:\/\/arteconfort.com\/wp-content\/uploads\/2023\/10\/NIZAR-NEGRO-6-768x768.webp 768w, https:\/\/arteconfort.com\/wp-content\/uploads\/2023\/10\/NIZAR-NEGRO-6-340x340.webp 340w, https:\/\/arteconfort.com\/wp-content\/uploads\/2023\/10\/NIZAR-NEGRO-6-640x640.webp 640w, https:\/\/arteconfort.com\/wp-content\/uploads\/2023\/10\/NIZAR-NEGRO-6-960x960.webp 960w, https:\/\/arteconfort.com\/wp-content\/uploads\/2023\/10\/NIZAR-NEGRO-6-133x133.webp 133w, https:\/\/arteconfort.com\/wp-content\/uploads\/2023\/10\/NIZAR-NEGRO-6-300x300.webp 300w, https:\/\/arteconfort.com\/wp-content\/uploads\/2023\/10\/NIZAR-NEGRO-6-600x600.webp 600w, https:\/\/arteconfort.com\/wp-content\/uploads\/2023\/10\/NIZAR-NEGRO-6-100x100.webp 100w\" sizes=\"auto, (max-width: 1024px) 100vw, 1024px\" \/><img loading=\"lazy\" decoding=\"async\" width=\"1024\" height=\"1024\" src=\"https:\/\/arteconfort.com\/wp-content\/uploads\/2023\/10\/NIZAR-NEGRO-4.webp\" class=\"attachment-shop_catalog size-shop_catalog\" alt=\"Solar NIZAR panel\" srcset=\"https:\/\/arteconfort.com\/wp-content\/uploads\/2023\/10\/NIZAR-NEGRO-4.webp 1024w, https:\/\/arteconfort.com\/wp-content\/uploads\/2023\/10\/NIZAR-NEGRO-4-768x768.webp 768w, https:\/\/arteconfort.com\/wp-content\/uploads\/2023\/10\/NIZAR-NEGRO-4-340x340.webp 340w, https:\/\/arteconfort.com\/wp-content\/uploads\/2023\/10\/NIZAR-NEGRO-4-640x640.webp 640w, https:\/\/arteconfort.com\/wp-content\/uploads\/2023\/10\/NIZAR-NEGRO-4-960x960.webp 960w, https:\/\/arteconfort.com\/wp-content\/uploads\/2023\/10\/NIZAR-NEGRO-4-133x133.webp 133w, https:\/\/arteconfort.com\/wp-content\/uploads\/2023\/10\/NIZAR-NEGRO-4-300x300.webp 300w, https:\/\/arteconfort.com\/wp-content\/uploads\/2023\/10\/NIZAR-NEGRO-4-600x600.webp 600w, https:\/\/arteconfort.com\/wp-content\/uploads\/2023\/10\/NIZAR-NEGRO-4-100x100.webp 100w\" sizes=\"auto, (max-width: 1024px) 100vw, 1024px\" \/>\t<\/a>\n\t<div class=\"w-product-status\"><\/div>\t<span id=\"woocommerce_loop_add_to_cart_link_describedby_11161\" class=\"screen-reader-text\">\n\t\t\t<\/span>\n<\/div><figcaption><h2 class=\"woocommerce-loop-product__title\">NIZAR<\/h2><div class=\"woocommerce-product-details__short-description\">\n\t<p>Luz de parede solar ajust\u00e1vel. Fabricado em material altamente resistente ao impacto. Uma boa op\u00e7\u00e3o para iluminar qualquer<\/div>\n\n<\/figcaption><\/figure><\/li>\n<li class=\"product type-product post-11204 status-publish instock product_cat-iluminacion-solar-de-pared-pt-pt product_cat-solar-pt-pt has-post-thumbnail shipping-taxable product-type-external w-item five-cols\">\n\t<figure><div class=\"image-wrapper\">\t\t<a href=\"https:\/\/arteconfort.com\/pt-pt\/producto\/set-hidra\/\" class=\"w-fadeslider\">\n\t<img loading=\"lazy\" decoding=\"async\" width=\"1024\" height=\"1024\" src=\"https:\/\/arteconfort.com\/wp-content\/uploads\/2023\/10\/HIDRA-SET.webp\" class=\"attachment-shop_catalog size-shop_catalog wp-post-image\" alt=\"HIDRA SET\" srcset=\"https:\/\/arteconfort.com\/wp-content\/uploads\/2023\/10\/HIDRA-SET.webp 1024w, https:\/\/arteconfort.com\/wp-content\/uploads\/2023\/10\/HIDRA-SET-768x768.webp 768w, https:\/\/arteconfort.com\/wp-content\/uploads\/2023\/10\/HIDRA-SET-340x340.webp 340w, https:\/\/arteconfort.com\/wp-content\/uploads\/2023\/10\/HIDRA-SET-640x640.webp 640w, https:\/\/arteconfort.com\/wp-content\/uploads\/2023\/10\/HIDRA-SET-960x960.webp 960w, https:\/\/arteconfort.com\/wp-content\/uploads\/2023\/10\/HIDRA-SET-300x300.webp 300w, https:\/\/arteconfort.com\/wp-content\/uploads\/2023\/10\/HIDRA-SET-600x600.webp 600w, https:\/\/arteconfort.com\/wp-content\/uploads\/2023\/10\/HIDRA-SET-100x100.webp 100w, https:\/\/arteconfort.com\/wp-content\/uploads\/2023\/10\/HIDRA-SET-133x133.webp 133w\" sizes=\"auto, (max-width: 1024px) 100vw, 1024px\" \/>\t<img loading=\"lazy\" decoding=\"async\" width=\"1024\" height=\"1024\" src=\"https:\/\/arteconfort.com\/wp-content\/uploads\/2023\/10\/ambiente-HIDRA-2.webp\" class=\"attachment-shop_catalog size-shop_catalog\" alt=\"Ambiente HIDRA 2\" srcset=\"https:\/\/arteconfort.com\/wp-content\/uploads\/2023\/10\/ambiente-HIDRA-2.webp 1024w, https:\/\/arteconfort.com\/wp-content\/uploads\/2023\/10\/ambiente-HIDRA-2-768x768.webp 768w, https:\/\/arteconfort.com\/wp-content\/uploads\/2023\/10\/ambiente-HIDRA-2-340x340.webp 340w, https:\/\/arteconfort.com\/wp-content\/uploads\/2023\/10\/ambiente-HIDRA-2-640x640.webp 640w, https:\/\/arteconfort.com\/wp-content\/uploads\/2023\/10\/ambiente-HIDRA-2-960x960.webp 960w, https:\/\/arteconfort.com\/wp-content\/uploads\/2023\/10\/ambiente-HIDRA-2-133x133.webp 133w, https:\/\/arteconfort.com\/wp-content\/uploads\/2023\/10\/ambiente-HIDRA-2-300x300.webp 300w, https:\/\/arteconfort.com\/wp-content\/uploads\/2023\/10\/ambiente-HIDRA-2-600x600.webp 600w, https:\/\/arteconfort.com\/wp-content\/uploads\/2023\/10\/ambiente-HIDRA-2-100x100.webp 100w\" sizes=\"auto, (max-width: 1024px) 100vw, 1024px\" \/><img loading=\"lazy\" decoding=\"async\" width=\"1024\" height=\"1024\" src=\"https:\/\/arteconfort.com\/wp-content\/uploads\/2023\/10\/HIDRA.webp\" class=\"attachment-shop_catalog size-shop_catalog\" alt=\"HIDRA BOMBILLA\" srcset=\"https:\/\/arteconfort.com\/wp-content\/uploads\/2023\/10\/HIDRA.webp 1024w, https:\/\/arteconfort.com\/wp-content\/uploads\/2023\/10\/HIDRA-768x768.webp 768w, https:\/\/arteconfort.com\/wp-content\/uploads\/2023\/10\/HIDRA-340x340.webp 340w, https:\/\/arteconfort.com\/wp-content\/uploads\/2023\/10\/HIDRA-640x640.webp 640w, https:\/\/arteconfort.com\/wp-content\/uploads\/2023\/10\/HIDRA-960x960.webp 960w, https:\/\/arteconfort.com\/wp-content\/uploads\/2023\/10\/HIDRA-133x133.webp 133w, https:\/\/arteconfort.com\/wp-content\/uploads\/2023\/10\/HIDRA-300x300.webp 300w, https:\/\/arteconfort.com\/wp-content\/uploads\/2023\/10\/HIDRA-600x600.webp 600w, https:\/\/arteconfort.com\/wp-content\/uploads\/2023\/10\/HIDRA-100x100.webp 100w\" sizes=\"auto, (max-width: 1024px) 100vw, 1024px\" \/>\t<\/a>\n\t<div class=\"w-product-status\"><\/div>\t<span id=\"woocommerce_loop_add_to_cart_link_describedby_11204\" class=\"screen-reader-text\">\n\t\t\t<\/span>\n<\/div><figcaption><h2 class=\"woocommerce-loop-product__title\">SET HIDRA<\/h2><div class=\"woocommerce-product-details__short-description\">\n\t<p>Kit solar com l\u00e2mpadas e bateria. A bateria tem v\u00e1rias portas, uma para ilumina\u00e7\u00e3o, bem como uma para<\/div>\n\n<\/figcaption><\/figure><\/li>\n<li class=\"product type-product post-11201 status-publish instock product_cat-descatalogados-pt-pt has-post-thumbnail shipping-taxable product-type-simple w-item five-cols\">\n\t<figure><div class=\"image-wrapper\">\t\t<a href=\"https:\/\/arteconfort.com\/pt-pt\/producto\/remus-smart\/\" class=\"w-fadeslider\">\n\t<img loading=\"lazy\" decoding=\"async\" width=\"1024\" height=\"1024\" src=\"https:\/\/arteconfort.com\/wp-content\/uploads\/2023\/10\/REMUS-SMART.webp\" class=\"attachment-shop_catalog size-shop_catalog wp-post-image\" alt=\"REMUS SMART\" srcset=\"https:\/\/arteconfort.com\/wp-content\/uploads\/2023\/10\/REMUS-SMART.webp 1024w, https:\/\/arteconfort.com\/wp-content\/uploads\/2023\/10\/REMUS-SMART-768x768.webp 768w, https:\/\/arteconfort.com\/wp-content\/uploads\/2023\/10\/REMUS-SMART-340x340.webp 340w, https:\/\/arteconfort.com\/wp-content\/uploads\/2023\/10\/REMUS-SMART-640x640.webp 640w, https:\/\/arteconfort.com\/wp-content\/uploads\/2023\/10\/REMUS-SMART-960x960.webp 960w, https:\/\/arteconfort.com\/wp-content\/uploads\/2023\/10\/REMUS-SMART-300x300.webp 300w, https:\/\/arteconfort.com\/wp-content\/uploads\/2023\/10\/REMUS-SMART-600x600.webp 600w, https:\/\/arteconfort.com\/wp-content\/uploads\/2023\/10\/REMUS-SMART-100x100.webp 100w, https:\/\/arteconfort.com\/wp-content\/uploads\/2023\/10\/REMUS-SMART-133x133.webp 133w\" sizes=\"auto, (max-width: 1024px) 100vw, 1024px\" \/>\t<img loading=\"lazy\" decoding=\"async\" width=\"1024\" height=\"1024\" src=\"https:\/\/arteconfort.com\/wp-content\/uploads\/2023\/10\/REMUS-SMART-ambiente.webp\" class=\"attachment-shop_catalog size-shop_catalog\" alt=\"REMUS SMART ambiente\" srcset=\"https:\/\/arteconfort.com\/wp-content\/uploads\/2023\/10\/REMUS-SMART-ambiente.webp 1024w, https:\/\/arteconfort.com\/wp-content\/uploads\/2023\/10\/REMUS-SMART-ambiente-768x768.webp 768w, https:\/\/arteconfort.com\/wp-content\/uploads\/2023\/10\/REMUS-SMART-ambiente-340x340.webp 340w, https:\/\/arteconfort.com\/wp-content\/uploads\/2023\/10\/REMUS-SMART-ambiente-640x640.webp 640w, https:\/\/arteconfort.com\/wp-content\/uploads\/2023\/10\/REMUS-SMART-ambiente-960x960.webp 960w, https:\/\/arteconfort.com\/wp-content\/uploads\/2023\/10\/REMUS-SMART-ambiente-133x133.webp 133w, https:\/\/arteconfort.com\/wp-content\/uploads\/2023\/10\/REMUS-SMART-ambiente-300x300.webp 300w, https:\/\/arteconfort.com\/wp-content\/uploads\/2023\/10\/REMUS-SMART-ambiente-600x600.webp 600w, https:\/\/arteconfort.com\/wp-content\/uploads\/2023\/10\/REMUS-SMART-ambiente-100x100.webp 100w\" sizes=\"auto, (max-width: 1024px) 100vw, 1024px\" \/><img loading=\"lazy\" decoding=\"async\" width=\"1024\" height=\"1024\" src=\"https:\/\/arteconfort.com\/wp-content\/uploads\/2023\/10\/REMUS-SMART-luz.webp\" class=\"attachment-shop_catalog size-shop_catalog\" alt=\"REMUS SMART luz\" srcset=\"https:\/\/arteconfort.com\/wp-content\/uploads\/2023\/10\/REMUS-SMART-luz.webp 1024w, https:\/\/arteconfort.com\/wp-content\/uploads\/2023\/10\/REMUS-SMART-luz-768x768.webp 768w, https:\/\/arteconfort.com\/wp-content\/uploads\/2023\/10\/REMUS-SMART-luz-340x340.webp 340w, https:\/\/arteconfort.com\/wp-content\/uploads\/2023\/10\/REMUS-SMART-luz-640x640.webp 640w, https:\/\/arteconfort.com\/wp-content\/uploads\/2023\/10\/REMUS-SMART-luz-960x960.webp 960w, https:\/\/arteconfort.com\/wp-content\/uploads\/2023\/10\/REMUS-SMART-luz-133x133.webp 133w, https:\/\/arteconfort.com\/wp-content\/uploads\/2023\/10\/REMUS-SMART-luz-300x300.webp 300w, https:\/\/arteconfort.com\/wp-content\/uploads\/2023\/10\/REMUS-SMART-luz-600x600.webp 600w, https:\/\/arteconfort.com\/wp-content\/uploads\/2023\/10\/REMUS-SMART-luz-100x100.webp 100w\" sizes=\"auto, (max-width: 1024px) 100vw, 1024px\" \/><img loading=\"lazy\" decoding=\"async\" width=\"1024\" height=\"1024\" src=\"https:\/\/arteconfort.com\/wp-content\/uploads\/2023\/10\/REMUS-SMART-frontal.webp\" class=\"attachment-shop_catalog size-shop_catalog\" alt=\"REMUS SMART frontal\" srcset=\"https:\/\/arteconfort.com\/wp-content\/uploads\/2023\/10\/REMUS-SMART-frontal.webp 1024w, https:\/\/arteconfort.com\/wp-content\/uploads\/2023\/10\/REMUS-SMART-frontal-768x768.webp 768w, https:\/\/arteconfort.com\/wp-content\/uploads\/2023\/10\/REMUS-SMART-frontal-340x340.webp 340w, https:\/\/arteconfort.com\/wp-content\/uploads\/2023\/10\/REMUS-SMART-frontal-640x640.webp 640w, https:\/\/arteconfort.com\/wp-content\/uploads\/2023\/10\/REMUS-SMART-frontal-960x960.webp 960w, https:\/\/arteconfort.com\/wp-content\/uploads\/2023\/10\/REMUS-SMART-frontal-133x133.webp 133w, https:\/\/arteconfort.com\/wp-content\/uploads\/2023\/10\/REMUS-SMART-frontal-300x300.webp 300w, https:\/\/arteconfort.com\/wp-content\/uploads\/2023\/10\/REMUS-SMART-frontal-600x600.webp 600w, https:\/\/arteconfort.com\/wp-content\/uploads\/2023\/10\/REMUS-SMART-frontal-100x100.webp 100w\" sizes=\"auto, (max-width: 1024px) 100vw, 1024px\" \/><img loading=\"lazy\" decoding=\"async\" width=\"1024\" height=\"1024\" src=\"https:\/\/arteconfort.com\/wp-content\/uploads\/2023\/10\/REMUS-SMART-mando.webp\" class=\"attachment-shop_catalog size-shop_catalog\" alt=\"REMUS SMART mando\" srcset=\"https:\/\/arteconfort.com\/wp-content\/uploads\/2023\/10\/REMUS-SMART-mando.webp 1024w, https:\/\/arteconfort.com\/wp-content\/uploads\/2023\/10\/REMUS-SMART-mando-768x768.webp 768w, https:\/\/arteconfort.com\/wp-content\/uploads\/2023\/10\/REMUS-SMART-mando-340x340.webp 340w, https:\/\/arteconfort.com\/wp-content\/uploads\/2023\/10\/REMUS-SMART-mando-640x640.webp 640w, https:\/\/arteconfort.com\/wp-content\/uploads\/2023\/10\/REMUS-SMART-mando-960x960.webp 960w, https:\/\/arteconfort.com\/wp-content\/uploads\/2023\/10\/REMUS-SMART-mando-133x133.webp 133w, https:\/\/arteconfort.com\/wp-content\/uploads\/2023\/10\/REMUS-SMART-mando-300x300.webp 300w, https:\/\/arteconfort.com\/wp-content\/uploads\/2023\/10\/REMUS-SMART-mando-600x600.webp 600w, https:\/\/arteconfort.com\/wp-content\/uploads\/2023\/10\/REMUS-SMART-mando-100x100.webp 100w\" sizes=\"auto, (max-width: 1024px) 100vw, 1024px\" \/><img loading=\"lazy\" decoding=\"async\" width=\"1024\" height=\"1024\" src=\"https:\/\/arteconfort.com\/wp-content\/uploads\/2023\/10\/REMUS-SMART-trasera.webp\" class=\"attachment-shop_catalog size-shop_catalog\" alt=\"REMUS SMART trasera\" srcset=\"https:\/\/arteconfort.com\/wp-content\/uploads\/2023\/10\/REMUS-SMART-trasera.webp 1024w, https:\/\/arteconfort.com\/wp-content\/uploads\/2023\/10\/REMUS-SMART-trasera-768x768.webp 768w, https:\/\/arteconfort.com\/wp-content\/uploads\/2023\/10\/REMUS-SMART-trasera-340x340.webp 340w, https:\/\/arteconfort.com\/wp-content\/uploads\/2023\/10\/REMUS-SMART-trasera-640x640.webp 640w, https:\/\/arteconfort.com\/wp-content\/uploads\/2023\/10\/REMUS-SMART-trasera-960x960.webp 960w, https:\/\/arteconfort.com\/wp-content\/uploads\/2023\/10\/REMUS-SMART-trasera-133x133.webp 133w, https:\/\/arteconfort.com\/wp-content\/uploads\/2023\/10\/REMUS-SMART-trasera-300x300.webp 300w, https:\/\/arteconfort.com\/wp-content\/uploads\/2023\/10\/REMUS-SMART-trasera-600x600.webp 600w, https:\/\/arteconfort.com\/wp-content\/uploads\/2023\/10\/REMUS-SMART-trasera-100x100.webp 100w\" sizes=\"auto, (max-width: 1024px) 100vw, 1024px\" \/><img loading=\"lazy\" decoding=\"async\" width=\"1024\" height=\"1024\" src=\"https:\/\/arteconfort.com\/wp-content\/uploads\/2023\/10\/REMUS-SMART-panel.webp\" class=\"attachment-shop_catalog size-shop_catalog\" alt=\"REMUS SMART panel\" srcset=\"https:\/\/arteconfort.com\/wp-content\/uploads\/2023\/10\/REMUS-SMART-panel.webp 1024w, https:\/\/arteconfort.com\/wp-content\/uploads\/2023\/10\/REMUS-SMART-panel-768x768.webp 768w, https:\/\/arteconfort.com\/wp-content\/uploads\/2023\/10\/REMUS-SMART-panel-340x340.webp 340w, https:\/\/arteconfort.com\/wp-content\/uploads\/2023\/10\/REMUS-SMART-panel-640x640.webp 640w, https:\/\/arteconfort.com\/wp-content\/uploads\/2023\/10\/REMUS-SMART-panel-960x960.webp 960w, https:\/\/arteconfort.com\/wp-content\/uploads\/2023\/10\/REMUS-SMART-panel-133x133.webp 133w, https:\/\/arteconfort.com\/wp-content\/uploads\/2023\/10\/REMUS-SMART-panel-300x300.webp 300w, https:\/\/arteconfort.com\/wp-content\/uploads\/2023\/10\/REMUS-SMART-panel-600x600.webp 600w, https:\/\/arteconfort.com\/wp-content\/uploads\/2023\/10\/REMUS-SMART-panel-100x100.webp 100w\" sizes=\"auto, (max-width: 1024px) 100vw, 1024px\" \/><img loading=\"lazy\" decoding=\"async\" width=\"1024\" height=\"1024\" src=\"https:\/\/arteconfort.com\/wp-content\/uploads\/2023\/10\/REMUS-SMART-detalle-frontal.webp\" class=\"attachment-shop_catalog size-shop_catalog\" alt=\"REMUS SMART detalle frontal\" srcset=\"https:\/\/arteconfort.com\/wp-content\/uploads\/2023\/10\/REMUS-SMART-detalle-frontal.webp 1024w, https:\/\/arteconfort.com\/wp-content\/uploads\/2023\/10\/REMUS-SMART-detalle-frontal-768x768.webp 768w, https:\/\/arteconfort.com\/wp-content\/uploads\/2023\/10\/REMUS-SMART-detalle-frontal-340x340.webp 340w, https:\/\/arteconfort.com\/wp-content\/uploads\/2023\/10\/REMUS-SMART-detalle-frontal-640x640.webp 640w, https:\/\/arteconfort.com\/wp-content\/uploads\/2023\/10\/REMUS-SMART-detalle-frontal-960x960.webp 960w, https:\/\/arteconfort.com\/wp-content\/uploads\/2023\/10\/REMUS-SMART-detalle-frontal-133x133.webp 133w, https:\/\/arteconfort.com\/wp-content\/uploads\/2023\/10\/REMUS-SMART-detalle-frontal-300x300.webp 300w, https:\/\/arteconfort.com\/wp-content\/uploads\/2023\/10\/REMUS-SMART-detalle-frontal-600x600.webp 600w, https:\/\/arteconfort.com\/wp-content\/uploads\/2023\/10\/REMUS-SMART-detalle-frontal-100x100.webp 100w\" sizes=\"auto, (max-width: 1024px) 100vw, 1024px\" \/>\t<\/a>\n\t<div class=\"w-product-status\"><\/div>\t<span id=\"woocommerce_loop_add_to_cart_link_describedby_11201\" class=\"screen-reader-text\">\n\t\t\t<\/span>\n<\/div><figcaption><h2 class=\"woocommerce-loop-product__title\">REMUS SMART<\/h2><div class=\"woocommerce-product-details__short-description\">\n\t<p>Ligue a ilumina\u00e7\u00e3o exterior da sua casa com este projector solar LED de controlo remoto. Inclui sensor de<\/div>\n\n<\/figcaption><\/figure><\/li>\n<li class=\"product type-product post-11136 status-publish instock product_cat-descatalogados-pt-pt product_cat-iluminacion-pt-pt has-post-thumbnail shipping-taxable product-type-simple w-item five-cols\">\n\t<figure><div class=\"image-wrapper\">\t\t<a href=\"https:\/\/arteconfort.com\/pt-pt\/producto\/kore-m\/\" class=\"w-fadeslider\">\n\t<img loading=\"lazy\" decoding=\"async\" width=\"1024\" height=\"1024\" src=\"https:\/\/arteconfort.com\/wp-content\/uploads\/2023\/10\/KORE-M.webp\" class=\"attachment-shop_catalog size-shop_catalog wp-post-image\" alt=\"Aplique solar KORE M\" srcset=\"https:\/\/arteconfort.com\/wp-content\/uploads\/2023\/10\/KORE-M.webp 1024w, https:\/\/arteconfort.com\/wp-content\/uploads\/2023\/10\/KORE-M-768x768.webp 768w, https:\/\/arteconfort.com\/wp-content\/uploads\/2023\/10\/KORE-M-340x340.webp 340w, https:\/\/arteconfort.com\/wp-content\/uploads\/2023\/10\/KORE-M-640x640.webp 640w, https:\/\/arteconfort.com\/wp-content\/uploads\/2023\/10\/KORE-M-960x960.webp 960w, https:\/\/arteconfort.com\/wp-content\/uploads\/2023\/10\/KORE-M-300x300.webp 300w, https:\/\/arteconfort.com\/wp-content\/uploads\/2023\/10\/KORE-M-600x600.webp 600w, https:\/\/arteconfort.com\/wp-content\/uploads\/2023\/10\/KORE-M-100x100.webp 100w, https:\/\/arteconfort.com\/wp-content\/uploads\/2023\/10\/KORE-M-133x133.webp 133w\" sizes=\"auto, (max-width: 1024px) 100vw, 1024px\" \/>\t<img loading=\"lazy\" decoding=\"async\" width=\"1024\" height=\"1024\" src=\"https:\/\/arteconfort.com\/wp-content\/uploads\/2023\/10\/ambiente-KORE-M.webp\" class=\"attachment-shop_catalog size-shop_catalog\" alt=\"Foco solar KORE M en pared\" srcset=\"https:\/\/arteconfort.com\/wp-content\/uploads\/2023\/10\/ambiente-KORE-M.webp 1024w, https:\/\/arteconfort.com\/wp-content\/uploads\/2023\/10\/ambiente-KORE-M-768x768.webp 768w, https:\/\/arteconfort.com\/wp-content\/uploads\/2023\/10\/ambiente-KORE-M-340x340.webp 340w, https:\/\/arteconfort.com\/wp-content\/uploads\/2023\/10\/ambiente-KORE-M-640x640.webp 640w, https:\/\/arteconfort.com\/wp-content\/uploads\/2023\/10\/ambiente-KORE-M-960x960.webp 960w, https:\/\/arteconfort.com\/wp-content\/uploads\/2023\/10\/ambiente-KORE-M-133x133.webp 133w, https:\/\/arteconfort.com\/wp-content\/uploads\/2023\/10\/ambiente-KORE-M-300x300.webp 300w, https:\/\/arteconfort.com\/wp-content\/uploads\/2023\/10\/ambiente-KORE-M-600x600.webp 600w, https:\/\/arteconfort.com\/wp-content\/uploads\/2023\/10\/ambiente-KORE-M-100x100.webp 100w\" sizes=\"auto, (max-width: 1024px) 100vw, 1024px\" \/><img loading=\"lazy\" decoding=\"async\" width=\"1024\" height=\"1024\" src=\"https:\/\/arteconfort.com\/wp-content\/uploads\/2023\/10\/KORE-M-PERSPECTIVA.webp\" class=\"attachment-shop_catalog size-shop_catalog\" alt=\"KORE M perspectiva\" srcset=\"https:\/\/arteconfort.com\/wp-content\/uploads\/2023\/10\/KORE-M-PERSPECTIVA.webp 1024w, https:\/\/arteconfort.com\/wp-content\/uploads\/2023\/10\/KORE-M-PERSPECTIVA-768x768.webp 768w, https:\/\/arteconfort.com\/wp-content\/uploads\/2023\/10\/KORE-M-PERSPECTIVA-340x340.webp 340w, https:\/\/arteconfort.com\/wp-content\/uploads\/2023\/10\/KORE-M-PERSPECTIVA-640x640.webp 640w, https:\/\/arteconfort.com\/wp-content\/uploads\/2023\/10\/KORE-M-PERSPECTIVA-960x960.webp 960w, https:\/\/arteconfort.com\/wp-content\/uploads\/2023\/10\/KORE-M-PERSPECTIVA-133x133.webp 133w, https:\/\/arteconfort.com\/wp-content\/uploads\/2023\/10\/KORE-M-PERSPECTIVA-300x300.webp 300w, https:\/\/arteconfort.com\/wp-content\/uploads\/2023\/10\/KORE-M-PERSPECTIVA-600x600.webp 600w, https:\/\/arteconfort.com\/wp-content\/uploads\/2023\/10\/KORE-M-PERSPECTIVA-100x100.webp 100w\" sizes=\"auto, (max-width: 1024px) 100vw, 1024px\" \/><img loading=\"lazy\" decoding=\"async\" width=\"1024\" height=\"1024\" src=\"https:\/\/arteconfort.com\/wp-content\/uploads\/2023\/10\/KORE-M-PANEL.webp\" class=\"attachment-shop_catalog size-shop_catalog\" alt=\"KORE M panel\" srcset=\"https:\/\/arteconfort.com\/wp-content\/uploads\/2023\/10\/KORE-M-PANEL.webp 1024w, https:\/\/arteconfort.com\/wp-content\/uploads\/2023\/10\/KORE-M-PANEL-768x768.webp 768w, https:\/\/arteconfort.com\/wp-content\/uploads\/2023\/10\/KORE-M-PANEL-340x340.webp 340w, https:\/\/arteconfort.com\/wp-content\/uploads\/2023\/10\/KORE-M-PANEL-640x640.webp 640w, https:\/\/arteconfort.com\/wp-content\/uploads\/2023\/10\/KORE-M-PANEL-960x960.webp 960w, https:\/\/arteconfort.com\/wp-content\/uploads\/2023\/10\/KORE-M-PANEL-133x133.webp 133w, https:\/\/arteconfort.com\/wp-content\/uploads\/2023\/10\/KORE-M-PANEL-300x300.webp 300w, https:\/\/arteconfort.com\/wp-content\/uploads\/2023\/10\/KORE-M-PANEL-600x600.webp 600w, https:\/\/arteconfort.com\/wp-content\/uploads\/2023\/10\/KORE-M-PANEL-100x100.webp 100w\" sizes=\"auto, (max-width: 1024px) 100vw, 1024px\" \/><img loading=\"lazy\" decoding=\"async\" width=\"1024\" height=\"1024\" src=\"https:\/\/arteconfort.com\/wp-content\/uploads\/2023\/10\/KOME-M-detalle-panel.webp\" class=\"attachment-shop_catalog size-shop_catalog\" alt=\"KORE M detalle panel\" srcset=\"https:\/\/arteconfort.com\/wp-content\/uploads\/2023\/10\/KOME-M-detalle-panel.webp 1024w, https:\/\/arteconfort.com\/wp-content\/uploads\/2023\/10\/KOME-M-detalle-panel-768x768.webp 768w, https:\/\/arteconfort.com\/wp-content\/uploads\/2023\/10\/KOME-M-detalle-panel-340x340.webp 340w, https:\/\/arteconfort.com\/wp-content\/uploads\/2023\/10\/KOME-M-detalle-panel-640x640.webp 640w, https:\/\/arteconfort.com\/wp-content\/uploads\/2023\/10\/KOME-M-detalle-panel-960x960.webp 960w, https:\/\/arteconfort.com\/wp-content\/uploads\/2023\/10\/KOME-M-detalle-panel-133x133.webp 133w, https:\/\/arteconfort.com\/wp-content\/uploads\/2023\/10\/KOME-M-detalle-panel-300x300.webp 300w, https:\/\/arteconfort.com\/wp-content\/uploads\/2023\/10\/KOME-M-detalle-panel-600x600.webp 600w, https:\/\/arteconfort.com\/wp-content\/uploads\/2023\/10\/KOME-M-detalle-panel-100x100.webp 100w\" sizes=\"auto, (max-width: 1024px) 100vw, 1024px\" \/><img loading=\"lazy\" decoding=\"async\" width=\"1024\" height=\"1024\" src=\"https:\/\/arteconfort.com\/wp-content\/uploads\/2023\/10\/KORE-M-vista.webp\" class=\"attachment-shop_catalog size-shop_catalog\" alt=\"KORE M vista enganche\" srcset=\"https:\/\/arteconfort.com\/wp-content\/uploads\/2023\/10\/KORE-M-vista.webp 1024w, https:\/\/arteconfort.com\/wp-content\/uploads\/2023\/10\/KORE-M-vista-768x768.webp 768w, https:\/\/arteconfort.com\/wp-content\/uploads\/2023\/10\/KORE-M-vista-340x340.webp 340w, https:\/\/arteconfort.com\/wp-content\/uploads\/2023\/10\/KORE-M-vista-640x640.webp 640w, https:\/\/arteconfort.com\/wp-content\/uploads\/2023\/10\/KORE-M-vista-960x960.webp 960w, https:\/\/arteconfort.com\/wp-content\/uploads\/2023\/10\/KORE-M-vista-133x133.webp 133w, https:\/\/arteconfort.com\/wp-content\/uploads\/2023\/10\/KORE-M-vista-300x300.webp 300w, https:\/\/arteconfort.com\/wp-content\/uploads\/2023\/10\/KORE-M-vista-600x600.webp 600w, https:\/\/arteconfort.com\/wp-content\/uploads\/2023\/10\/KORE-M-vista-100x100.webp 100w\" sizes=\"auto, (max-width: 1024px) 100vw, 1024px\" \/><img loading=\"lazy\" decoding=\"async\" width=\"1024\" height=\"1024\" src=\"https:\/\/arteconfort.com\/wp-content\/uploads\/2023\/10\/KOME-M-detalle-trasera.webp\" class=\"attachment-shop_catalog size-shop_catalog\" alt=\"KORE M detalle trasera\" srcset=\"https:\/\/arteconfort.com\/wp-content\/uploads\/2023\/10\/KOME-M-detalle-trasera.webp 1024w, https:\/\/arteconfort.com\/wp-content\/uploads\/2023\/10\/KOME-M-detalle-trasera-768x768.webp 768w, https:\/\/arteconfort.com\/wp-content\/uploads\/2023\/10\/KOME-M-detalle-trasera-340x340.webp 340w, https:\/\/arteconfort.com\/wp-content\/uploads\/2023\/10\/KOME-M-detalle-trasera-640x640.webp 640w, https:\/\/arteconfort.com\/wp-content\/uploads\/2023\/10\/KOME-M-detalle-trasera-960x960.webp 960w, https:\/\/arteconfort.com\/wp-content\/uploads\/2023\/10\/KOME-M-detalle-trasera-133x133.webp 133w, https:\/\/arteconfort.com\/wp-content\/uploads\/2023\/10\/KOME-M-detalle-trasera-300x300.webp 300w, https:\/\/arteconfort.com\/wp-content\/uploads\/2023\/10\/KOME-M-detalle-trasera-600x600.webp 600w, https:\/\/arteconfort.com\/wp-content\/uploads\/2023\/10\/KOME-M-detalle-trasera-100x100.webp 100w\" sizes=\"auto, (max-width: 1024px) 100vw, 1024px\" \/><img loading=\"lazy\" decoding=\"async\" width=\"1024\" height=\"1024\" src=\"https:\/\/arteconfort.com\/wp-content\/uploads\/2023\/10\/KORE-M-detalle-botones.webp\" class=\"attachment-shop_catalog size-shop_catalog\" alt=\"KORE M detalle botones\" srcset=\"https:\/\/arteconfort.com\/wp-content\/uploads\/2023\/10\/KORE-M-detalle-botones.webp 1024w, https:\/\/arteconfort.com\/wp-content\/uploads\/2023\/10\/KORE-M-detalle-botones-768x768.webp 768w, https:\/\/arteconfort.com\/wp-content\/uploads\/2023\/10\/KORE-M-detalle-botones-340x340.webp 340w, https:\/\/arteconfort.com\/wp-content\/uploads\/2023\/10\/KORE-M-detalle-botones-640x640.webp 640w, https:\/\/arteconfort.com\/wp-content\/uploads\/2023\/10\/KORE-M-detalle-botones-960x960.webp 960w, https:\/\/arteconfort.com\/wp-content\/uploads\/2023\/10\/KORE-M-detalle-botones-133x133.webp 133w, https:\/\/arteconfort.com\/wp-content\/uploads\/2023\/10\/KORE-M-detalle-botones-300x300.webp 300w, https:\/\/arteconfort.com\/wp-content\/uploads\/2023\/10\/KORE-M-detalle-botones-600x600.webp 600w, https:\/\/arteconfort.com\/wp-content\/uploads\/2023\/10\/KORE-M-detalle-botones-100x100.webp 100w\" sizes=\"auto, (max-width: 1024px) 100vw, 1024px\" \/>\t<\/a>\n\t<div class=\"w-product-status\"><\/div>\t<span id=\"woocommerce_loop_add_to_cart_link_describedby_11136\" class=\"screen-reader-text\">\n\t\t\t<\/span>\n<\/div><figcaption><h2 class=\"woocommerce-loop-product__title\">KORE M<\/h2><div class=\"woocommerce-product-details__short-description\">\n\t<p>Luz de parede solar ajust\u00e1vel. Incorpora um painel de alta qualidade que lhe permite captar a luz solar<\/div>\n\n<\/figcaption><\/figure><\/li>\n<li class=\"product type-product post-11133 status-publish last instock product_cat-descatalogados-pt-pt has-post-thumbnail shipping-taxable product-type-simple w-item five-cols\">\n\t<figure><div class=\"image-wrapper\">\t\t<a href=\"https:\/\/arteconfort.com\/pt-pt\/producto\/jano\/\" class=\"w-fadeslider\">\n\t<img loading=\"lazy\" decoding=\"async\" width=\"1024\" height=\"1024\" src=\"https:\/\/arteconfort.com\/wp-content\/uploads\/2023\/10\/JANO.webp\" class=\"attachment-shop_catalog size-shop_catalog wp-post-image\" alt=\"Aplique de pared solar JANO panel\" srcset=\"https:\/\/arteconfort.com\/wp-content\/uploads\/2023\/10\/JANO.webp 1024w, https:\/\/arteconfort.com\/wp-content\/uploads\/2023\/10\/JANO-768x768.webp 768w, https:\/\/arteconfort.com\/wp-content\/uploads\/2023\/10\/JANO-340x340.webp 340w, https:\/\/arteconfort.com\/wp-content\/uploads\/2023\/10\/JANO-640x640.webp 640w, https:\/\/arteconfort.com\/wp-content\/uploads\/2023\/10\/JANO-960x960.webp 960w, https:\/\/arteconfort.com\/wp-content\/uploads\/2023\/10\/JANO-300x300.webp 300w, https:\/\/arteconfort.com\/wp-content\/uploads\/2023\/10\/JANO-600x600.webp 600w, https:\/\/arteconfort.com\/wp-content\/uploads\/2023\/10\/JANO-100x100.webp 100w, https:\/\/arteconfort.com\/wp-content\/uploads\/2023\/10\/JANO-133x133.webp 133w\" sizes=\"auto, (max-width: 1024px) 100vw, 1024px\" \/>\t<img loading=\"lazy\" decoding=\"async\" width=\"1024\" height=\"1024\" src=\"https:\/\/arteconfort.com\/wp-content\/uploads\/2023\/10\/JANO-pared-ambiente.webp\" class=\"attachment-shop_catalog size-shop_catalog\" alt=\"Foco solar JANO\" srcset=\"https:\/\/arteconfort.com\/wp-content\/uploads\/2023\/10\/JANO-pared-ambiente.webp 1024w, https:\/\/arteconfort.com\/wp-content\/uploads\/2023\/10\/JANO-pared-ambiente-768x768.webp 768w, https:\/\/arteconfort.com\/wp-content\/uploads\/2023\/10\/JANO-pared-ambiente-340x340.webp 340w, https:\/\/arteconfort.com\/wp-content\/uploads\/2023\/10\/JANO-pared-ambiente-640x640.webp 640w, https:\/\/arteconfort.com\/wp-content\/uploads\/2023\/10\/JANO-pared-ambiente-960x960.webp 960w, https:\/\/arteconfort.com\/wp-content\/uploads\/2023\/10\/JANO-pared-ambiente-133x133.webp 133w, https:\/\/arteconfort.com\/wp-content\/uploads\/2023\/10\/JANO-pared-ambiente-300x300.webp 300w, https:\/\/arteconfort.com\/wp-content\/uploads\/2023\/10\/JANO-pared-ambiente-600x600.webp 600w, https:\/\/arteconfort.com\/wp-content\/uploads\/2023\/10\/JANO-pared-ambiente-100x100.webp 100w\" sizes=\"auto, (max-width: 1024px) 100vw, 1024px\" \/><img loading=\"lazy\" decoding=\"async\" width=\"1024\" height=\"1024\" src=\"https:\/\/arteconfort.com\/wp-content\/uploads\/2023\/10\/JANO-VISTA-LATERAL-INFERIOR.webp\" class=\"attachment-shop_catalog size-shop_catalog\" alt=\"Aplique de pared solar JANO lateral\" srcset=\"https:\/\/arteconfort.com\/wp-content\/uploads\/2023\/10\/JANO-VISTA-LATERAL-INFERIOR.webp 1024w, https:\/\/arteconfort.com\/wp-content\/uploads\/2023\/10\/JANO-VISTA-LATERAL-INFERIOR-768x768.webp 768w, https:\/\/arteconfort.com\/wp-content\/uploads\/2023\/10\/JANO-VISTA-LATERAL-INFERIOR-340x340.webp 340w, https:\/\/arteconfort.com\/wp-content\/uploads\/2023\/10\/JANO-VISTA-LATERAL-INFERIOR-640x640.webp 640w, https:\/\/arteconfort.com\/wp-content\/uploads\/2023\/10\/JANO-VISTA-LATERAL-INFERIOR-960x960.webp 960w, https:\/\/arteconfort.com\/wp-content\/uploads\/2023\/10\/JANO-VISTA-LATERAL-INFERIOR-133x133.webp 133w, https:\/\/arteconfort.com\/wp-content\/uploads\/2023\/10\/JANO-VISTA-LATERAL-INFERIOR-300x300.webp 300w, https:\/\/arteconfort.com\/wp-content\/uploads\/2023\/10\/JANO-VISTA-LATERAL-INFERIOR-600x600.webp 600w, https:\/\/arteconfort.com\/wp-content\/uploads\/2023\/10\/JANO-VISTA-LATERAL-INFERIOR-100x100.webp 100w\" sizes=\"auto, (max-width: 1024px) 100vw, 1024px\" \/><img loading=\"lazy\" decoding=\"async\" width=\"1024\" height=\"1024\" src=\"https:\/\/arteconfort.com\/wp-content\/uploads\/2023\/10\/JANO-VISTA-LATERAL.webp\" class=\"attachment-shop_catalog size-shop_catalog\" alt=\"Aplique de pared solar JANO vista lateral\" srcset=\"https:\/\/arteconfort.com\/wp-content\/uploads\/2023\/10\/JANO-VISTA-LATERAL.webp 1024w, https:\/\/arteconfort.com\/wp-content\/uploads\/2023\/10\/JANO-VISTA-LATERAL-768x768.webp 768w, https:\/\/arteconfort.com\/wp-content\/uploads\/2023\/10\/JANO-VISTA-LATERAL-340x340.webp 340w, https:\/\/arteconfort.com\/wp-content\/uploads\/2023\/10\/JANO-VISTA-LATERAL-640x640.webp 640w, https:\/\/arteconfort.com\/wp-content\/uploads\/2023\/10\/JANO-VISTA-LATERAL-960x960.webp 960w, https:\/\/arteconfort.com\/wp-content\/uploads\/2023\/10\/JANO-VISTA-LATERAL-133x133.webp 133w, https:\/\/arteconfort.com\/wp-content\/uploads\/2023\/10\/JANO-VISTA-LATERAL-300x300.webp 300w, https:\/\/arteconfort.com\/wp-content\/uploads\/2023\/10\/JANO-VISTA-LATERAL-600x600.webp 600w, https:\/\/arteconfort.com\/wp-content\/uploads\/2023\/10\/JANO-VISTA-LATERAL-100x100.webp 100w\" sizes=\"auto, (max-width: 1024px) 100vw, 1024px\" \/><img loading=\"lazy\" decoding=\"async\" width=\"1024\" height=\"1024\" src=\"https:\/\/arteconfort.com\/wp-content\/uploads\/2023\/10\/JANO-VISTA-TRASERA.webp\" class=\"attachment-shop_catalog size-shop_catalog\" alt=\"Aplique de pared solar JANO vista trasera\" srcset=\"https:\/\/arteconfort.com\/wp-content\/uploads\/2023\/10\/JANO-VISTA-TRASERA.webp 1024w, https:\/\/arteconfort.com\/wp-content\/uploads\/2023\/10\/JANO-VISTA-TRASERA-768x768.webp 768w, https:\/\/arteconfort.com\/wp-content\/uploads\/2023\/10\/JANO-VISTA-TRASERA-340x340.webp 340w, https:\/\/arteconfort.com\/wp-content\/uploads\/2023\/10\/JANO-VISTA-TRASERA-640x640.webp 640w, https:\/\/arteconfort.com\/wp-content\/uploads\/2023\/10\/JANO-VISTA-TRASERA-960x960.webp 960w, https:\/\/arteconfort.com\/wp-content\/uploads\/2023\/10\/JANO-VISTA-TRASERA-133x133.webp 133w, https:\/\/arteconfort.com\/wp-content\/uploads\/2023\/10\/JANO-VISTA-TRASERA-300x300.webp 300w, https:\/\/arteconfort.com\/wp-content\/uploads\/2023\/10\/JANO-VISTA-TRASERA-600x600.webp 600w, https:\/\/arteconfort.com\/wp-content\/uploads\/2023\/10\/JANO-VISTA-TRASERA-100x100.webp 100w\" sizes=\"auto, (max-width: 1024px) 100vw, 1024px\" \/><img loading=\"lazy\" decoding=\"async\" width=\"1024\" height=\"1024\" src=\"https:\/\/arteconfort.com\/wp-content\/uploads\/2023\/10\/JANO-ENCENDIDO.webp\" class=\"attachment-shop_catalog size-shop_catalog\" alt=\"Aplique de pared solar JANO luz\" srcset=\"https:\/\/arteconfort.com\/wp-content\/uploads\/2023\/10\/JANO-ENCENDIDO.webp 1024w, https:\/\/arteconfort.com\/wp-content\/uploads\/2023\/10\/JANO-ENCENDIDO-768x768.webp 768w, https:\/\/arteconfort.com\/wp-content\/uploads\/2023\/10\/JANO-ENCENDIDO-340x340.webp 340w, https:\/\/arteconfort.com\/wp-content\/uploads\/2023\/10\/JANO-ENCENDIDO-640x640.webp 640w, https:\/\/arteconfort.com\/wp-content\/uploads\/2023\/10\/JANO-ENCENDIDO-960x960.webp 960w, https:\/\/arteconfort.com\/wp-content\/uploads\/2023\/10\/JANO-ENCENDIDO-133x133.webp 133w, https:\/\/arteconfort.com\/wp-content\/uploads\/2023\/10\/JANO-ENCENDIDO-300x300.webp 300w, https:\/\/arteconfort.com\/wp-content\/uploads\/2023\/10\/JANO-ENCENDIDO-600x600.webp 600w, https:\/\/arteconfort.com\/wp-content\/uploads\/2023\/10\/JANO-ENCENDIDO-100x100.webp 100w\" sizes=\"auto, (max-width: 1024px) 100vw, 1024px\" \/>\t<\/a>\n\t<div class=\"w-product-status\"><\/div>\t<span id=\"woocommerce_loop_add_to_cart_link_describedby_11133\" class=\"screen-reader-text\">\n\t\t\t<\/span>\n<\/div><figcaption><h2 class=\"woocommerce-loop-product__title\">JANO<\/h2><div class=\"woocommerce-product-details__short-description\">\n\t<p>Luz de parede solar discreta e elegante, \u00e9 o complemento ideal para iluminar qualquer fachada ou exterior. Incorpora<\/div>\n\n<\/figcaption><\/figure><\/li>\n<\/ul>\n<\/div>[vc_empty_space height=&#8221;100px&#8221;][\/vc_column][\/vc_row][vc_row][vc_column][wyde_heading style=&#8221;2&#8243; text_align=&#8221;center&#8221; title=&#8221;E em Espanha&#8221;][vc_column_text]Em Espanha, temos a vantagem de viver numa pen\u00ednsula que \u00e9 uma ilha de energia. Nas palavras de Roberto G\u00f3mez, especialista em fornecimento de energia, ao jornal <a href=\"https:\/\/www.elmundo.es\/economia\/2021\/10\/29\/617abee4fc6c83f01d8b460d.html\">ABC<\/a>, &#8220;temos uma liga\u00e7\u00e3o que fornece 3% ou 5% da energia de que a Espanha necessita, que vem de Fran\u00e7a&#8221;. Os restantes <strong>95% s\u00e3o energia produzida pela pr\u00f3pria Espanha<\/strong>.<\/p>\n<p>A Red El\u00e9ctrica Espa\u00f1ola (REE) assegura que o modelo espanhol \u00e9 seguido por muitos pa\u00edses pela sua seguran\u00e7a e que &#8220;<a href=\"https:\/\/www.elperiodico.com\/es\/economia\/20211031\/red-electrica-hay-indicio-pueda-12544079\">n\u00e3o h\u00e1 nenhuma indica\u00e7\u00e3o objectiva<\/a>&#8221; de que isto possa acontecer.<\/p>\n<p>Estamos conscientes de como \u00e9 dif\u00edcil n\u00e3o ficar alarmado com esta situa\u00e7\u00e3o, especialmente quando est\u00e1 na agenda dos meios de comunica\u00e7\u00e3o e nas conversas do dia-a-dia. N\u00e3o se trata de alarmar uma sociedade inteira, mas de estar <strong>preparado para o que poder\u00e1 vir no futuro<\/strong>.[\/vc_column_text][vc_empty_space height=&#8221;80px&#8221;][vc_single_image img_size=&#8221;medium&#8221; alignment=&#8221;center&#8221; image=&#8221;14952&#8243;][vc_empty_space height=&#8221;100px&#8221;][vc_row_inner][vc_column_inner][wyde_heading style=&#8221;2&#8243; text_align=&#8221;center&#8221; title=&#8221;Recomenda\u00e7\u00f5es para poupar energia&#8221;][vc_column_text]Embora seja um apag\u00e3o hipot\u00e9tico, \u00e9 prefer\u00edvel prevenir e estar preparado. Como? Por um lado, \u00e9 aconselh\u00e1vel tentar <strong>utilizar menos electricidade<\/strong>, reduzindo assim a probabilidade de sofrer um apag\u00e3o em Espanha, embora a rede el\u00e9ctrica da pen\u00ednsula seja uma das mais seguras do mundo. Para tal, podemos <strong>reduzir a temperatura de aquecimento para 20\u00b0C<\/strong>, cada grau menos de temperatura \u00e9 uma poupan\u00e7a de energia de 10%.<\/p>\n<p>Tamb\u00e9m \u00e9 \u00fatil utilizar term\u00f3statos, <strong>vedar janelas e portas para melhorar<\/strong> o isolamento e impedir a fuga de calor da casa para o exterior. Outra recomenda\u00e7\u00e3o \u00e9 a limpeza dos filtros das caldeiras e a utiliza\u00e7\u00e3o de aparelhos el\u00e9ctricos nas faixas de tempo com o menor consumo de energia.[\/vc_column_text][\/vc_column_inner][\/vc_row_inner][vc_empty_space height=&#8221;100px&#8221;][\/vc_column][\/vc_row][vc_row][vc_column width=&#8221;3\/4&#8243;][wyde_action_box style=&#8221;outline round&#8221; title=&#8221;Descubra os nossos produtos solares&#8221; button_text=&#8221;Ver produtos solares&#8221; link=&#8221;url:https%3A%2F%2Farteconfort.com%2Fpt-pt%2Fsolar%2F|||&#8221; color=&#8221;#61b4e4&#8243; bg_color=&#8221;#f5f5f5&#8243; css=&#8221;.vc_custom_1636031029966{background-color: #f5f5f5 !important;}&#8221;]Veja o nosso cat\u00e1logo de produtos solares e ilumine as suas \u00e1reas exteriores sem a necessidade de electricidade da rede el\u00e9ctrica.[\/wyde_action_box][\/vc_column][vc_column width=&#8221;1\/4&#8243;][vc_single_image img_size=&#8221;medium&#8221; style=&#8221;circle&#8221; image=&#8221;9808&#8243;][\/vc_column][\/vc_row]<\/p>\n<\/div>","protected":false},"excerpt":{"rendered":"<p>[vc_row][vc_column][vc_column_text]Parece que nos \u00faltimos anos temos estado imersos num filme de fic\u00e7\u00e3o, no mais puro estilo Mad Max. No meio de uma crise sanit\u00e1ria, do aumento dos pre\u00e7os da electricidade e das mat\u00e9rias-primas e da escassez de oferta, a Europa alerta para um poss\u00edvel apag\u00e3o, ou seja, um apag\u00e3o generalizado que ir\u00e1 afectar toda a [&hellip;]<\/p>\n","protected":false},"author":1,"featured_media":14934,"comment_status":"closed","ping_status":"open","sticky":false,"template":"","format":"standard","meta":{"footnotes":""},"categories":[388,314],"tags":[],"class_list":["post-14968","post","type-post","status-publish","format-standard","has-post-thumbnail","hentry","category-guias-solar-pt-pt","category-iluminacion-solar-exterior-pt-pt"],"yoast_head":"<!-- This site is optimized with the Yoast SEO plugin v26.5 - https:\/\/yoast.com\/wordpress\/plugins\/seo\/ -->\n<title>\u25b7 Ilumina\u00e7\u00e3o solar: um aliado face a um poss\u00edvel apag\u00e3o de energia global<\/title>\n<meta name=\"description\" content=\"Os produtos solares ocupam o centro do palco depois de a \u00c1ustria alertar para um poss\u00edvel apag\u00e3o el\u00e9ctrico global.\" \/>\n<meta name=\"robots\" content=\"index, follow, max-snippet:-1, max-image-preview:large, max-video-preview:-1\" \/>\n<link rel=\"canonical\" href=\"https:\/\/arteconfort.com\/pt-pt\/iluminacion-solar-exterior-pt-pt\/iluminacion-solar-aliada-apagon-electrico\/\" \/>\n<meta property=\"og:locale\" content=\"pt_PT\" \/>\n<meta property=\"og:type\" content=\"article\" \/>\n<meta property=\"og:title\" content=\"\u25b7 Ilumina\u00e7\u00e3o solar: um aliado face a um poss\u00edvel apag\u00e3o de energia global\" \/>\n<meta property=\"og:description\" content=\"Os produtos solares ocupam o centro do palco depois de a \u00c1ustria alertar para um poss\u00edvel apag\u00e3o el\u00e9ctrico global.\" \/>\n<meta property=\"og:url\" content=\"https:\/\/arteconfort.com\/pt-pt\/iluminacion-solar-exterior-pt-pt\/iluminacion-solar-aliada-apagon-electrico\/\" \/>\n<meta property=\"og:site_name\" content=\"Arteconfort\" \/>\n<meta property=\"article:published_time\" content=\"2021-11-04T11:40:30+00:00\" \/>\n<meta property=\"article:modified_time\" content=\"2021-11-10T13:06:21+00:00\" \/>\n<meta property=\"og:image\" content=\"https:\/\/arteconfort.com\/wp-content\/uploads\/2021\/11\/apagon.jpg\" \/>\n\t<meta property=\"og:image:width\" content=\"800\" \/>\n\t<meta property=\"og:image:height\" content=\"500\" \/>\n\t<meta property=\"og:image:type\" content=\"image\/jpeg\" \/>\n<meta name=\"author\" content=\"admin\" \/>\n<meta name=\"twitter:card\" content=\"summary_large_image\" \/>\n<meta name=\"twitter:label1\" content=\"Escrito por\" \/>\n\t<meta name=\"twitter:data1\" content=\"admin\" \/>\n\t<meta name=\"twitter:label2\" content=\"Tempo estimado de leitura\" \/>\n\t<meta name=\"twitter:data2\" content=\"4 minutos\" \/>\n<!-- \/ Yoast SEO plugin. -->","yoast_head_json":{"title":"\u25b7 Ilumina\u00e7\u00e3o solar: um aliado face a um poss\u00edvel apag\u00e3o de energia global","description":"Os produtos solares ocupam o centro do palco depois de a \u00c1ustria alertar para um poss\u00edvel apag\u00e3o el\u00e9ctrico global.","robots":{"index":"index","follow":"follow","max-snippet":"max-snippet:-1","max-image-preview":"max-image-preview:large","max-video-preview":"max-video-preview:-1"},"canonical":"https:\/\/arteconfort.com\/pt-pt\/iluminacion-solar-exterior-pt-pt\/iluminacion-solar-aliada-apagon-electrico\/","og_locale":"pt_PT","og_type":"article","og_title":"\u25b7 Ilumina\u00e7\u00e3o solar: um aliado face a um poss\u00edvel apag\u00e3o de energia global","og_description":"Os produtos solares ocupam o centro do palco depois de a \u00c1ustria alertar para um poss\u00edvel apag\u00e3o el\u00e9ctrico global.","og_url":"https:\/\/arteconfort.com\/pt-pt\/iluminacion-solar-exterior-pt-pt\/iluminacion-solar-aliada-apagon-electrico\/","og_site_name":"Arteconfort","article_published_time":"2021-11-04T11:40:30+00:00","article_modified_time":"2021-11-10T13:06:21+00:00","og_image":[{"width":800,"height":500,"url":"https:\/\/arteconfort.com\/wp-content\/uploads\/2021\/11\/apagon.jpg","type":"image\/jpeg"}],"author":"admin","twitter_card":"summary_large_image","twitter_misc":{"Escrito por":"admin","Tempo estimado de leitura":"4 minutos"},"schema":{"@context":"https:\/\/schema.org","@graph":[{"@type":"Article","@id":"https:\/\/arteconfort.com\/pt-pt\/iluminacion-solar-exterior-pt-pt\/iluminacion-solar-aliada-apagon-electrico\/#article","isPartOf":{"@id":"https:\/\/arteconfort.com\/pt-pt\/iluminacion-solar-exterior-pt-pt\/iluminacion-solar-aliada-apagon-electrico\/"},"author":{"name":"admin","@id":"https:\/\/arteconfort.com\/pt-pt\/#\/schema\/person\/12aac2f47430580713e1f2cf74753f81"},"headline":"Ilumina\u00e7\u00e3o solar: um aliado face a um poss\u00edvel apag\u00e3o de energia global","datePublished":"2021-11-04T11:40:30+00:00","dateModified":"2021-11-10T13:06:21+00:00","mainEntityOfPage":{"@id":"https:\/\/arteconfort.com\/pt-pt\/iluminacion-solar-exterior-pt-pt\/iluminacion-solar-aliada-apagon-electrico\/"},"wordCount":800,"publisher":{"@id":"https:\/\/arteconfort.com\/pt-pt\/#organization"},"image":{"@id":"https:\/\/arteconfort.com\/pt-pt\/iluminacion-solar-exterior-pt-pt\/iluminacion-solar-aliada-apagon-electrico\/#primaryimage"},"thumbnailUrl":"https:\/\/arteconfort.com\/wp-content\/uploads\/2021\/11\/apagon.jpg","articleSection":["Gu\u00edas de iluminaci\u00f3n solar","Iluminaci\u00f3n solar exterior"],"inLanguage":"pt-PT"},{"@type":"WebPage","@id":"https:\/\/arteconfort.com\/pt-pt\/iluminacion-solar-exterior-pt-pt\/iluminacion-solar-aliada-apagon-electrico\/","url":"https:\/\/arteconfort.com\/pt-pt\/iluminacion-solar-exterior-pt-pt\/iluminacion-solar-aliada-apagon-electrico\/","name":"\u25b7 Ilumina\u00e7\u00e3o solar: um aliado face a um poss\u00edvel apag\u00e3o de energia global","isPartOf":{"@id":"https:\/\/arteconfort.com\/pt-pt\/#website"},"primaryImageOfPage":{"@id":"https:\/\/arteconfort.com\/pt-pt\/iluminacion-solar-exterior-pt-pt\/iluminacion-solar-aliada-apagon-electrico\/#primaryimage"},"image":{"@id":"https:\/\/arteconfort.com\/pt-pt\/iluminacion-solar-exterior-pt-pt\/iluminacion-solar-aliada-apagon-electrico\/#primaryimage"},"thumbnailUrl":"https:\/\/arteconfort.com\/wp-content\/uploads\/2021\/11\/apagon.jpg","datePublished":"2021-11-04T11:40:30+00:00","dateModified":"2021-11-10T13:06:21+00:00","description":"Os produtos solares ocupam o centro do palco depois de a \u00c1ustria alertar para um poss\u00edvel apag\u00e3o el\u00e9ctrico global.","breadcrumb":{"@id":"https:\/\/arteconfort.com\/pt-pt\/iluminacion-solar-exterior-pt-pt\/iluminacion-solar-aliada-apagon-electrico\/#breadcrumb"},"inLanguage":"pt-PT","potentialAction":[{"@type":"ReadAction","target":["https:\/\/arteconfort.com\/pt-pt\/iluminacion-solar-exterior-pt-pt\/iluminacion-solar-aliada-apagon-electrico\/"]}]},{"@type":"ImageObject","inLanguage":"pt-PT","@id":"https:\/\/arteconfort.com\/pt-pt\/iluminacion-solar-exterior-pt-pt\/iluminacion-solar-aliada-apagon-electrico\/#primaryimage","url":"https:\/\/arteconfort.com\/wp-content\/uploads\/2021\/11\/apagon.jpg","contentUrl":"https:\/\/arteconfort.com\/wp-content\/uploads\/2021\/11\/apagon.jpg","width":800,"height":500,"caption":"La Tierra iluminada desde la distancia"},{"@type":"BreadcrumbList","@id":"https:\/\/arteconfort.com\/pt-pt\/iluminacion-solar-exterior-pt-pt\/iluminacion-solar-aliada-apagon-electrico\/#breadcrumb","itemListElement":[{"@type":"ListItem","position":1,"name":"Inicio","item":"https:\/\/arteconfort.com\/pt-pt\/"},{"@type":"ListItem","position":2,"name":"Iluminaci\u00f3n solar exterior","item":"https:\/\/arteconfort.com\/pt-pt\/iluminacion-solar-exterior-pt-pt\/"},{"@type":"ListItem","position":3,"name":"Ilumina\u00e7\u00e3o solar: um aliado face a um poss\u00edvel apag\u00e3o de energia global"}]},{"@type":"WebSite","@id":"https:\/\/arteconfort.com\/pt-pt\/#website","url":"https:\/\/arteconfort.com\/pt-pt\/","name":"Arteconfort","description":"Especialistas en productos del hogar","publisher":{"@id":"https:\/\/arteconfort.com\/pt-pt\/#organization"},"potentialAction":[{"@type":"SearchAction","target":{"@type":"EntryPoint","urlTemplate":"https:\/\/arteconfort.com\/pt-pt\/?s={search_term_string}"},"query-input":{"@type":"PropertyValueSpecification","valueRequired":true,"valueName":"search_term_string"}}],"inLanguage":"pt-PT"},{"@type":"Organization","@id":"https:\/\/arteconfort.com\/pt-pt\/#organization","name":"Arteconfort","url":"https:\/\/arteconfort.com\/pt-pt\/","logo":{"@type":"ImageObject","inLanguage":"pt-PT","@id":"https:\/\/arteconfort.com\/pt-pt\/#\/schema\/logo\/image\/","url":"https:\/\/arteconfort.com\/wp-content\/uploads\/2019\/07\/logo-arteconfort.png","contentUrl":"https:\/\/arteconfort.com\/wp-content\/uploads\/2019\/07\/logo-arteconfort.png","width":230,"height":88,"caption":"Arteconfort"},"image":{"@id":"https:\/\/arteconfort.com\/pt-pt\/#\/schema\/logo\/image\/"}},{"@type":"Person","@id":"https:\/\/arteconfort.com\/pt-pt\/#\/schema\/person\/12aac2f47430580713e1f2cf74753f81","name":"admin"}]}},"_links":{"self":[{"href":"https:\/\/arteconfort.com\/pt-pt\/wp-json\/wp\/v2\/posts\/14968","targetHints":{"allow":["GET"]}}],"collection":[{"href":"https:\/\/arteconfort.com\/pt-pt\/wp-json\/wp\/v2\/posts"}],"about":[{"href":"https:\/\/arteconfort.com\/pt-pt\/wp-json\/wp\/v2\/types\/post"}],"author":[{"embeddable":true,"href":"https:\/\/arteconfort.com\/pt-pt\/wp-json\/wp\/v2\/users\/1"}],"replies":[{"embeddable":true,"href":"https:\/\/arteconfort.com\/pt-pt\/wp-json\/wp\/v2\/comments?post=14968"}],"version-history":[{"count":0,"href":"https:\/\/arteconfort.com\/pt-pt\/wp-json\/wp\/v2\/posts\/14968\/revisions"}],"wp:featuredmedia":[{"embeddable":true,"href":"https:\/\/arteconfort.com\/pt-pt\/wp-json\/wp\/v2\/media\/14934"}],"wp:attachment":[{"href":"https:\/\/arteconfort.com\/pt-pt\/wp-json\/wp\/v2\/media?parent=14968"}],"wp:term":[{"taxonomy":"category","embeddable":true,"href":"https:\/\/arteconfort.com\/pt-pt\/wp-json\/wp\/v2\/categories?post=14968"},{"taxonomy":"post_tag","embeddable":true,"href":"https:\/\/arteconfort.com\/pt-pt\/wp-json\/wp\/v2\/tags?post=14968"}],"curies":[{"name":"wp","href":"https:\/\/api.w.org\/{rel}","templated":true}]}}